{"id":9984,"date":"2025-05-23T09:21:15","date_gmt":"2025-05-23T08:21:15","guid":{"rendered":"https:\/\/kfv-mol.de\/Wordpress\/?p=9984"},"modified":"2025-05-26T14:35:09","modified_gmt":"2025-05-26T13:35:09","slug":"leistungsabzeichen-nach-fwdv-3","status":"publish","type":"post","link":"https:\/\/kfv-mol.de\/Wordpress\/Artikel\/leistungsabzeichen-nach-fwdv-3\/","title":{"rendered":"Leistungsabzeichen FwDV 3"},"content":{"rendered":"\n<p>Am Dienstag, den 20. Mai 2025 haben sich Kameraden der Ortsfeuerwehr Petershagen und der L\u00f6schgruppe Bruchm\u00fchle den Anforderungen des Leistungsabzeichen nach FwDV 3 des <a href=\"https:\/\/www.facebook.com\/lfv.bb?__cft__%5b0%5d=AZVMa3qx-y1fy0EYHJGBdCAGDa4VyTbR8viLi2MmWHFeH9LrZskUgpGu-Ln_x7y8AVRZViJXIERhssUmiBWcMCaLqmfY-n9VwPqhbZstkawkBZqNb7d1jB2LOTsUqn5VkrUEEoqJ4u_85N5t02Hi_rsVwFAsMBqC48p1_o1b_FDhQhx0Be-rK9dip_GtxfDLCkAXyfyC9vUk-B4odRboNSC3&amp;__tn__=-%5dK-R\">Landesfeuerwehrverbandes Brandenburg e. V.<\/a> gestellt. Die FF Petershagen wurde dabei von einem Kameraden aus Pr\u00f6tzel erg\u00e4nzt.<\/p>\n\n\n\n<p>Die Abnahme wurde vom ehemaligen Vorsitzenden und Ehrenmitglied des KFV Hans-Dieter Kandzia durchgef\u00fchrt.<\/p>\n\n\n\n<p>Beide Gruppen haben alle 4 Abnahmeteile<\/p>\n\n\n\n<p>&#8211; feuerwehrtechnischer Teil (L\u00f6schangriff in max. 4 Min.)<\/p>\n\n\n\n<p>&#8211; sportlicher Teil (Staffellauf in max. 5 Min.)<\/p>\n\n\n\n<p>&#8211; 3 Knoten innerhalb 45 sec.<\/p>\n\n\n\n<p>&#8211; theoretischer Teil (3 Fragen innerhalb 4 Min.)<\/p>\n\n\n\n<p>in der geforderten Zeit und nur mit wenigen erlaubten Fehlern erfolgreich bestanden.<\/p>\n\n\n\n<p>Damit wurden die Bedingungen f\u00fcr das Abzeichen in Bronze bzw. Silber erf\u00fcllt.<\/p>\n\n\n\n<figure class=\"wp-block-gallery has-nested-images columns-default is-cropped wp-block-gallery-1 is-layout-flex wp-block-gallery-is-layout-flex\">\n<figure class=\"wp-block-image size-large\"><img decoding=\"async\" width=\"1024\" height=\"768\" data-id=\"9994\" data-src=\"https:\/\/kfv-mol.de\/Wordpress\/wp-content\/uploads\/2025\/05\/20250520_202000_001-1024x768.jpg\" alt=\"\" class=\"wp-image-9994 lazyload\" data-srcset=\"https:\/\/kfv-mol.de\/Wordpress\/wp-content\/uploads\/2025\/05\/20250520_202000_001-1024x768.jpg 1024w, https:\/\/kfv-mol.de\/Wordpress\/wp-content\/uploads\/2025\/05\/20250520_202000_001-300x225.jpg 300w, https:\/\/kfv-mol.de\/Wordpress\/wp-content\/uploads\/2025\/05\/20250520_202000_001-768x576.jpg 768w, https:\/\/kfv-mol.de\/Wordpress\/wp-content\/uploads\/2025\/05\/20250520_202000_001-1536x1152.jpg 1536w, https:\/\/kfv-mol.de\/Wordpress\/wp-content\/uploads\/2025\/05\/20250520_202000_001-2048x1536.jpg 2048w\" data-sizes=\"(max-width: 1024px) 100vw, 1024px\" src=\"data:image\/svg+xml;base64,PHN2ZyB3aWR0aD0iMSIgaGVpZ2h0PSIxIiB4bWxucz0iaHR0cDovL3d3dy53My5vcmcvMjAwMC9zdmciPjwvc3ZnPg==\" style=\"--smush-placeholder-width: 1024px; --smush-placeholder-aspect-ratio: 1024\/768;\" \/><figcaption class=\"wp-element-caption\">LG Bruchm\u00fchle<\/figcaption><\/figure>\n\n\n\n<figure class=\"wp-block-image size-large\"><img decoding=\"async\" width=\"1024\" height=\"768\" data-id=\"9995\" data-src=\"https:\/\/kfv-mol.de\/Wordpress\/wp-content\/uploads\/2025\/05\/20250520_203808_001-1024x768.jpg\" alt=\"\" class=\"wp-image-9995 lazyload\" data-srcset=\"https:\/\/kfv-mol.de\/Wordpress\/wp-content\/uploads\/2025\/05\/20250520_203808_001-1024x768.jpg 1024w, https:\/\/kfv-mol.de\/Wordpress\/wp-content\/uploads\/2025\/05\/20250520_203808_001-300x225.jpg 300w, https:\/\/kfv-mol.de\/Wordpress\/wp-content\/uploads\/2025\/05\/20250520_203808_001-768x576.jpg 768w, https:\/\/kfv-mol.de\/Wordpress\/wp-content\/uploads\/2025\/05\/20250520_203808_001-1536x1152.jpg 1536w, https:\/\/kfv-mol.de\/Wordpress\/wp-content\/uploads\/2025\/05\/20250520_203808_001-2048x1536.jpg 2048w\" data-sizes=\"(max-width: 1024px) 100vw, 1024px\" src=\"data:image\/svg+xml;base64,PHN2ZyB3aWR0aD0iMSIgaGVpZ2h0PSIxIiB4bWxucz0iaHR0cDovL3d3dy53My5vcmcvMjAwMC9zdmciPjwvc3ZnPg==\" style=\"--smush-placeholder-width: 1024px; --smush-placeholder-aspect-ratio: 1024\/768;\" \/><figcaption class=\"wp-element-caption\">FF Petershagen<\/figcaption><\/figure>\n\n\n\n<figure class=\"wp-block-image size-large\"><img decoding=\"async\" width=\"756\" height=\"524\" data-id=\"9988\" data-src=\"https:\/\/kfv-mol.de\/Wordpress\/wp-content\/uploads\/2025\/05\/IMG-20250520-WA0001.jpg\" alt=\"\" class=\"wp-image-9988 lazyload\" data-srcset=\"https:\/\/kfv-mol.de\/Wordpress\/wp-content\/uploads\/2025\/05\/IMG-20250520-WA0001.jpg 756w, https:\/\/kfv-mol.de\/Wordpress\/wp-content\/uploads\/2025\/05\/IMG-20250520-WA0001-300x208.jpg 300w\" data-sizes=\"(max-width: 756px) 100vw, 756px\" src=\"data:image\/svg+xml;base64,PHN2ZyB3aWR0aD0iMSIgaGVpZ2h0PSIxIiB4bWxucz0iaHR0cDovL3d3dy53My5vcmcvMjAwMC9zdmciPjwvc3ZnPg==\" style=\"--smush-placeholder-width: 756px; --smush-placeholder-aspect-ratio: 756\/524;\" \/><\/figure>\n\n\n\n<figure class=\"wp-block-image size-large\"><img decoding=\"async\" width=\"743\" height=\"498\" data-id=\"9987\" data-src=\"https:\/\/kfv-mol.de\/Wordpress\/wp-content\/uploads\/2025\/05\/IMG-20250520-WA0003.jpg\" alt=\"\" class=\"wp-image-9987 lazyload\" data-srcset=\"https:\/\/kfv-mol.de\/Wordpress\/wp-content\/uploads\/2025\/05\/IMG-20250520-WA0003.jpg 743w, https:\/\/kfv-mol.de\/Wordpress\/wp-content\/uploads\/2025\/05\/IMG-20250520-WA0003-300x201.jpg 300w\" data-sizes=\"(max-width: 743px) 100vw, 743px\" src=\"data:image\/svg+xml;base64,PHN2ZyB3aWR0aD0iMSIgaGVpZ2h0PSIxIiB4bWxucz0iaHR0cDovL3d3dy53My5vcmcvMjAwMC9zdmciPjwvc3ZnPg==\" style=\"--smush-placeholder-width: 743px; --smush-placeholder-aspect-ratio: 743\/498;\" \/><\/figure>\n\n\n\n<figure class=\"wp-block-image size-large\"><img decoding=\"async\" width=\"1024\" height=\"813\" data-id=\"9993\" data-src=\"https:\/\/kfv-mol.de\/Wordpress\/wp-content\/uploads\/2025\/05\/IMG-20250520-WA0020-1024x813.jpg\" alt=\"\" class=\"wp-image-9993 lazyload\" data-srcset=\"https:\/\/kfv-mol.de\/Wordpress\/wp-content\/uploads\/2025\/05\/IMG-20250520-WA0020-1024x813.jpg 1024w, https:\/\/kfv-mol.de\/Wordpress\/wp-content\/uploads\/2025\/05\/IMG-20250520-WA0020-300x238.jpg 300w, https:\/\/kfv-mol.de\/Wordpress\/wp-content\/uploads\/2025\/05\/IMG-20250520-WA0020-768x610.jpg 768w, https:\/\/kfv-mol.de\/Wordpress\/wp-content\/uploads\/2025\/05\/IMG-20250520-WA0020.jpg 1404w\" data-sizes=\"(max-width: 1024px) 100vw, 1024px\" src=\"data:image\/svg+xml;base64,PHN2ZyB3aWR0aD0iMSIgaGVpZ2h0PSIxIiB4bWxucz0iaHR0cDovL3d3dy53My5vcmcvMjAwMC9zdmciPjwvc3ZnPg==\" style=\"--smush-placeholder-width: 1024px; --smush-placeholder-aspect-ratio: 1024\/813;\" \/><\/figure>\n\n\n\n<figure class=\"wp-block-image size-large\"><img decoding=\"async\" width=\"1024\" height=\"710\" data-id=\"9992\" data-src=\"https:\/\/kfv-mol.de\/Wordpress\/wp-content\/uploads\/2025\/05\/IMG-20250520-WA0031-1024x710.jpg\" alt=\"\" class=\"wp-image-9992 lazyload\" data-srcset=\"https:\/\/kfv-mol.de\/Wordpress\/wp-content\/uploads\/2025\/05\/IMG-20250520-WA0031-1024x710.jpg 1024w, https:\/\/kfv-mol.de\/Wordpress\/wp-content\/uploads\/2025\/05\/IMG-20250520-WA0031-300x208.jpg 300w, https:\/\/kfv-mol.de\/Wordpress\/wp-content\/uploads\/2025\/05\/IMG-20250520-WA0031-768x532.jpg 768w, https:\/\/kfv-mol.de\/Wordpress\/wp-content\/uploads\/2025\/05\/IMG-20250520-WA0031-1536x1065.jpg 1536w, https:\/\/kfv-mol.de\/Wordpress\/wp-content\/uploads\/2025\/05\/IMG-20250520-WA0031.jpg 1600w\" data-sizes=\"(max-width: 1024px) 100vw, 1024px\" src=\"data:image\/svg+xml;base64,PHN2ZyB3aWR0aD0iMSIgaGVpZ2h0PSIxIiB4bWxucz0iaHR0cDovL3d3dy53My5vcmcvMjAwMC9zdmciPjwvc3ZnPg==\" style=\"--smush-placeholder-width: 1024px; --smush-placeholder-aspect-ratio: 1024\/710;\" \/><\/figure>\n\n\n\n<figure class=\"wp-block-image size-large\"><img decoding=\"async\" width=\"577\" height=\"1024\" data-id=\"9989\" data-src=\"https:\/\/kfv-mol.de\/Wordpress\/wp-content\/uploads\/2025\/05\/IMG-20250521-WA0017-577x1024.jpg\" alt=\"\" class=\"wp-image-9989 lazyload\" data-srcset=\"https:\/\/kfv-mol.de\/Wordpress\/wp-content\/uploads\/2025\/05\/IMG-20250521-WA0017-577x1024.jpg 577w, https:\/\/kfv-mol.de\/Wordpress\/wp-content\/uploads\/2025\/05\/IMG-20250521-WA0017-169x300.jpg 169w, https:\/\/kfv-mol.de\/Wordpress\/wp-content\/uploads\/2025\/05\/IMG-20250521-WA0017-768x1364.jpg 768w, https:\/\/kfv-mol.de\/Wordpress\/wp-content\/uploads\/2025\/05\/IMG-20250521-WA0017-865x1536.jpg 865w, https:\/\/kfv-mol.de\/Wordpress\/wp-content\/uploads\/2025\/05\/IMG-20250521-WA0017.jpg 901w\" data-sizes=\"(max-width: 577px) 100vw, 577px\" src=\"data:image\/svg+xml;base64,PHN2ZyB3aWR0aD0iMSIgaGVpZ2h0PSIxIiB4bWxucz0iaHR0cDovL3d3dy53My5vcmcvMjAwMC9zdmciPjwvc3ZnPg==\" style=\"--smush-placeholder-width: 577px; --smush-placeholder-aspect-ratio: 577\/1024;\" \/><\/figure>\n\n\n\n<figure class=\"wp-block-image size-large\"><img decoding=\"async\" width=\"705\" height=\"1024\" data-id=\"9991\" data-src=\"https:\/\/kfv-mol.de\/Wordpress\/wp-content\/uploads\/2025\/05\/IMG-20250521-WA0023-705x1024.jpg\" alt=\"\" class=\"wp-image-9991 lazyload\" data-srcset=\"https:\/\/kfv-mol.de\/Wordpress\/wp-content\/uploads\/2025\/05\/IMG-20250521-WA0023-705x1024.jpg 705w, https:\/\/kfv-mol.de\/Wordpress\/wp-content\/uploads\/2025\/05\/IMG-20250521-WA0023-207x300.jpg 207w, https:\/\/kfv-mol.de\/Wordpress\/wp-content\/uploads\/2025\/05\/IMG-20250521-WA0023-768x1115.jpg 768w, https:\/\/kfv-mol.de\/Wordpress\/wp-content\/uploads\/2025\/05\/IMG-20250521-WA0023-1058x1536.jpg 1058w, https:\/\/kfv-mol.de\/Wordpress\/wp-content\/uploads\/2025\/05\/IMG-20250521-WA0023.jpg 1102w\" data-sizes=\"(max-width: 705px) 100vw, 705px\" src=\"data:image\/svg+xml;base64,PHN2ZyB3aWR0aD0iMSIgaGVpZ2h0PSIxIiB4bWxucz0iaHR0cDovL3d3dy53My5vcmcvMjAwMC9zdmciPjwvc3ZnPg==\" style=\"--smush-placeholder-width: 705px; --smush-placeholder-aspect-ratio: 705\/1024;\" \/><\/figure>\n\n\n\n<figure class=\"wp-block-image size-large\"><img decoding=\"async\" width=\"1024\" height=\"577\" data-id=\"9990\" data-src=\"https:\/\/kfv-mol.de\/Wordpress\/wp-content\/uploads\/2025\/05\/IMG-20250521-WA0029-1024x577.jpg\" alt=\"\" class=\"wp-image-9990 lazyload\" data-srcset=\"https:\/\/kfv-mol.de\/Wordpress\/wp-content\/uploads\/2025\/05\/IMG-20250521-WA0029-1024x577.jpg 1024w, https:\/\/kfv-mol.de\/Wordpress\/wp-content\/uploads\/2025\/05\/IMG-20250521-WA0029-300x169.jpg 300w, https:\/\/kfv-mol.de\/Wordpress\/wp-content\/uploads\/2025\/05\/IMG-20250521-WA0029-768x432.jpg 768w, https:\/\/kfv-mol.de\/Wordpress\/wp-content\/uploads\/2025\/05\/IMG-20250521-WA0029-1536x865.jpg 1536w, https:\/\/kfv-mol.de\/Wordpress\/wp-content\/uploads\/2025\/05\/IMG-20250521-WA0029.jpg 1600w\" data-sizes=\"(max-width: 1024px) 100vw, 1024px\" src=\"data:image\/svg+xml;base64,PHN2ZyB3aWR0aD0iMSIgaGVpZ2h0PSIxIiB4bWxucz0iaHR0cDovL3d3dy53My5vcmcvMjAwMC9zdmciPjwvc3ZnPg==\" style=\"--smush-placeholder-width: 1024px; --smush-placeholder-aspect-ratio: 1024\/577;\" \/><\/figure>\n<\/figure>\n","protected":false},"excerpt":{"rendered":"<p>Am Dienstag, den 20. Mai 2025 haben sich Kameraden der Ortsfeuerwehr Petershagen und der L\u00f6schgruppe Bruchm\u00fchle den Anforderungen des Leistungsabzeichen nach FwDV 3 des Landesfeuerwehrverbandes Brandenburg e. V. gestellt. Die FF Petershagen wurde dabei von einem Kameraden aus Pr\u00f6tzel erg\u00e4nzt. Die Abnahme wurde vom ehemaligen Vorsitzenden und Ehrenmitglied des KFV Hans-Dieter Kandzia durchgef\u00fchrt. Beide Gruppen [&hellip;]<\/p>\n","protected":false},"author":3,"featured_media":9986,"comment_status":"closed","ping_status":"closed","sticky":false,"template":"","format":"standard","meta":{"footnotes":""},"categories":[4],"tags":[],"class_list":["post-9984","post","type-post","status-publish","format-standard","has-post-thumbnail","hentry","category-kreisfeuerwehrverband"],"_links":{"self":[{"href":"https:\/\/kfv-mol.de\/Wordpress\/wp-json\/wp\/v2\/posts\/9984","targetHints":{"allow":["GET"]}}],"collection":[{"href":"https:\/\/kfv-mol.de\/Wordpress\/wp-json\/wp\/v2\/posts"}],"about":[{"href":"https:\/\/kfv-mol.de\/Wordpress\/wp-json\/wp\/v2\/types\/post"}],"author":[{"embeddable":true,"href":"https:\/\/kfv-mol.de\/Wordpress\/wp-json\/wp\/v2\/users\/3"}],"replies":[{"embeddable":true,"href":"https:\/\/kfv-mol.de\/Wordpress\/wp-json\/wp\/v2\/comments?post=9984"}],"version-history":[{"count":0,"href":"https:\/\/kfv-mol.de\/Wordpress\/wp-json\/wp\/v2\/posts\/9984\/revisions"}],"wp:featuredmedia":[{"embeddable":true,"href":"https:\/\/kfv-mol.de\/Wordpress\/wp-json\/wp\/v2\/media\/9986"}],"wp:attachment":[{"href":"https:\/\/kfv-mol.de\/Wordpress\/wp-json\/wp\/v2\/media?parent=9984"}],"wp:term":[{"taxonomy":"category","embeddable":true,"href":"https:\/\/kfv-mol.de\/Wordpress\/wp-json\/wp\/v2\/categories?post=9984"},{"taxonomy":"post_tag","embeddable":true,"href":"https:\/\/kfv-mol.de\/Wordpress\/wp-json\/wp\/v2\/tags?post=9984"}],"curies":[{"name":"wp","href":"https:\/\/api.w.org\/{rel}","templated":true}]}}