{"id":9941,"date":"2025-05-22T09:37:05","date_gmt":"2025-05-22T08:37:05","guid":{"rendered":"https:\/\/kfv-mol.de\/Wordpress\/?p=9941"},"modified":"2025-05-22T09:39:07","modified_gmt":"2025-05-22T08:39:07","slug":"hexenpokal-in-zechin","status":"publish","type":"post","link":"https:\/\/kfv-mol.de\/Wordpress\/Artikel\/hexenpokal-in-zechin\/","title":{"rendered":"Hexenpokal in Zechin"},"content":{"rendered":"\n<p>Am 1. Mai wurde die Feuerwehrsport-Saison f\u00fcr die Disziplin \u201eL\u00f6schangriff\u201c in Zechin (MOL) er\u00f6ffnet. Der Einladung zum feiert\u00e4glichen Hexen-Pokallauf im Anschluss an die Walpurgisnacht folgten Mannschaften aus Brandenburg und Mecklenburg-Vorpommern (M-V). Es wurden Wertungsl\u00e4ufe sowohl mit Pumpe nach DIN-Bauart als auch mit Pumpe nach TGL-Bauart absolviert.<\/p>\n\n\n\n<p>In der DIN-Wertung siegte bei den Frauen Libbenichen vor Genschmar (beide MOL) und Murchin (M-V); bei den M\u00e4nnern Genschmar (MOL) vor Gro\u00df Muckrow und Heinersdorf (beide LOS). In der TGL-Wertung hatte bei den Frauen ebenfalls die Mannschaft aus Libbenichen (MOL) die Nase vorn und siegte vor Murchin (M-V) und Genschmar (MOL). Bei den M\u00e4nnern siegte in der TGL-Wertung ebenfalls Genschmar (MOL) vor Murchin (M-V) und Heinersdorf (LOS).<\/p>\n\n\n\n<p>Im Wettkampfgericht unter der Leitung von Kamerad Thomas Lind konnten dar\u00fcber hinaus neue Kampfrichter begr\u00fc\u00dft werden, die in den vergangenen beiden Jahren die Ausbildung auf Landesebene erfolgreich absolvierten und somit in diesem Bereich einen Beitrag zur Verj\u00fcngung entgegen des demographischen Wandels zu leisten bereit sind.<\/p>\n\n\n\n<p>Ein Danke sch\u00f6n geht an die Kameraden aus Zechin f\u00fcr die erstmalige Initiative zur Ausrichtung einer eigenen Feuerwehrsportveranstaltung. Als n\u00e4chster Termin steht f\u00fcr viele Mannschaften im Kalender der 17. Mai, in Kittlitz (OSL) an, bei dem die drei Landes-L\u00f6schangriff-Serien \u201eJugend-Brandenburg-Cup\u201c, \u201eBrandenburger 4-Bahnen-Pokal\u201c und \u201eBrandenburg-Cup\u201c in die 2025er Saison starten.<\/p>\n\n\n\n<p>Text und Bilder: Dr. Richard M\u00fcnder<\/p>\n\n\n\n<figure class=\"wp-block-gallery has-nested-images columns-default is-cropped wp-block-gallery-1 is-layout-flex wp-block-gallery-is-layout-flex\">\n<figure class=\"wp-block-image size-large\"><img decoding=\"async\" width=\"1024\" height=\"853\" data-id=\"9942\" data-src=\"https:\/\/kfv-mol.de\/Wordpress\/wp-content\/uploads\/2025\/05\/04_I-1024x853-1.jpg\" alt=\"\" class=\"wp-image-9942 lazyload\" data-srcset=\"https:\/\/kfv-mol.de\/Wordpress\/wp-content\/uploads\/2025\/05\/04_I-1024x853-1.jpg 1024w, https:\/\/kfv-mol.de\/Wordpress\/wp-content\/uploads\/2025\/05\/04_I-1024x853-1-300x250.jpg 300w, https:\/\/kfv-mol.de\/Wordpress\/wp-content\/uploads\/2025\/05\/04_I-1024x853-1-768x640.jpg 768w\" data-sizes=\"(max-width: 1024px) 100vw, 1024px\" src=\"data:image\/svg+xml;base64,PHN2ZyB3aWR0aD0iMSIgaGVpZ2h0PSIxIiB4bWxucz0iaHR0cDovL3d3dy53My5vcmcvMjAwMC9zdmciPjwvc3ZnPg==\" style=\"--smush-placeholder-width: 1024px; --smush-placeholder-aspect-ratio: 1024\/853;\" \/><\/figure>\n\n\n\n<figure class=\"wp-block-image size-large\"><img decoding=\"async\" width=\"1024\" height=\"889\" data-id=\"9944\" data-src=\"https:\/\/kfv-mol.de\/Wordpress\/wp-content\/uploads\/2025\/05\/05_I-1024x889.jpg\" alt=\"\" class=\"wp-image-9944 lazyload\" data-srcset=\"https:\/\/kfv-mol.de\/Wordpress\/wp-content\/uploads\/2025\/05\/05_I-1024x889.jpg 1024w, https:\/\/kfv-mol.de\/Wordpress\/wp-content\/uploads\/2025\/05\/05_I-300x260.jpg 300w, https:\/\/kfv-mol.de\/Wordpress\/wp-content\/uploads\/2025\/05\/05_I-768x667.jpg 768w, https:\/\/kfv-mol.de\/Wordpress\/wp-content\/uploads\/2025\/05\/05_I.jpg 1500w\" data-sizes=\"(max-width: 1024px) 100vw, 1024px\" src=\"data:image\/svg+xml;base64,PHN2ZyB3aWR0aD0iMSIgaGVpZ2h0PSIxIiB4bWxucz0iaHR0cDovL3d3dy53My5vcmcvMjAwMC9zdmciPjwvc3ZnPg==\" style=\"--smush-placeholder-width: 1024px; --smush-placeholder-aspect-ratio: 1024\/889;\" \/><\/figure>\n\n\n\n<figure class=\"wp-block-image size-large\"><img decoding=\"async\" width=\"1024\" height=\"530\" data-id=\"9943\" data-src=\"https:\/\/kfv-mol.de\/Wordpress\/wp-content\/uploads\/2025\/05\/06_I-1024x530.jpg\" alt=\"\" class=\"wp-image-9943 lazyload\" data-srcset=\"https:\/\/kfv-mol.de\/Wordpress\/wp-content\/uploads\/2025\/05\/06_I-1024x530.jpg 1024w, https:\/\/kfv-mol.de\/Wordpress\/wp-content\/uploads\/2025\/05\/06_I-300x155.jpg 300w, https:\/\/kfv-mol.de\/Wordpress\/wp-content\/uploads\/2025\/05\/06_I-768x397.jpg 768w, https:\/\/kfv-mol.de\/Wordpress\/wp-content\/uploads\/2025\/05\/06_I.jpg 1500w\" data-sizes=\"(max-width: 1024px) 100vw, 1024px\" src=\"data:image\/svg+xml;base64,PHN2ZyB3aWR0aD0iMSIgaGVpZ2h0PSIxIiB4bWxucz0iaHR0cDovL3d3dy53My5vcmcvMjAwMC9zdmciPjwvc3ZnPg==\" style=\"--smush-placeholder-width: 1024px; --smush-placeholder-aspect-ratio: 1024\/530;\" \/><\/figure>\n<\/figure>\n","protected":false},"excerpt":{"rendered":"<p>Am 1. Mai wurde die Feuerwehrsport-Saison f\u00fcr die Disziplin \u201eL\u00f6schangriff\u201c in Zechin (MOL) er\u00f6ffnet. Der Einladung zum feiert\u00e4glichen Hexen-Pokallauf im Anschluss an die Walpurgisnacht folgten Mannschaften aus Brandenburg und Mecklenburg-Vorpommern (M-V). Es wurden Wertungsl\u00e4ufe sowohl mit Pumpe nach DIN-Bauart als auch mit Pumpe nach TGL-Bauart absolviert. In der DIN-Wertung siegte bei den Frauen Libbenichen vor [&hellip;]<\/p>\n","protected":false},"author":3,"featured_media":9945,"comment_status":"closed","ping_status":"closed","sticky":false,"template":"","format":"standard","meta":{"footnotes":""},"categories":[26],"tags":[],"class_list":["post-9941","post","type-post","status-publish","format-standard","has-post-thumbnail","hentry","category-feuerwehrsport"],"_links":{"self":[{"href":"https:\/\/kfv-mol.de\/Wordpress\/wp-json\/wp\/v2\/posts\/9941","targetHints":{"allow":["GET"]}}],"collection":[{"href":"https:\/\/kfv-mol.de\/Wordpress\/wp-json\/wp\/v2\/posts"}],"about":[{"href":"https:\/\/kfv-mol.de\/Wordpress\/wp-json\/wp\/v2\/types\/post"}],"author":[{"embeddable":true,"href":"https:\/\/kfv-mol.de\/Wordpress\/wp-json\/wp\/v2\/users\/3"}],"replies":[{"embeddable":true,"href":"https:\/\/kfv-mol.de\/Wordpress\/wp-json\/wp\/v2\/comments?post=9941"}],"version-history":[{"count":0,"href":"https:\/\/kfv-mol.de\/Wordpress\/wp-json\/wp\/v2\/posts\/9941\/revisions"}],"wp:featuredmedia":[{"embeddable":true,"href":"https:\/\/kfv-mol.de\/Wordpress\/wp-json\/wp\/v2\/media\/9945"}],"wp:attachment":[{"href":"https:\/\/kfv-mol.de\/Wordpress\/wp-json\/wp\/v2\/media?parent=9941"}],"wp:term":[{"taxonomy":"category","embeddable":true,"href":"https:\/\/kfv-mol.de\/Wordpress\/wp-json\/wp\/v2\/categories?post=9941"},{"taxonomy":"post_tag","embeddable":true,"href":"https:\/\/kfv-mol.de\/Wordpress\/wp-json\/wp\/v2\/tags?post=9941"}],"curies":[{"name":"wp","href":"https:\/\/api.w.org\/{rel}","templated":true}]}}