{"id":9933,"date":"2025-05-21T16:13:41","date_gmt":"2025-05-21T15:13:41","guid":{"rendered":"https:\/\/kfv-mol.de\/Wordpress\/?p=9933"},"modified":"2025-05-21T16:13:42","modified_gmt":"2025-05-21T15:13:42","slug":"wir-trauern","status":"publish","type":"post","link":"https:\/\/kfv-mol.de\/Wordpress\/Artikel\/wir-trauern\/","title":{"rendered":"Wir trauern"},"content":{"rendered":"\n<p>Der Kreisfeuerwehrverband M\u00e4rkisch-Oderland trauert um langj\u00e4hrige und verdiente Weggef\u00e4hrten und Kameraden und w\u00fcnscht deren Angeh\u00f6rigen und Freunden viel Zuversicht und und die Kraft die schwere Zeit des Abschieds zu bestehen.<\/p>\n","protected":false},"excerpt":{"rendered":"<p>Der Kreisfeuerwehrverband M\u00e4rkisch-Oderland trauert um langj\u00e4hrige und verdiente Weggef\u00e4hrten und Kameraden und w\u00fcnscht deren Angeh\u00f6rigen und Freunden viel Zuversicht und und die Kraft die schwere Zeit des Abschieds zu bestehen.<\/p>\n","protected":false},"author":3,"featured_media":9935,"comment_status":"closed","ping_status":"closed","sticky":false,"template":"","format":"standard","meta":{"footnotes":""},"categories":[4,18],"tags":[],"class_list":["post-9933","post","type-post","status-publish","format-standard","has-post-thumbnail","hentry","category-kreisfeuerwehrverband","category-trauerbekundung"],"_links":{"self":[{"href":"https:\/\/kfv-mol.de\/Wordpress\/wp-json\/wp\/v2\/posts\/9933","targetHints":{"allow":["GET"]}}],"collection":[{"href":"https:\/\/kfv-mol.de\/Wordpress\/wp-json\/wp\/v2\/posts"}],"about":[{"href":"https:\/\/kfv-mol.de\/Wordpress\/wp-json\/wp\/v2\/types\/post"}],"author":[{"embeddable":true,"href":"https:\/\/kfv-mol.de\/Wordpress\/wp-json\/wp\/v2\/users\/3"}],"replies":[{"embeddable":true,"href":"https:\/\/kfv-mol.de\/Wordpress\/wp-json\/wp\/v2\/comments?post=9933"}],"version-history":[{"count":0,"href":"https:\/\/kfv-mol.de\/Wordpress\/wp-json\/wp\/v2\/posts\/9933\/revisions"}],"wp:featuredmedia":[{"embeddable":true,"href":"https:\/\/kfv-mol.de\/Wordpress\/wp-json\/wp\/v2\/media\/9935"}],"wp:attachment":[{"href":"https:\/\/kfv-mol.de\/Wordpress\/wp-json\/wp\/v2\/media?parent=9933"}],"wp:term":[{"taxonomy":"category","embeddable":true,"href":"https:\/\/kfv-mol.de\/Wordpress\/wp-json\/wp\/v2\/categories?post=9933"},{"taxonomy":"post_tag","embeddable":true,"href":"https:\/\/kfv-mol.de\/Wordpress\/wp-json\/wp\/v2\/tags?post=9933"}],"curies":[{"name":"wp","href":"https:\/\/api.w.org\/{rel}","templated":true}]}}