{"id":9928,"date":"2025-05-21T15:56:01","date_gmt":"2025-05-21T14:56:01","guid":{"rendered":"https:\/\/kfv-mol.de\/Wordpress\/?p=9928"},"modified":"2025-06-19T14:05:11","modified_gmt":"2025-06-19T13:05:11","slug":"wir-sind-wieder-da","status":"publish","type":"post","link":"https:\/\/kfv-mol.de\/Wordpress\/Artikel\/wir-sind-wieder-da\/","title":{"rendered":"Wir sind wieder da!"},"content":{"rendered":"\n<p>Nach dem der Kreisfeuerwehrverband MOL auf diesem Medium einige Zeit ziemlich sprachlos war, melden wir uns zur\u00fcck, um unsere Mitglieder und Freunde \u00fcber aktuelle Sachst\u00e4nde zu informieren.<\/p>\n\n\n\n<p>Am 05. April 2025 fand eine au\u00dferordentliche Delegiertenversammlung des Kreisfeuerwehrverbandes statt, da mehrere Mitglieder des bisherigen Vorstandes nicht mehr im Verband aktiv sind bzw. von ihren Funktionen zur\u00fcckgetreten sind. Das sind der bisherige Vorsitzende Jens G\u00f6tze, sein Stellvertreter John-Paul Gansewendt, die Schatzmeisterin Mandy Strenzel, der Schriftf\u00fchrer J\u00fcrgen Mitchker und der Beisitzer Rene Niemecki.<\/p>\n\n\n\n<p>Der nunmehr verbleibende Vorstand bestehend aus den Kameraden Uwe Pranzner, Andreas Zwick, Bj\u00f6rn Sprecher (Kreisjugendwart), Sebastian Nestroy (Kreisbrandmeister) und dem Vertreter der Kreisverwaltung Martin Zohles, wurde beauftragt, bis sp\u00e4testens 31.03.2026 eine ordentliche Vorstandswahl vorzubereiten und durchzuf\u00fchren. Weiterhin wurde der noch bestehende Vorstand legitimiert, in der verringerten Anzahl an Mitgliedern weiterzuarbeiten, gleichwohl bekannt ist, dass dadurch nicht alle, vor allem repr\u00e4sentative Aufgaben, erf\u00fcllt werden k\u00f6nnen.<\/p>\n\n\n\n<p>Auf der ersten Vorstandssitzung in dieser Besetzung wurden nun die n\u00e4chsten Schritte besprochen, da der Verband auch weiterhin seine Aufgaben wahrnehmen soll. Dies auch vor dem Hintergrund, dass die Kreisjugendfeuerwehr ihr Kreiszeltlager in diesem Jahr durchf\u00fchrt und dieses nicht gef\u00e4hrdet werden soll. <\/p>\n\n\n\n<p>In den n\u00e4chsten Tagen wird es daher einen Notartermin geben, um die Vorstands\u00e4nderungen auch beim Amtsgericht registrieren zu lassen und die entsprechend notwendigen Anpassungen bei der Konto- und Kassenf\u00fchrung zu legitimieren. <\/p>\n\n\n\n<p><\/p>\n\n\n\n<p class=\"has-text-align-left\">Es wurde auch vereinbart, dass die Postanschrift des Verbandes zuk\u00fcnftig das FTZ in Strausberg: Kreisfeuerwehrverband MOL e.V., Garzauer Chaussee 1A, 15344 Strausberg                                            sein wird. Dies schlussfolgert sich auch aus der Tatsache, dass im zuk\u00fcnftigen FTZ ein B\u00fcro f\u00fcr den Kreisfeuerwehrverband vorgesehen ist. <\/p>\n\n\n\n<p>Mailnachrichten f\u00fcr den Kreisfeuerwehrverband sind vor\u00fcbergehend an\u00a0<a href=\"mailto:kreisbrandmeister@landklreismol.de\">kreisbrandmeister@landkreismol.de<\/a>\u00a0senden. F\u00fcr die Belange der Kreisjugendfeuerwehr ergeben sich keine \u00c4nderungen.<\/p>\n\n\n\n<p>In der Sitzung wurde weiterhin besprochen, dass der Kamerad Uwe Pranzner f\u00fcr alle Auszeichnungen verantwortlich sein wird. Auszeichnungsvorschl\u00e4ge oder R\u00fcckfragen dazu sind an<\/p>\n\n\n\n<div class=\"wp-block-group is-nowrap is-layout-flex wp-container-core-group-is-layout-ad2f72ca wp-block-group-is-layout-flex\">\n<p>Uwe Pranzner,<\/p>\n\n\n\n<p>Tel.: 0174-3636246, E-Mail: <a href=\"mailto:freebikerups@yahoo.de\">freebikerups@yahoo.de<\/a> zu senden.<\/p>\n<\/div>\n\n\n\n<p>Bez\u00fcglich einer notwendigen Satzungsanpassung, die auf der Delegiertenversammlung am 05.04.25 nicht beschlossen wurde, wurde vereinbart mit den Fachleuten im Verband \u00fcber m\u00f6gliche \u00c4nderungen zu sprechen und rechtzeitig auf alle Beteiligten zuzugehen. Das Amtsgericht teilte zun\u00e4chst mit, dass die im letzten Jahr erwirkte Satzungs\u00e4nderung nicht im Amtsgericht eingetragen wurde, da die \u00c4nderungen nicht zustimmungsf\u00e4hig f\u00fcr das Amtsgericht gewesen sind. Es gilt daher auch weiterhin die Satzung vom 06.11.2010.<\/p>\n\n\n\n<p><\/p>\n\n\n\n<p><\/p>\n","protected":false},"excerpt":{"rendered":"<p>Nach dem der Kreisfeuerwehrverband MOL auf diesem Medium einige Zeit ziemlich sprachlos war, melden wir uns zur\u00fcck, um unsere Mitglieder und Freunde \u00fcber aktuelle Sachst\u00e4nde zu informieren. Am 05. April 2025 fand eine au\u00dferordentliche Delegiertenversammlung des Kreisfeuerwehrverbandes statt, da mehrere Mitglieder des bisherigen Vorstandes nicht mehr im Verband aktiv sind bzw. von ihren Funktionen zur\u00fcckgetreten [&hellip;]<\/p>\n","protected":false},"author":3,"featured_media":9929,"comment_status":"closed","ping_status":"closed","sticky":false,"template":"","format":"standard","meta":{"footnotes":""},"categories":[4],"tags":[],"class_list":["post-9928","post","type-post","status-publish","format-standard","has-post-thumbnail","hentry","category-kreisfeuerwehrverband"],"_links":{"self":[{"href":"https:\/\/kfv-mol.de\/Wordpress\/wp-json\/wp\/v2\/posts\/9928","targetHints":{"allow":["GET"]}}],"collection":[{"href":"https:\/\/kfv-mol.de\/Wordpress\/wp-json\/wp\/v2\/posts"}],"about":[{"href":"https:\/\/kfv-mol.de\/Wordpress\/wp-json\/wp\/v2\/types\/post"}],"author":[{"embeddable":true,"href":"https:\/\/kfv-mol.de\/Wordpress\/wp-json\/wp\/v2\/users\/3"}],"replies":[{"embeddable":true,"href":"https:\/\/kfv-mol.de\/Wordpress\/wp-json\/wp\/v2\/comments?post=9928"}],"version-history":[{"count":0,"href":"https:\/\/kfv-mol.de\/Wordpress\/wp-json\/wp\/v2\/posts\/9928\/revisions"}],"wp:featuredmedia":[{"embeddable":true,"href":"https:\/\/kfv-mol.de\/Wordpress\/wp-json\/wp\/v2\/media\/9929"}],"wp:attachment":[{"href":"https:\/\/kfv-mol.de\/Wordpress\/wp-json\/wp\/v2\/media?parent=9928"}],"wp:term":[{"taxonomy":"category","embeddable":true,"href":"https:\/\/kfv-mol.de\/Wordpress\/wp-json\/wp\/v2\/categories?post=9928"},{"taxonomy":"post_tag","embeddable":true,"href":"https:\/\/kfv-mol.de\/Wordpress\/wp-json\/wp\/v2\/tags?post=9928"}],"curies":[{"name":"wp","href":"https:\/\/api.w.org\/{rel}","templated":true}]}}