{"id":9650,"date":"2025-01-07T05:56:27","date_gmt":"2025-01-07T04:56:27","guid":{"rendered":"https:\/\/kfv-mol.de\/Wordpress\/?p=9650"},"modified":"2025-01-07T06:02:40","modified_gmt":"2025-01-07T05:02:40","slug":"jubilaeumswehren-2025","status":"publish","type":"post","link":"https:\/\/kfv-mol.de\/Wordpress\/Artikel\/jubilaeumswehren-2025\/","title":{"rendered":"JUBIL\u00c4UMS-         WEHREN 2025"},"content":{"rendered":"\n<p>Wie im letzten Jahr begehen auch in diesem wieder einige Feuerwehren im Landkreis M\u00e4rkisch-Oderland ihr Jubil\u00e4um. Die Freiwillige Feuerwehr Wriezen begeht ihr 170-j\u00e4hriges Bestehen und ist somit die \u00e4lteste Feuerwehr im Land Brandenburg.<\/p>\n\n\n\n<p>95 Jahre FF L\u00fcdersdorf<\/p>\n\n\n\n<p>95 Jahre FF Wulkow b. Boo\u00dfen<\/p>\n\n\n\n<p>100 Jahre FF Buchholz<\/p>\n\n\n\n<p>100 Jahre FF Ihlow<\/p>\n\n\n\n<p>100 Jahre FF Lebus<\/p>\n\n\n\n<p>100 Jahre FF Schiffm\u00fchle<\/p>\n\n\n\n<p>100 Jahre FF Wegendorf<\/p>\n\n\n\n<p>112 Jahre FF Eggersdorf b. Petershagen<\/p>\n\n\n\n<p>112 Jahre FF Werbig<\/p>\n\n\n\n<p>115 Jahre FF Falkenhagen<\/p>\n\n\n\n<p>115 Jahre FF Garzau<\/p>\n\n\n\n<p>115 Jahre FF Sachsendorf<\/p>\n\n\n\n<p>120 Jahre FF Alt Zeschdorf<\/p>\n\n\n\n<p>120 Jahre FF Bruchm\u00fchle<\/p>\n\n\n\n<p>120 Jahre FF Buckow<\/p>\n\n\n\n<p>120 Jahre FF Falkenberg<\/p>\n\n\n\n<p>120 Jahre FF Ortwig<\/p>\n\n\n\n<p>135 Jahre FF R\u00fcdersdorf<\/p>\n\n\n\n<p>170 Jahre FF Wriezen<\/p>\n","protected":false},"excerpt":{"rendered":"<p>Wie im letzten Jahr begehen auch in diesem wieder einige Feuerwehren im Landkreis M\u00e4rkisch-Oderland ihr Jubil\u00e4um. Die Freiwillige Feuerwehr Wriezen begeht ihr 170-j\u00e4hriges Bestehen und ist somit die \u00e4lteste Feuerwehr im Land Brandenburg. 95 Jahre FF L\u00fcdersdorf 95 Jahre FF Wulkow b. Boo\u00dfen 100 Jahre FF Buchholz 100 Jahre FF Ihlow 100 Jahre FF Lebus [&hellip;]<\/p>\n","protected":false},"author":1,"featured_media":9651,"comment_status":"closed","ping_status":"closed","sticky":false,"template":"","format":"standard","meta":{"footnotes":""},"categories":[1],"tags":[],"class_list":["post-9650","post","type-post","status-publish","format-standard","has-post-thumbnail","hentry","category-sonstige"],"_links":{"self":[{"href":"https:\/\/kfv-mol.de\/Wordpress\/wp-json\/wp\/v2\/posts\/9650","targetHints":{"allow":["GET"]}}],"collection":[{"href":"https:\/\/kfv-mol.de\/Wordpress\/wp-json\/wp\/v2\/posts"}],"about":[{"href":"https:\/\/kfv-mol.de\/Wordpress\/wp-json\/wp\/v2\/types\/post"}],"author":[{"embeddable":true,"href":"https:\/\/kfv-mol.de\/Wordpress\/wp-json\/wp\/v2\/users\/1"}],"replies":[{"embeddable":true,"href":"https:\/\/kfv-mol.de\/Wordpress\/wp-json\/wp\/v2\/comments?post=9650"}],"version-history":[{"count":0,"href":"https:\/\/kfv-mol.de\/Wordpress\/wp-json\/wp\/v2\/posts\/9650\/revisions"}],"wp:featuredmedia":[{"embeddable":true,"href":"https:\/\/kfv-mol.de\/Wordpress\/wp-json\/wp\/v2\/media\/9651"}],"wp:attachment":[{"href":"https:\/\/kfv-mol.de\/Wordpress\/wp-json\/wp\/v2\/media?parent=9650"}],"wp:term":[{"taxonomy":"category","embeddable":true,"href":"https:\/\/kfv-mol.de\/Wordpress\/wp-json\/wp\/v2\/categories?post=9650"},{"taxonomy":"post_tag","embeddable":true,"href":"https:\/\/kfv-mol.de\/Wordpress\/wp-json\/wp\/v2\/tags?post=9650"}],"curies":[{"name":"wp","href":"https:\/\/api.w.org\/{rel}","templated":true}]}}