{"id":9621,"date":"2025-01-04T00:23:58","date_gmt":"2025-01-03T23:23:58","guid":{"rendered":"https:\/\/kfv-mol.de\/Wordpress\/?p=9621"},"modified":"2025-01-04T00:24:55","modified_gmt":"2025-01-03T23:24:55","slug":"der-kfv-mol-trauert-2","status":"publish","type":"post","link":"https:\/\/kfv-mol.de\/Wordpress\/Artikel\/der-kfv-mol-trauert-2\/","title":{"rendered":"DER KFV-MOL TRAUERT"},"content":{"rendered":"\n<p>Der Kreisfeuerwehrverband MOL trauert um seine verstorbenen Kameraden. Wir w\u00fcnschen den Familien und Kameraden viel Kraft und St\u00e4rke f\u00fcr die schweren Zeiten, um den Verlust geliebter Weggef\u00e4hrten zu verarbeiten.<\/p>\n","protected":false},"excerpt":{"rendered":"<p>Der Kreisfeuerwehrverband MOL trauert um seine verstorbenen Kameraden. Wir w\u00fcnschen den Familien und Kameraden viel Kraft und St\u00e4rke f\u00fcr die schweren Zeiten, um den Verlust geliebter Weggef\u00e4hrten zu verarbeiten.<\/p>\n","protected":false},"author":1,"featured_media":9622,"comment_status":"closed","ping_status":"closed","sticky":false,"template":"","format":"standard","meta":{"footnotes":""},"categories":[1],"tags":[],"class_list":["post-9621","post","type-post","status-publish","format-standard","has-post-thumbnail","hentry","category-sonstige"],"_links":{"self":[{"href":"https:\/\/kfv-mol.de\/Wordpress\/wp-json\/wp\/v2\/posts\/9621","targetHints":{"allow":["GET"]}}],"collection":[{"href":"https:\/\/kfv-mol.de\/Wordpress\/wp-json\/wp\/v2\/posts"}],"about":[{"href":"https:\/\/kfv-mol.de\/Wordpress\/wp-json\/wp\/v2\/types\/post"}],"author":[{"embeddable":true,"href":"https:\/\/kfv-mol.de\/Wordpress\/wp-json\/wp\/v2\/users\/1"}],"replies":[{"embeddable":true,"href":"https:\/\/kfv-mol.de\/Wordpress\/wp-json\/wp\/v2\/comments?post=9621"}],"version-history":[{"count":0,"href":"https:\/\/kfv-mol.de\/Wordpress\/wp-json\/wp\/v2\/posts\/9621\/revisions"}],"wp:featuredmedia":[{"embeddable":true,"href":"https:\/\/kfv-mol.de\/Wordpress\/wp-json\/wp\/v2\/media\/9622"}],"wp:attachment":[{"href":"https:\/\/kfv-mol.de\/Wordpress\/wp-json\/wp\/v2\/media?parent=9621"}],"wp:term":[{"taxonomy":"category","embeddable":true,"href":"https:\/\/kfv-mol.de\/Wordpress\/wp-json\/wp\/v2\/categories?post=9621"},{"taxonomy":"post_tag","embeddable":true,"href":"https:\/\/kfv-mol.de\/Wordpress\/wp-json\/wp\/v2\/tags?post=9621"}],"curies":[{"name":"wp","href":"https:\/\/api.w.org\/{rel}","templated":true}]}}