{"id":9589,"date":"2024-11-27T16:21:54","date_gmt":"2024-11-27T15:21:54","guid":{"rendered":"https:\/\/kfv-mol.de\/Wordpress\/?p=9589"},"modified":"2024-11-27T16:21:55","modified_gmt":"2024-11-27T15:21:55","slug":"treffen-der-alters-und-ehrenabteilung-des-amtes-barnim-oderbruch","status":"publish","type":"post","link":"https:\/\/kfv-mol.de\/Wordpress\/Artikel\/treffen-der-alters-und-ehrenabteilung-des-amtes-barnim-oderbruch\/","title":{"rendered":"Treffen der Alters- und Ehrenabteilung des Amtes Barnim-Oderbruch"},"content":{"rendered":"\n<p>Am 26. November 2024 sind die Kameradinnen und Kameraden der Alters- und Ehrenabteilung des Amts Barnim-Oderbruch mit ihren Partnern im Humpensaal in Wriezen zu einer gem\u00fctlichen Nachmittagsrunde zusammengekommen. Es war nach Corona-Pausen und dem Ende der gemeinsamen Feiern des Altkreises Bad Freienwalde die erste Zusammenkunft im Amtsbereich.<br>Der Leiter der Alters- und Ehrenabteilung Peter Dumke konnte als G\u00e4ste den neuen Amtsdirektor Frank Fiedler, den Leiter des FA Alters- und Ehrenabteilung des Kreisfeuerwehrverbandes Uwe Pranzner sowie Renate und Winfried Rosenfeld als ehemalige Organisatoren der Alters- und Ehrenabteilung im Altkreis begr\u00fc\u00dfen. Die G\u00e4ste w\u00fcrdigten die Leistungen und Einsatzbereitschaft der Anwesenden als Fundament f\u00fcr das heutige hohe Niveau des Brand- und Katastrophenschutzes im Amt.<br><br>Bei Kaffee und Kuchen erfolgte ein reger Austausch zwischen den Veteranen untereinander und mit den G\u00e4sten. Eine musikalische Einlage mit dem singenden Bauern Paul Scherhag rundete die gelungene Veranstaltung ab.<\/p>\n\n\n\n<p>Man wird sich wohl bald wieder treffen.<\/p>\n\n\n\n<figure class=\"wp-block-image size-large\"><img decoding=\"async\" width=\"1024\" height=\"768\" data-src=\"https:\/\/kfv-mol.de\/Wordpress\/wp-content\/uploads\/2024\/11\/248fe1a4-1ac0-4509-972a-6b5e99b1a85f-1024x768.jpeg\" alt=\"\" class=\"wp-image-9590 lazyload\" data-srcset=\"https:\/\/kfv-mol.de\/Wordpress\/wp-content\/uploads\/2024\/11\/248fe1a4-1ac0-4509-972a-6b5e99b1a85f-1024x768.jpeg 1024w, https:\/\/kfv-mol.de\/Wordpress\/wp-content\/uploads\/2024\/11\/248fe1a4-1ac0-4509-972a-6b5e99b1a85f-300x225.jpeg 300w, https:\/\/kfv-mol.de\/Wordpress\/wp-content\/uploads\/2024\/11\/248fe1a4-1ac0-4509-972a-6b5e99b1a85f-768x576.jpeg 768w, https:\/\/kfv-mol.de\/Wordpress\/wp-content\/uploads\/2024\/11\/248fe1a4-1ac0-4509-972a-6b5e99b1a85f-1536x1152.jpeg 1536w, https:\/\/kfv-mol.de\/Wordpress\/wp-content\/uploads\/2024\/11\/248fe1a4-1ac0-4509-972a-6b5e99b1a85f-2048x1536.jpeg 2048w\" data-sizes=\"(max-width: 1024px) 100vw, 1024px\" src=\"data:image\/svg+xml;base64,PHN2ZyB3aWR0aD0iMSIgaGVpZ2h0PSIxIiB4bWxucz0iaHR0cDovL3d3dy53My5vcmcvMjAwMC9zdmciPjwvc3ZnPg==\" style=\"--smush-placeholder-width: 1024px; --smush-placeholder-aspect-ratio: 1024\/768;\" \/><\/figure>\n\n\n\n<figure class=\"wp-block-image size-large\"><img decoding=\"async\" width=\"1024\" height=\"768\" data-src=\"https:\/\/kfv-mol.de\/Wordpress\/wp-content\/uploads\/2024\/11\/8707ada8-8f4b-48ff-95c0-d687d591c789-1024x768.jpeg\" alt=\"\" class=\"wp-image-9591 lazyload\" data-srcset=\"https:\/\/kfv-mol.de\/Wordpress\/wp-content\/uploads\/2024\/11\/8707ada8-8f4b-48ff-95c0-d687d591c789-1024x768.jpeg 1024w, https:\/\/kfv-mol.de\/Wordpress\/wp-content\/uploads\/2024\/11\/8707ada8-8f4b-48ff-95c0-d687d591c789-300x225.jpeg 300w, https:\/\/kfv-mol.de\/Wordpress\/wp-content\/uploads\/2024\/11\/8707ada8-8f4b-48ff-95c0-d687d591c789-768x576.jpeg 768w, https:\/\/kfv-mol.de\/Wordpress\/wp-content\/uploads\/2024\/11\/8707ada8-8f4b-48ff-95c0-d687d591c789-1536x1152.jpeg 1536w, https:\/\/kfv-mol.de\/Wordpress\/wp-content\/uploads\/2024\/11\/8707ada8-8f4b-48ff-95c0-d687d591c789-2048x1536.jpeg 2048w\" data-sizes=\"(max-width: 1024px) 100vw, 1024px\" src=\"data:image\/svg+xml;base64,PHN2ZyB3aWR0aD0iMSIgaGVpZ2h0PSIxIiB4bWxucz0iaHR0cDovL3d3dy53My5vcmcvMjAwMC9zdmciPjwvc3ZnPg==\" style=\"--smush-placeholder-width: 1024px; --smush-placeholder-aspect-ratio: 1024\/768;\" \/><\/figure>\n\n\n\n<figure class=\"wp-block-image size-large\"><img decoding=\"async\" width=\"1024\" height=\"768\" data-src=\"https:\/\/kfv-mol.de\/Wordpress\/wp-content\/uploads\/2024\/11\/11120c2b-3903-4ec9-b86a-fa2ed1486912-1024x768.jpeg\" alt=\"\" class=\"wp-image-9592 lazyload\" data-srcset=\"https:\/\/kfv-mol.de\/Wordpress\/wp-content\/uploads\/2024\/11\/11120c2b-3903-4ec9-b86a-fa2ed1486912-1024x768.jpeg 1024w, https:\/\/kfv-mol.de\/Wordpress\/wp-content\/uploads\/2024\/11\/11120c2b-3903-4ec9-b86a-fa2ed1486912-300x225.jpeg 300w, https:\/\/kfv-mol.de\/Wordpress\/wp-content\/uploads\/2024\/11\/11120c2b-3903-4ec9-b86a-fa2ed1486912-768x576.jpeg 768w, https:\/\/kfv-mol.de\/Wordpress\/wp-content\/uploads\/2024\/11\/11120c2b-3903-4ec9-b86a-fa2ed1486912-1536x1152.jpeg 1536w, https:\/\/kfv-mol.de\/Wordpress\/wp-content\/uploads\/2024\/11\/11120c2b-3903-4ec9-b86a-fa2ed1486912-2048x1536.jpeg 2048w\" data-sizes=\"(max-width: 1024px) 100vw, 1024px\" src=\"data:image\/svg+xml;base64,PHN2ZyB3aWR0aD0iMSIgaGVpZ2h0PSIxIiB4bWxucz0iaHR0cDovL3d3dy53My5vcmcvMjAwMC9zdmciPjwvc3ZnPg==\" style=\"--smush-placeholder-width: 1024px; --smush-placeholder-aspect-ratio: 1024\/768;\" \/><\/figure>\n","protected":false},"excerpt":{"rendered":"<p>Am 26. November 2024 sind die Kameradinnen und Kameraden der Alters- und Ehrenabteilung des Amts Barnim-Oderbruch mit ihren Partnern im Humpensaal in Wriezen zu einer gem\u00fctlichen Nachmittagsrunde zusammengekommen. Es war nach Corona-Pausen und dem Ende der gemeinsamen Feiern des Altkreises Bad Freienwalde die erste Zusammenkunft im Amtsbereich.Der Leiter der Alters- und Ehrenabteilung Peter Dumke konnte [&hellip;]<\/p>\n","protected":false},"author":12,"featured_media":9590,"comment_status":"closed","ping_status":"closed","sticky":false,"template":"","format":"standard","meta":{"footnotes":""},"categories":[1],"tags":[],"class_list":["post-9589","post","type-post","status-publish","format-standard","has-post-thumbnail","hentry","category-sonstige"],"_links":{"self":[{"href":"https:\/\/kfv-mol.de\/Wordpress\/wp-json\/wp\/v2\/posts\/9589","targetHints":{"allow":["GET"]}}],"collection":[{"href":"https:\/\/kfv-mol.de\/Wordpress\/wp-json\/wp\/v2\/posts"}],"about":[{"href":"https:\/\/kfv-mol.de\/Wordpress\/wp-json\/wp\/v2\/types\/post"}],"author":[{"embeddable":true,"href":"https:\/\/kfv-mol.de\/Wordpress\/wp-json\/wp\/v2\/users\/12"}],"replies":[{"embeddable":true,"href":"https:\/\/kfv-mol.de\/Wordpress\/wp-json\/wp\/v2\/comments?post=9589"}],"version-history":[{"count":0,"href":"https:\/\/kfv-mol.de\/Wordpress\/wp-json\/wp\/v2\/posts\/9589\/revisions"}],"wp:featuredmedia":[{"embeddable":true,"href":"https:\/\/kfv-mol.de\/Wordpress\/wp-json\/wp\/v2\/media\/9590"}],"wp:attachment":[{"href":"https:\/\/kfv-mol.de\/Wordpress\/wp-json\/wp\/v2\/media?parent=9589"}],"wp:term":[{"taxonomy":"category","embeddable":true,"href":"https:\/\/kfv-mol.de\/Wordpress\/wp-json\/wp\/v2\/categories?post=9589"},{"taxonomy":"post_tag","embeddable":true,"href":"https:\/\/kfv-mol.de\/Wordpress\/wp-json\/wp\/v2\/tags?post=9589"}],"curies":[{"name":"wp","href":"https:\/\/api.w.org\/{rel}","templated":true}]}}