{"id":9510,"date":"2024-11-08T18:16:47","date_gmt":"2024-11-08T17:16:47","guid":{"rendered":"https:\/\/kfv-mol.de\/Wordpress\/?p=9510"},"modified":"2024-11-09T12:55:17","modified_gmt":"2024-11-09T11:55:17","slug":"spendenaufruf","status":"publish","type":"post","link":"https:\/\/kfv-mol.de\/Wordpress\/Artikel\/spendenaufruf\/","title":{"rendered":"Spende \u2013 Feuerwehrmann vor dem Nichts"},"content":{"rendered":"\n<figure class=\"wp-block-image size-large\"><img decoding=\"async\" width=\"1024\" height=\"695\" data-src=\"https:\/\/kfv-mol.de\/Wordpress\/wp-content\/uploads\/2024\/11\/Spendenaufruf_WhatsApp-1024x695.jpeg\" alt=\"\" class=\"wp-image-9566 lazyload\" data-srcset=\"https:\/\/kfv-mol.de\/Wordpress\/wp-content\/uploads\/2024\/11\/Spendenaufruf_WhatsApp-1024x695.jpeg 1024w, https:\/\/kfv-mol.de\/Wordpress\/wp-content\/uploads\/2024\/11\/Spendenaufruf_WhatsApp-300x204.jpeg 300w, https:\/\/kfv-mol.de\/Wordpress\/wp-content\/uploads\/2024\/11\/Spendenaufruf_WhatsApp-768x521.jpeg 768w, https:\/\/kfv-mol.de\/Wordpress\/wp-content\/uploads\/2024\/11\/Spendenaufruf_WhatsApp-1536x1042.jpeg 1536w, https:\/\/kfv-mol.de\/Wordpress\/wp-content\/uploads\/2024\/11\/Spendenaufruf_WhatsApp-2048x1390.jpeg 2048w\" data-sizes=\"(max-width: 1024px) 100vw, 1024px\" src=\"data:image\/svg+xml;base64,PHN2ZyB3aWR0aD0iMSIgaGVpZ2h0PSIxIiB4bWxucz0iaHR0cDovL3d3dy53My5vcmcvMjAwMC9zdmciPjwvc3ZnPg==\" style=\"--smush-placeholder-width: 1024px; --smush-placeholder-aspect-ratio: 1024\/695;\" \/><\/figure>\n\n\n\n<p>Geb\u00e4udebrand \u2013 Feuerwehrmann vor dem Nichts<br><br>Am Abend des 07.11. ereignete sich das, was kein Feuerwehrmann lesen m\u00f6chte: seine eigene Adresse stand beim Geb\u00e4ude-Gro\u00dfbrand auf dem Meldeempf\u00e4nger, w\u00e4hrend die Sirenen im ganzen Ort anfingen zu ert\u00f6nen.<\/p>\n\n\n\n<p>Die Kameraden der Freiwilligen Feuerwehr Petershagen\/Eggersdorf eilten schnellstm\u00f6glich zum Einsatzort und begannen mit der Bek\u00e4mpfung der Flammen.<\/p>\n\n\n\n<p>Die 6-k\u00f6pfige Familie konnte sich zum Gl\u00fcck aus dem Haus retten, sodass durch das Feuer kein Mensch verletzt wurde. Der Hund konnte ebenfalls den dunklen Rauchschwaden entfliehen, jedoch f\u00fcr die Katze \u2013 ein \u00fcber 20-j\u00e4hriges Familienmitglied \u2013 kam leider jede Hilfe zu sp\u00e4t.<\/p>\n\n\n\n<p>Das gesamte Haus ist aktuell unbewohnbar und die Bewohner stehen vor dem Nichts. Und das so kurz vor der Weihnachtszeit.<\/p>\n\n\n\n<p>Die Familie engagiert sich seit Jahren ehrenamtlich in der Freiwilligen Feuerwehr und auch in der Jugendarbeit. Nun ist es an der Zeit ihnen etwas zur\u00fcckzugeben.<\/p>\n\n\n\n<p>Kein Geld der Welt kann den Verlust ersetzen, aber es ist genau das, was sie jetzt am Dringendsten ben\u00f6tigen. Bitte unterst\u00fctzen Sie unseren Kameraden. Zeigen Sie, was Gemeinschaft bedeutet.<br>Jeder einzelne Euro z\u00e4hlt!<\/p>\n\n\n\n<p>Alle Spenden sind zweckgebunden und werden zu 100% an die Familie \u00fcbergeben.<\/p>\n\n\n\n<p>Inhaber: Kreisfeuerwehrverband MOL<br>IBAN: DE94 1705 4040 3909 6186 41<br>Verwendungszweck: Hausbrand 07.11.24<\/p>\n\n\n\n<p>Oder via PayPal:<\/p>\n\n\n\n<p><a href=\"https:\/\/www.paypal.com\/donate\/?campaign_id=2SDKSXT25EMD6&amp;source=url\">https:\/\/www.paypal.com\/donate\/?campaign_id=2SDKSXT25EMD6&amp;source=url<\/a><\/p>\n\n\n\n<figure class=\"wp-block-gallery has-nested-images columns-default is-cropped wp-block-gallery-1 is-layout-flex wp-block-gallery-is-layout-flex\">\n<figure class=\"wp-block-image size-large is-style-default\"><img decoding=\"async\" width=\"1024\" height=\"694\" data-id=\"9571\" data-src=\"https:\/\/kfv-mol.de\/Wordpress\/wp-content\/uploads\/2024\/11\/2b9dcd63-7311-41b7-94c4-20b1940fed41-1024x694.jpeg\" alt=\"\" class=\"wp-image-9571 lazyload\" data-srcset=\"https:\/\/kfv-mol.de\/Wordpress\/wp-content\/uploads\/2024\/11\/2b9dcd63-7311-41b7-94c4-20b1940fed41-1024x694.jpeg 1024w, https:\/\/kfv-mol.de\/Wordpress\/wp-content\/uploads\/2024\/11\/2b9dcd63-7311-41b7-94c4-20b1940fed41-300x203.jpeg 300w, https:\/\/kfv-mol.de\/Wordpress\/wp-content\/uploads\/2024\/11\/2b9dcd63-7311-41b7-94c4-20b1940fed41-768x521.jpeg 768w, https:\/\/kfv-mol.de\/Wordpress\/wp-content\/uploads\/2024\/11\/2b9dcd63-7311-41b7-94c4-20b1940fed41-1536x1042.jpeg 1536w, https:\/\/kfv-mol.de\/Wordpress\/wp-content\/uploads\/2024\/11\/2b9dcd63-7311-41b7-94c4-20b1940fed41.jpeg 1600w\" data-sizes=\"(max-width: 1024px) 100vw, 1024px\" src=\"data:image\/svg+xml;base64,PHN2ZyB3aWR0aD0iMSIgaGVpZ2h0PSIxIiB4bWxucz0iaHR0cDovL3d3dy53My5vcmcvMjAwMC9zdmciPjwvc3ZnPg==\" style=\"--smush-placeholder-width: 1024px; --smush-placeholder-aspect-ratio: 1024\/694;\" \/><\/figure>\n\n\n\n<figure class=\"wp-block-image size-large\"><img decoding=\"async\" width=\"1024\" height=\"694\" data-id=\"9572\" data-src=\"https:\/\/kfv-mol.de\/Wordpress\/wp-content\/uploads\/2024\/11\/d21b0d82-c06b-4d12-839e-3f0c668482f4-1024x694.jpeg\" alt=\"\" class=\"wp-image-9572 lazyload\" data-srcset=\"https:\/\/kfv-mol.de\/Wordpress\/wp-content\/uploads\/2024\/11\/d21b0d82-c06b-4d12-839e-3f0c668482f4-1024x694.jpeg 1024w, https:\/\/kfv-mol.de\/Wordpress\/wp-content\/uploads\/2024\/11\/d21b0d82-c06b-4d12-839e-3f0c668482f4-300x203.jpeg 300w, https:\/\/kfv-mol.de\/Wordpress\/wp-content\/uploads\/2024\/11\/d21b0d82-c06b-4d12-839e-3f0c668482f4-768x521.jpeg 768w, https:\/\/kfv-mol.de\/Wordpress\/wp-content\/uploads\/2024\/11\/d21b0d82-c06b-4d12-839e-3f0c668482f4-1536x1042.jpeg 1536w, https:\/\/kfv-mol.de\/Wordpress\/wp-content\/uploads\/2024\/11\/d21b0d82-c06b-4d12-839e-3f0c668482f4.jpeg 1600w\" data-sizes=\"(max-width: 1024px) 100vw, 1024px\" src=\"data:image\/svg+xml;base64,PHN2ZyB3aWR0aD0iMSIgaGVpZ2h0PSIxIiB4bWxucz0iaHR0cDovL3d3dy53My5vcmcvMjAwMC9zdmciPjwvc3ZnPg==\" style=\"--smush-placeholder-width: 1024px; --smush-placeholder-aspect-ratio: 1024\/694;\" \/><\/figure>\n\n\n\n<figure class=\"wp-block-image size-large\"><img decoding=\"async\" width=\"1024\" height=\"694\" data-id=\"9573\" data-src=\"https:\/\/kfv-mol.de\/Wordpress\/wp-content\/uploads\/2024\/11\/c6e69cc1-a937-4088-be66-c80ee70c5fc5-1024x694.jpeg\" alt=\"\" class=\"wp-image-9573 lazyload\" data-srcset=\"https:\/\/kfv-mol.de\/Wordpress\/wp-content\/uploads\/2024\/11\/c6e69cc1-a937-4088-be66-c80ee70c5fc5-1024x694.jpeg 1024w, https:\/\/kfv-mol.de\/Wordpress\/wp-content\/uploads\/2024\/11\/c6e69cc1-a937-4088-be66-c80ee70c5fc5-300x203.jpeg 300w, https:\/\/kfv-mol.de\/Wordpress\/wp-content\/uploads\/2024\/11\/c6e69cc1-a937-4088-be66-c80ee70c5fc5-768x521.jpeg 768w, https:\/\/kfv-mol.de\/Wordpress\/wp-content\/uploads\/2024\/11\/c6e69cc1-a937-4088-be66-c80ee70c5fc5-1536x1042.jpeg 1536w, https:\/\/kfv-mol.de\/Wordpress\/wp-content\/uploads\/2024\/11\/c6e69cc1-a937-4088-be66-c80ee70c5fc5.jpeg 1600w\" data-sizes=\"(max-width: 1024px) 100vw, 1024px\" src=\"data:image\/svg+xml;base64,PHN2ZyB3aWR0aD0iMSIgaGVpZ2h0PSIxIiB4bWxucz0iaHR0cDovL3d3dy53My5vcmcvMjAwMC9zdmciPjwvc3ZnPg==\" style=\"--smush-placeholder-width: 1024px; --smush-placeholder-aspect-ratio: 1024\/694;\" \/><\/figure>\n<\/figure>\n\n\n\n<p>Anbei eine Print-Version zum Ausdrucken:<\/p>\n\n\n\n<div data-wp-interactive=\"core\/file\" class=\"wp-block-file\"><object data-wp-bind--hidden=\"!state.hasPdfPreview\" hidden class=\"wp-block-file__embed\" data=\"https:\/\/kfv-mol.de\/Wordpress\/wp-content\/uploads\/2024\/11\/Spendenaufruf_KFV-print.pdf\" type=\"application\/pdf\" style=\"width:100%;height:600px\" aria-label=\"Einbettung von Spendenaufruf_KFV-print.\"><\/object><a id=\"wp-block-file--media-f2b65c96-98f0-4a27-b2a5-2cf76e9c18a6\" href=\"https:\/\/kfv-mol.de\/Wordpress\/wp-content\/uploads\/2024\/11\/Spendenaufruf_KFV-print.pdf\">Spendenaufruf_KFV-print<\/a><a href=\"https:\/\/kfv-mol.de\/Wordpress\/wp-content\/uploads\/2024\/11\/Spendenaufruf_KFV-print.pdf\" class=\"wp-block-file__button wp-element-button\" download aria-describedby=\"wp-block-file--media-f2b65c96-98f0-4a27-b2a5-2cf76e9c18a6\">Herunterladen<\/a><\/div>\n","protected":false},"excerpt":{"rendered":"<p>Geb\u00e4udebrand \u2013 Feuerwehrmann vor dem Nichts Am Abend des 07.11. ereignete sich das, was kein Feuerwehrmann lesen m\u00f6chte: seine eigene Adresse stand beim Geb\u00e4ude-Gro\u00dfbrand auf dem Meldeempf\u00e4nger, w\u00e4hrend die Sirenen im ganzen Ort anfingen zu ert\u00f6nen. Die Kameraden der Freiwilligen Feuerwehr Petershagen\/Eggersdorf eilten schnellstm\u00f6glich zum Einsatzort und begannen mit der Bek\u00e4mpfung der Flammen. Die 6-k\u00f6pfige [&hellip;]<\/p>\n","protected":false},"author":1,"featured_media":9508,"comment_status":"closed","ping_status":"closed","sticky":false,"template":"","format":"standard","meta":{"footnotes":""},"categories":[1],"tags":[],"class_list":["post-9510","post","type-post","status-publish","format-standard","has-post-thumbnail","hentry","category-sonstige"],"_links":{"self":[{"href":"https:\/\/kfv-mol.de\/Wordpress\/wp-json\/wp\/v2\/posts\/9510","targetHints":{"allow":["GET"]}}],"collection":[{"href":"https:\/\/kfv-mol.de\/Wordpress\/wp-json\/wp\/v2\/posts"}],"about":[{"href":"https:\/\/kfv-mol.de\/Wordpress\/wp-json\/wp\/v2\/types\/post"}],"author":[{"embeddable":true,"href":"https:\/\/kfv-mol.de\/Wordpress\/wp-json\/wp\/v2\/users\/1"}],"replies":[{"embeddable":true,"href":"https:\/\/kfv-mol.de\/Wordpress\/wp-json\/wp\/v2\/comments?post=9510"}],"version-history":[{"count":0,"href":"https:\/\/kfv-mol.de\/Wordpress\/wp-json\/wp\/v2\/posts\/9510\/revisions"}],"wp:featuredmedia":[{"embeddable":true,"href":"https:\/\/kfv-mol.de\/Wordpress\/wp-json\/wp\/v2\/media\/9508"}],"wp:attachment":[{"href":"https:\/\/kfv-mol.de\/Wordpress\/wp-json\/wp\/v2\/media?parent=9510"}],"wp:term":[{"taxonomy":"category","embeddable":true,"href":"https:\/\/kfv-mol.de\/Wordpress\/wp-json\/wp\/v2\/categories?post=9510"},{"taxonomy":"post_tag","embeddable":true,"href":"https:\/\/kfv-mol.de\/Wordpress\/wp-json\/wp\/v2\/tags?post=9510"}],"curies":[{"name":"wp","href":"https:\/\/api.w.org\/{rel}","templated":true}]}}