{"id":9476,"date":"2024-11-07T19:11:13","date_gmt":"2024-11-07T18:11:13","guid":{"rendered":"https:\/\/kfv-mol.de\/Wordpress\/?p=9476"},"modified":"2024-11-07T19:11:13","modified_gmt":"2024-11-07T18:11:13","slug":"traditionspflege","status":"publish","type":"post","link":"https:\/\/kfv-mol.de\/Wordpress\/Artikel\/traditionspflege\/","title":{"rendered":"Traditionspflege"},"content":{"rendered":"\n<p>Fachausschusstagung des Fachausschusses Traditionspflege<br><br>Am 5. November tagte der Fachausschuss im Ger\u00e4tehaus Neutrebbin. Als G\u00e4ste wurden zwei Vertreter des Kreisfeuerwehrverbands LOS begr\u00fc\u00dft: die Kameraden Erhard Nickel, Fachausschussleiter Historik, und Bernd Gebauer, Fachausschussleiter Alters- und Ehrenabteilung. Ziel der Tagung war es, einen Erfahrungsaustausch zu initiieren und eine Zusammenarbeit zu entwickeln. Des Weiteren konnten zwei neue Mitglieder im Fachausschuss begr\u00fc\u00dft werden, die Interesse an der Mitarbeit haben. Laut Tagesordnung wurden das 3. Brandenburger Treffen historischer Feuerwehrtechnik in Eisenh\u00fcttenstadt ausgewertet sowie die Feierlichkeiten zum 30-j\u00e4hrigen Bestehen unseres Kreisverbands. Der n\u00e4chste wichtige Termin ist das Fachforum f\u00fcr Brandschutzgeschichte des Landesfeuerwehrverbands in Herzberg, f\u00fcr das noch freie Pl\u00e4tze verf\u00fcgbar sind. F\u00fcr 2025 wurden die neuen Aufgaben besprochen. Zur Fr\u00fchjahrssitzung im neuen Ger\u00e4tehaus der Wriezener Feuerwehr m\u00f6chten wir den Regionalhistoriker und Leiter des Oderlandmuseums, Dr. Schmook, einladen.<\/p>\n\n\n\n<p>Ren\u00e9 Kruschke<\/p>\n","protected":false},"excerpt":{"rendered":"<p>Fachausschusstagung des Fachausschusses Traditionspflege Am 5. November tagte der Fachausschuss im Ger\u00e4tehaus Neutrebbin. Als G\u00e4ste wurden zwei Vertreter des Kreisfeuerwehrverbands LOS begr\u00fc\u00dft: die Kameraden Erhard Nickel, Fachausschussleiter Historik, und Bernd Gebauer, Fachausschussleiter Alters- und Ehrenabteilung. Ziel der Tagung war es, einen Erfahrungsaustausch zu initiieren und eine Zusammenarbeit zu entwickeln. Des Weiteren konnten zwei neue Mitglieder [&hellip;]<\/p>\n","protected":false},"author":1,"featured_media":9477,"comment_status":"closed","ping_status":"closed","sticky":false,"template":"","format":"standard","meta":{"footnotes":""},"categories":[1],"tags":[],"class_list":["post-9476","post","type-post","status-publish","format-standard","has-post-thumbnail","hentry","category-sonstige"],"_links":{"self":[{"href":"https:\/\/kfv-mol.de\/Wordpress\/wp-json\/wp\/v2\/posts\/9476","targetHints":{"allow":["GET"]}}],"collection":[{"href":"https:\/\/kfv-mol.de\/Wordpress\/wp-json\/wp\/v2\/posts"}],"about":[{"href":"https:\/\/kfv-mol.de\/Wordpress\/wp-json\/wp\/v2\/types\/post"}],"author":[{"embeddable":true,"href":"https:\/\/kfv-mol.de\/Wordpress\/wp-json\/wp\/v2\/users\/1"}],"replies":[{"embeddable":true,"href":"https:\/\/kfv-mol.de\/Wordpress\/wp-json\/wp\/v2\/comments?post=9476"}],"version-history":[{"count":0,"href":"https:\/\/kfv-mol.de\/Wordpress\/wp-json\/wp\/v2\/posts\/9476\/revisions"}],"wp:featuredmedia":[{"embeddable":true,"href":"https:\/\/kfv-mol.de\/Wordpress\/wp-json\/wp\/v2\/media\/9477"}],"wp:attachment":[{"href":"https:\/\/kfv-mol.de\/Wordpress\/wp-json\/wp\/v2\/media?parent=9476"}],"wp:term":[{"taxonomy":"category","embeddable":true,"href":"https:\/\/kfv-mol.de\/Wordpress\/wp-json\/wp\/v2\/categories?post=9476"},{"taxonomy":"post_tag","embeddable":true,"href":"https:\/\/kfv-mol.de\/Wordpress\/wp-json\/wp\/v2\/tags?post=9476"}],"curies":[{"name":"wp","href":"https:\/\/api.w.org\/{rel}","templated":true}]}}