{"id":9473,"date":"2024-11-04T05:39:42","date_gmt":"2024-11-04T04:39:42","guid":{"rendered":"https:\/\/kfv-mol.de\/Wordpress\/?p=9473"},"modified":"2024-11-04T05:39:43","modified_gmt":"2024-11-04T04:39:43","slug":"der-kfv-trauert","status":"publish","type":"post","link":"https:\/\/kfv-mol.de\/Wordpress\/Artikel\/der-kfv-trauert\/","title":{"rendered":"Der KFV trauert"},"content":{"rendered":"\n<p>Der Kreisfeuerwehrverband M\u00e4rkisch-Oderland trauert um seine Verstorbenen Kameraden. Wir w\u00fcnschen deren Familien und Freunden viel Kraft, um diese schwere Zeit zu \u00fcberstehen.<\/p>\n","protected":false},"excerpt":{"rendered":"<p>Der Kreisfeuerwehrverband M\u00e4rkisch-Oderland trauert um seine Verstorbenen Kameraden. Wir w\u00fcnschen deren Familien und Freunden viel Kraft, um diese schwere Zeit zu \u00fcberstehen.<\/p>\n","protected":false},"author":1,"featured_media":9474,"comment_status":"closed","ping_status":"closed","sticky":false,"template":"","format":"standard","meta":{"footnotes":""},"categories":[1],"tags":[],"class_list":["post-9473","post","type-post","status-publish","format-standard","has-post-thumbnail","hentry","category-sonstige"],"_links":{"self":[{"href":"https:\/\/kfv-mol.de\/Wordpress\/wp-json\/wp\/v2\/posts\/9473","targetHints":{"allow":["GET"]}}],"collection":[{"href":"https:\/\/kfv-mol.de\/Wordpress\/wp-json\/wp\/v2\/posts"}],"about":[{"href":"https:\/\/kfv-mol.de\/Wordpress\/wp-json\/wp\/v2\/types\/post"}],"author":[{"embeddable":true,"href":"https:\/\/kfv-mol.de\/Wordpress\/wp-json\/wp\/v2\/users\/1"}],"replies":[{"embeddable":true,"href":"https:\/\/kfv-mol.de\/Wordpress\/wp-json\/wp\/v2\/comments?post=9473"}],"version-history":[{"count":0,"href":"https:\/\/kfv-mol.de\/Wordpress\/wp-json\/wp\/v2\/posts\/9473\/revisions"}],"wp:featuredmedia":[{"embeddable":true,"href":"https:\/\/kfv-mol.de\/Wordpress\/wp-json\/wp\/v2\/media\/9474"}],"wp:attachment":[{"href":"https:\/\/kfv-mol.de\/Wordpress\/wp-json\/wp\/v2\/media?parent=9473"}],"wp:term":[{"taxonomy":"category","embeddable":true,"href":"https:\/\/kfv-mol.de\/Wordpress\/wp-json\/wp\/v2\/categories?post=9473"},{"taxonomy":"post_tag","embeddable":true,"href":"https:\/\/kfv-mol.de\/Wordpress\/wp-json\/wp\/v2\/tags?post=9473"}],"curies":[{"name":"wp","href":"https:\/\/api.w.org\/{rel}","templated":true}]}}