{"id":9429,"date":"2024-09-07T09:26:24","date_gmt":"2024-09-07T08:26:24","guid":{"rendered":"https:\/\/kfv-mol.de\/Wordpress\/?p=9429"},"modified":"2024-09-07T09:26:25","modified_gmt":"2024-09-07T08:26:25","slug":"kollegialer-ersthelfer","status":"publish","type":"post","link":"https:\/\/kfv-mol.de\/Wordpress\/Artikel\/kollegialer-ersthelfer\/","title":{"rendered":"Kollegialer Ersthelfer"},"content":{"rendered":"\n<p>Und pl\u00f6tzlich ist alles anders<\/p>\n\n\n\n<p>Habt ihr schon mal erlebt, dass euch oder eurem Kameraden von jetzt auf gleich alles \u00fcber den Kopf zu wachsen scheint? Stress zuhause, die Eltern oder das Kind schwer krank, der permanent n\u00f6rgelnde Chef auf Arbeit und dann kommt dieser eine Einsatz, der das Fass nicht nur \u00fcberlaufen l\u00e4sst, sondern es mit einem lauten Knall zum Explodieren bringt?<br>Und pl\u00f6tzlich ist alles anders!<br>Der Kamerad, der ein schwer traumatisiertes Kind aus dem verunfallten PKW zieht, ist von einer Sekunde auf die andere nicht mehr fr\u00f6hlich, unbeschwert und ein klein wenig gro\u00dfm\u00e4ulig, sondern zieht sich noch w\u00e4hrend des Einsatzgeschehens zur\u00fcck, ist unkonzentriert, in sich gekehrt und nicht mehr er selbst. Er macht Fehler, prescht wie Falschgeld durchs Geschehen und behindert im schlimmsten Fall die anderen Kameraden bei ihrer Arbeit.<br>Manchmal sind unsere betroffenen Kameraden auch v\u00f6llig abgekl\u00e4rt am Einsatzort, aber bei der Nachbereitung in der Wehr stehen sie v\u00f6llig neben sich, legen jedes Wort auf die Goldwaage und reagieren gereizt und unverh\u00e4ltnism\u00e4\u00dfig auf direkte Ansprachen oder den flapsigen Spruch des \u201eBest Buddies\u201c, was vorher nur ein leichtes Zucken der Mundwinkel verursacht h\u00e4tte.<br>In solchen Situationen ist es besonders hilfreich, wenn in eurem bestehenden Team ein \u201ekollegialer Erstbetreuer\u201c den betroffenen Kameraden betreuen und auffangen kann. Er k\u00fcmmert sich um dessen Wohl, ist bei ihm, verl\u00e4sst ihn nicht und erdet ihn, bis das ENT sich um die weitere Betreuung k\u00fcmmern kann.<br>Die Aufgaben dieses Erstbetreuers sind sehr vielseitig und bringen viel Fingerspitzengef\u00fchl, Sensibilit\u00e4t und Beobachtungsgabe mit sich.<br>Er sondiert schon durch reines Beobachten die Lage und erkennt auch kleinste Ver\u00e4nderungen im Verhalten seiner Mitmenschen im normalen Alltagsgeschehen und bei der Ausbildung.<br>Sollte eine Schadenslage das Verhalten eines Kameraden so sehr belasten, dass er am Einsatzgeschehen nicht mehr teilnehmen kann, dann ist der Erstbetreuer an seiner Seite. Er betreut ihn in seinem Schock, versorgt ihn sowohl emotional als auch materiell mit Getr\u00e4nken, W\u00e4rme und bringt ihn aus der Gefahrenzone.<br>Schwere Unf\u00e4lle, t\u00e4tliche Angriffe, \u00dcberf\u00e4lle, der Einsatz in Katastrophengebieten \u2013 immer wieder erleben Feuerwehrangeh\u00f6rige traumatische Ereignisse. Psychische Erkrankungen, Arbeits- und Berufsunf\u00e4higkeit k\u00f6nnen die Folge sein.<br>Um solche Folgen zu vermeiden, ist eine fr\u00fchzeitige psychologische Unterst\u00fctzung der Betroffenen sinnvoll. Hier setzt die psychologische Erstbetreuung an: Ihr Ziel ist es, die akuten Stressreaktionen m\u00f6glichst zu vermindern und die Weitervermittlung in professionelle psychologische Versorgung sicherzustellen. Ihr seht, dass das Aufgaben- und Einsatzfeld sehr umfangreich und unglaublich wichtig ist, es aber leider viel zu wenig Erstbetreuer gibt.<br>Der psychischen Belastung unserer Kameraden, wird vielerorts immer noch nicht die Beachtung beigemessen, die sie verdienen. Die Erfahrung zeigt aber, dass es immer wichtiger wird, sich genau dieser Art von psychischer Belastung bewusst zu werden.<br>Lange Rede, kurzer Sinn: \u201eWir brauchen mehr von Euch!\u201c<br>Wir brauchen wache Augen und offene Ohren, Empathie und Kommunikationsbereitschaft. Wir brauchen Kameraden, die auf andere eingehen k\u00f6nnen. Werdet \u201ekollegiale Erstbetreuer\u201c und unterst\u00fctzt euer Team.<br>Aus nicht aufgearbeiteten Situationen werden nicht zu selten ausgewachsene Probleme, die h\u00e4ufig in handfesten Konflikten -auch untereinander- enden.<br>Meldet euch bei auf der Internetseite der FUK Brandenburg zum Kurs an. Tut nicht weh und dient einer tollen Sache!<br>Unser aller Ziel sollte es sein in jeder Ortswehr im Landkreis einen Erstbetreuer zu haben, zum Wohle unserer Kameraden im Einsatzgeschehen.<br>\u00dcber Unterst\u00fctzung Eurerseits in unserem Fachbereich \u201eKonfliktbew\u00e4ltigung und Gleichstellung\u201c freuen wir uns wahnsinnig und sind dankbar \u00fcber mehr Wo\/Manpower.<\/p>\n\n\n\n<p><\/p>\n\n\n\n<p><\/p>\n","protected":false},"excerpt":{"rendered":"<p>Und pl\u00f6tzlich ist alles anders Habt ihr schon mal erlebt, dass euch oder eurem Kameraden von jetzt auf gleich alles \u00fcber den Kopf zu wachsen scheint? Stress zuhause, die Eltern oder das Kind schwer krank, der permanent n\u00f6rgelnde Chef auf Arbeit und dann kommt dieser eine Einsatz, der das Fass nicht nur \u00fcberlaufen l\u00e4sst, sondern [&hellip;]<\/p>\n","protected":false},"author":1,"featured_media":9430,"comment_status":"closed","ping_status":"closed","sticky":false,"template":"","format":"standard","meta":{"footnotes":""},"categories":[1],"tags":[],"class_list":["post-9429","post","type-post","status-publish","format-standard","has-post-thumbnail","hentry","category-sonstige"],"_links":{"self":[{"href":"https:\/\/kfv-mol.de\/Wordpress\/wp-json\/wp\/v2\/posts\/9429","targetHints":{"allow":["GET"]}}],"collection":[{"href":"https:\/\/kfv-mol.de\/Wordpress\/wp-json\/wp\/v2\/posts"}],"about":[{"href":"https:\/\/kfv-mol.de\/Wordpress\/wp-json\/wp\/v2\/types\/post"}],"author":[{"embeddable":true,"href":"https:\/\/kfv-mol.de\/Wordpress\/wp-json\/wp\/v2\/users\/1"}],"replies":[{"embeddable":true,"href":"https:\/\/kfv-mol.de\/Wordpress\/wp-json\/wp\/v2\/comments?post=9429"}],"version-history":[{"count":0,"href":"https:\/\/kfv-mol.de\/Wordpress\/wp-json\/wp\/v2\/posts\/9429\/revisions"}],"wp:featuredmedia":[{"embeddable":true,"href":"https:\/\/kfv-mol.de\/Wordpress\/wp-json\/wp\/v2\/media\/9430"}],"wp:attachment":[{"href":"https:\/\/kfv-mol.de\/Wordpress\/wp-json\/wp\/v2\/media?parent=9429"}],"wp:term":[{"taxonomy":"category","embeddable":true,"href":"https:\/\/kfv-mol.de\/Wordpress\/wp-json\/wp\/v2\/categories?post=9429"},{"taxonomy":"post_tag","embeddable":true,"href":"https:\/\/kfv-mol.de\/Wordpress\/wp-json\/wp\/v2\/tags?post=9429"}],"curies":[{"name":"wp","href":"https:\/\/api.w.org\/{rel}","templated":true}]}}