{"id":9404,"date":"2024-09-02T11:26:12","date_gmt":"2024-09-02T10:26:12","guid":{"rendered":"https:\/\/kfv-mol.de\/Wordpress\/?p=9404"},"modified":"2024-09-02T11:26:13","modified_gmt":"2024-09-02T10:26:13","slug":"politische-woche-des-kreisfeuerwehrverband-maerkisch-oderland","status":"publish","type":"post","link":"https:\/\/kfv-mol.de\/Wordpress\/Artikel\/politische-woche-des-kreisfeuerwehrverband-maerkisch-oderland\/","title":{"rendered":"Politische Woche des Kreisfeuerwehrverband M\u00e4rkisch-Oderland&#8230;"},"content":{"rendered":"\n<p>Wie bereits der Landesfeuerwehrverband Brandenburg e. V. berichtete, gab es am Montag, den 26.08.2024 die M\u00f6glichkeit einer Einladung der Bundesau\u00dfenministerin Annalena Baerbock in den Deutschen Bundestag und in das Ausw\u00e4rtiges Amt zu folgen. Teilnehmer und damit die Vertreter unseres Kreises waren Jonathan Andree (stellvertretener Kreisjugendfeuerwehrwart) und Jens G\u00f6tze (Vorsitzender). Ein ganzer Tag voller interessanter Informationen und Gespr\u00e4che. Leider war die Zeit f\u00fcr das Gespr\u00e4ch mit Frau Annalena Baerbock zu kurz. Trotz allem m\u00f6chten wir auf diesem Wege Danke f\u00fcr die Einladung sagen. Eventuell gibt es in einem anderen Zusammenhang noch einmal die M\u00f6glichkeit noch offene oder nicht gestellte Fragen zu beantworten\u2026<\/p>\n\n\n\n<figure class=\"wp-block-image size-large is-resized\"><img decoding=\"async\" width=\"1024\" height=\"1024\" data-src=\"https:\/\/kfv-mol.de\/Wordpress\/wp-content\/uploads\/2024\/09\/458177903_17979824207737143_8376517419701112441_n-1024x1024.jpg\" alt=\"\" class=\"wp-image-9419 lazyload\" style=\"--smush-placeholder-width: 1024px; --smush-placeholder-aspect-ratio: 1024\/1024;width:839px;height:auto\" data-srcset=\"https:\/\/kfv-mol.de\/Wordpress\/wp-content\/uploads\/2024\/09\/458177903_17979824207737143_8376517419701112441_n-1024x1024.jpg 1024w, https:\/\/kfv-mol.de\/Wordpress\/wp-content\/uploads\/2024\/09\/458177903_17979824207737143_8376517419701112441_n-300x300.jpg 300w, https:\/\/kfv-mol.de\/Wordpress\/wp-content\/uploads\/2024\/09\/458177903_17979824207737143_8376517419701112441_n-150x150.jpg 150w, https:\/\/kfv-mol.de\/Wordpress\/wp-content\/uploads\/2024\/09\/458177903_17979824207737143_8376517419701112441_n-768x768.jpg 768w, https:\/\/kfv-mol.de\/Wordpress\/wp-content\/uploads\/2024\/09\/458177903_17979824207737143_8376517419701112441_n.jpg 1440w\" data-sizes=\"(max-width: 1024px) 100vw, 1024px\" src=\"data:image\/svg+xml;base64,PHN2ZyB3aWR0aD0iMSIgaGVpZ2h0PSIxIiB4bWxucz0iaHR0cDovL3d3dy53My5vcmcvMjAwMC9zdmciPjwvc3ZnPg==\" \/><\/figure>\n\n\n\n<figure class=\"wp-block-gallery has-nested-images columns-default is-cropped wp-block-gallery-1 is-layout-flex wp-block-gallery-is-layout-flex\">\n<figure class=\"wp-block-image size-large is-style-default\"><img decoding=\"async\" width=\"600\" height=\"600\" data-id=\"9406\" data-src=\"https:\/\/kfv-mol.de\/Wordpress\/wp-content\/uploads\/2024\/09\/457850950_17979824240737143_7212715031060621784_n.jpg\" alt=\"\" class=\"wp-image-9406 lazyload\" data-srcset=\"https:\/\/kfv-mol.de\/Wordpress\/wp-content\/uploads\/2024\/09\/457850950_17979824240737143_7212715031060621784_n.jpg 600w, https:\/\/kfv-mol.de\/Wordpress\/wp-content\/uploads\/2024\/09\/457850950_17979824240737143_7212715031060621784_n-300x300.jpg 300w, https:\/\/kfv-mol.de\/Wordpress\/wp-content\/uploads\/2024\/09\/457850950_17979824240737143_7212715031060621784_n-150x150.jpg 150w\" data-sizes=\"(max-width: 600px) 100vw, 600px\" src=\"data:image\/svg+xml;base64,PHN2ZyB3aWR0aD0iMSIgaGVpZ2h0PSIxIiB4bWxucz0iaHR0cDovL3d3dy53My5vcmcvMjAwMC9zdmciPjwvc3ZnPg==\" style=\"--smush-placeholder-width: 600px; --smush-placeholder-aspect-ratio: 600\/600;\" \/><figcaption class=\"wp-element-caption\">Galerie des Landesfeuerwehrverband Brandenburg e.V.<\/figcaption><\/figure>\n<\/figure>\n\n\n\n<p><\/p>\n\n\n\n<p>Bereits wenige Tage sp\u00e4ter, am 29.08.2024, war unser Bundeskanzler Olaf Scholz Gast im Landkreis M\u00e4rkisch-Oderland. Der Besuch des Kanzlers in der Stadt Seelow mit seiner Geschichte endete am sp\u00e4ten Nachmittag bei einem B\u00fcrgergespr\u00e4ch im Schweizer Haus. Durch die Einladung der Bundestagsabgeordneten Simona Ko\u00df hatte Jens G\u00f6tze als Vertreter des Kreisfeuerwehrverbandes &nbsp;M\u00e4rkisch-Oderland ebenfalls die M\u00f6glichkeit dem Gespr\u00e4ch beizuwohnen. Auch hier stellte sich schnell heraus, dass die geplante Zeit um Fragen zu beantworten viel zu kurz war. Neben Fragen zur Entwicklung der Infrastruktur im Landkreis, standen Fragen zur Rentenentwicklung und zur Umwelt zur Debatte. Ebenfalls war die bessere W\u00fcrdigung des Ehrenamtes, hier nicht allein die Feuerwehr, sondern auch andere Einrichtungen wie THW, Wasserwacht etc., angesprochen worden. Wie in vielen F\u00e4llen, ist man mit der ersten Antwort nicht immer zufrieden. So wurde mit der Bundestagsabgeordneten Simona Ko\u00df vereinbart, sich bez\u00fcglich dieses Themas noch einmal in naher Zukunft zusammenzusetzen. Auf diesem Weg wollen wir unsere Gedanken an den Bundestag richten.<\/p>\n\n\n\n<p><\/p>\n\n\n\n<figure class=\"wp-block-gallery has-nested-images columns-default is-cropped wp-block-gallery-2 is-layout-flex wp-block-gallery-is-layout-flex\">\n<figure class=\"wp-block-image size-large\"><img decoding=\"async\" width=\"1024\" height=\"768\" data-id=\"9408\" data-src=\"https:\/\/kfv-mol.de\/Wordpress\/wp-content\/uploads\/2024\/09\/20240829_180508-1024x768.jpg\" alt=\"\" class=\"wp-image-9408 lazyload\" data-srcset=\"https:\/\/kfv-mol.de\/Wordpress\/wp-content\/uploads\/2024\/09\/20240829_180508-1024x768.jpg 1024w, https:\/\/kfv-mol.de\/Wordpress\/wp-content\/uploads\/2024\/09\/20240829_180508-300x225.jpg 300w, https:\/\/kfv-mol.de\/Wordpress\/wp-content\/uploads\/2024\/09\/20240829_180508-768x576.jpg 768w, https:\/\/kfv-mol.de\/Wordpress\/wp-content\/uploads\/2024\/09\/20240829_180508-1536x1152.jpg 1536w, https:\/\/kfv-mol.de\/Wordpress\/wp-content\/uploads\/2024\/09\/20240829_180508-2048x1536.jpg 2048w\" data-sizes=\"(max-width: 1024px) 100vw, 1024px\" src=\"data:image\/svg+xml;base64,PHN2ZyB3aWR0aD0iMSIgaGVpZ2h0PSIxIiB4bWxucz0iaHR0cDovL3d3dy53My5vcmcvMjAwMC9zdmciPjwvc3ZnPg==\" style=\"--smush-placeholder-width: 1024px; --smush-placeholder-aspect-ratio: 1024\/768;\" \/><\/figure>\n\n\n\n<figure class=\"wp-block-image size-large\"><img decoding=\"async\" width=\"1024\" height=\"768\" data-id=\"9410\" data-src=\"https:\/\/kfv-mol.de\/Wordpress\/wp-content\/uploads\/2024\/09\/20240829_181150-1024x768.jpg\" alt=\"\" class=\"wp-image-9410 lazyload\" data-srcset=\"https:\/\/kfv-mol.de\/Wordpress\/wp-content\/uploads\/2024\/09\/20240829_181150-1024x768.jpg 1024w, https:\/\/kfv-mol.de\/Wordpress\/wp-content\/uploads\/2024\/09\/20240829_181150-300x225.jpg 300w, https:\/\/kfv-mol.de\/Wordpress\/wp-content\/uploads\/2024\/09\/20240829_181150-768x576.jpg 768w, https:\/\/kfv-mol.de\/Wordpress\/wp-content\/uploads\/2024\/09\/20240829_181150-1536x1152.jpg 1536w, https:\/\/kfv-mol.de\/Wordpress\/wp-content\/uploads\/2024\/09\/20240829_181150-2048x1536.jpg 2048w\" data-sizes=\"(max-width: 1024px) 100vw, 1024px\" src=\"data:image\/svg+xml;base64,PHN2ZyB3aWR0aD0iMSIgaGVpZ2h0PSIxIiB4bWxucz0iaHR0cDovL3d3dy53My5vcmcvMjAwMC9zdmciPjwvc3ZnPg==\" style=\"--smush-placeholder-width: 1024px; --smush-placeholder-aspect-ratio: 1024\/768;\" \/><\/figure>\n\n\n\n<figure class=\"wp-block-image size-large\"><img decoding=\"async\" width=\"768\" height=\"1024\" data-id=\"9409\" data-src=\"https:\/\/kfv-mol.de\/Wordpress\/wp-content\/uploads\/2024\/09\/20240829_1933051-768x1024.jpg\" alt=\"\" class=\"wp-image-9409 lazyload\" data-srcset=\"https:\/\/kfv-mol.de\/Wordpress\/wp-content\/uploads\/2024\/09\/20240829_1933051-768x1024.jpg 768w, https:\/\/kfv-mol.de\/Wordpress\/wp-content\/uploads\/2024\/09\/20240829_1933051-225x300.jpg 225w, https:\/\/kfv-mol.de\/Wordpress\/wp-content\/uploads\/2024\/09\/20240829_1933051-1152x1536.jpg 1152w, https:\/\/kfv-mol.de\/Wordpress\/wp-content\/uploads\/2024\/09\/20240829_1933051-1536x2048.jpg 1536w, https:\/\/kfv-mol.de\/Wordpress\/wp-content\/uploads\/2024\/09\/20240829_1933051-scaled.jpg 1920w\" data-sizes=\"(max-width: 768px) 100vw, 768px\" src=\"data:image\/svg+xml;base64,PHN2ZyB3aWR0aD0iMSIgaGVpZ2h0PSIxIiB4bWxucz0iaHR0cDovL3d3dy53My5vcmcvMjAwMC9zdmciPjwvc3ZnPg==\" style=\"--smush-placeholder-width: 768px; --smush-placeholder-aspect-ratio: 768\/1024;\" \/><\/figure>\n<\/figure>\n\n\n\n<p><\/p>\n\n\n\n<p>Wie bereits gesagt, die Zeit war bei beiden Veranstaltungen zu kurz, aber Ansto\u00df genug an den Themen, die uns aktuell bewegen aktiv weiterzuarbeiten.<\/p>\n\n\n\n<p><\/p>\n","protected":false},"excerpt":{"rendered":"<p>Teilnehmer und damit die Vertreter unseres Kreises waren Jonathan Andree (stellvertretener Kreisjugendfeuerwehrwart) und Jens G\u00f6tze (Vorsitzender). <\/p>\n","protected":false},"author":1,"featured_media":9407,"comment_status":"closed","ping_status":"closed","sticky":false,"template":"","format":"standard","meta":{"footnotes":""},"categories":[4],"tags":[],"class_list":["post-9404","post","type-post","status-publish","format-standard","has-post-thumbnail","hentry","category-kreisfeuerwehrverband"],"_links":{"self":[{"href":"https:\/\/kfv-mol.de\/Wordpress\/wp-json\/wp\/v2\/posts\/9404","targetHints":{"allow":["GET"]}}],"collection":[{"href":"https:\/\/kfv-mol.de\/Wordpress\/wp-json\/wp\/v2\/posts"}],"about":[{"href":"https:\/\/kfv-mol.de\/Wordpress\/wp-json\/wp\/v2\/types\/post"}],"author":[{"embeddable":true,"href":"https:\/\/kfv-mol.de\/Wordpress\/wp-json\/wp\/v2\/users\/1"}],"replies":[{"embeddable":true,"href":"https:\/\/kfv-mol.de\/Wordpress\/wp-json\/wp\/v2\/comments?post=9404"}],"version-history":[{"count":0,"href":"https:\/\/kfv-mol.de\/Wordpress\/wp-json\/wp\/v2\/posts\/9404\/revisions"}],"wp:featuredmedia":[{"embeddable":true,"href":"https:\/\/kfv-mol.de\/Wordpress\/wp-json\/wp\/v2\/media\/9407"}],"wp:attachment":[{"href":"https:\/\/kfv-mol.de\/Wordpress\/wp-json\/wp\/v2\/media?parent=9404"}],"wp:term":[{"taxonomy":"category","embeddable":true,"href":"https:\/\/kfv-mol.de\/Wordpress\/wp-json\/wp\/v2\/categories?post=9404"},{"taxonomy":"post_tag","embeddable":true,"href":"https:\/\/kfv-mol.de\/Wordpress\/wp-json\/wp\/v2\/tags?post=9404"}],"curies":[{"name":"wp","href":"https:\/\/api.w.org\/{rel}","templated":true}]}}