{"id":9400,"date":"2024-09-02T06:00:00","date_gmt":"2024-09-02T05:00:00","guid":{"rendered":"https:\/\/kfv-mol.de\/Wordpress\/?p=9400"},"modified":"2024-09-01T16:55:26","modified_gmt":"2024-09-01T15:55:26","slug":"erster-schultag","status":"publish","type":"post","link":"https:\/\/kfv-mol.de\/Wordpress\/Artikel\/erster-schultag\/","title":{"rendered":"Erster Schultag"},"content":{"rendered":"\n<p>Was macht die Schulzeit so wertvoll?&nbsp;<\/p>\n\n\n\n<p>K\u00f6nnt ihr Euch noch an Eure leuchtenden Augen erinnern, als Ihr Euch stolz mit der neuen Mappe vorm Spiegel gedreht habt? Wart Ihr aufgeregt und gespannt was auf Euch zukommt und was Ihr alles lernen werdet? Hattet Ihr vielleicht sogar ein wenig Angst, dass soooooo unendlich viel Wissen, was der gro\u00dfe Bruder schon in seinem Kopf hat, unm\u00f6glich in Euer noch wachsendes K\u00f6pfchen reinpassen kann?<\/p>\n\n\n\n<p>Wir kennen das Gef\u00fchl! Ist schon ein paar Jahre her, aber auch wir waren mal ABC-Sch\u00fctzen und die Nacht vorm ersten Schultag war durch wachsende Aufregung und Neugier sehr kurz.<\/p>\n\n\n\n<p>Schulzeit bringt Euch viele Freunde, schwei\u00dft Bande zusammen, die oft ein Leben lang fest halten, aber lehrt Euch trotzdem auch mal Streit zu schlichten, Positionen zu beziehen und diese auch vertreten zu k\u00f6nnen. Schule macht Euch stark f\u00fcrs Leben,stellt Euch hier und da auch mal die Beine. Doch sp\u00e4testens<\/p>\n\n\n\n<p>&nbsp;beim Bockspringen lernt Ihr einfach aufzustehen und \u00fcber so manch Hindernis hinweg zu h\u00fcpfen!<\/p>\n\n\n\n<p>Schule schenkt Euch Wissen und st\u00e4rkt Euch den R\u00fccken!<\/p>\n\n\n\n<p>Schule macht Spa\u00df und ist ein langj\u00e4hriger Weggef\u00e4hrte, den man manchmal sehr mag und ab und an einfach nur doof-dusselig findet. Vielleicht ein wenig wie die eigenen Eltern. Sie nerven manchmal bis zum Mond und zur\u00fcck, ist aber froh sie an der Seite zu wissen und man f\u00fchlt sich sicher.<\/p>\n\n\n\n<p>Wir w\u00fcnschen Euch tolle Eindr\u00fccke, beginnende Freundschaften, nette Lehrer und spannende Lehreinheiten, vor Allem aber immer einen sicheren Schulweg!<\/p>\n\n\n\n<p>Der Kreisfeuerwehrverband M\u00e4rkisch Oderland w\u00fcnscht Euch heute und in den kommenden Jahren viel Freude am Entdecken, Lernen und Freundschaften kn\u00fcpfen! F\u00fcllt Euren Wissensspeicher und genie\u00dft jede wertvolle Minute mit neu gewonnenen Freunden!<\/p>\n\n\n\n<p>Gleichzeitig bitten wir ausnahmslos alle Stra\u00dfenverkehrsteilnehmer um besonderes Augenmerk auf s\u00e4mtlichen Schulwegen. Fahrt doppelt so vorsichtig und achtet ein wenig mehr auf unsere neuen Schulkinder!&nbsp;<\/p>\n\n\n\n<p>Eine Bitte auch an unsere stolzen Eltern:<\/p>\n\n\n\n<p>Jeder hat Verst\u00e4ndnis daf\u00fcr, dass ihr Eure kleine Sch\u00e4tze sicher zur Schule bringen wollt, aber bitte parkt daf\u00fcr in den vorgesehenen Fl\u00e4chen oder lasst das KFZ nicht zu lange stehen. Hunderte parkender Autos bedeuten schlecht einsehbare Stra\u00dfen und erh\u00f6hen leider auch das Risiko, dass schnell etwas passieren kann.&nbsp;<\/p>\n\n\n\n<p>Stichwort -Ball auf Stra\u00dfe-&nbsp;<\/p>\n\n\n\n<p>In diesem Sinne \u201eDrive careful and save our kids\u201c<\/p>\n","protected":false},"excerpt":{"rendered":"<p>Was macht die Schulzeit so wertvoll?&nbsp; K\u00f6nnt ihr Euch noch an Eure leuchtenden Augen erinnern, als Ihr Euch stolz mit der neuen Mappe vorm Spiegel gedreht habt? Wart Ihr aufgeregt und gespannt was auf Euch zukommt und was Ihr alles lernen werdet? Hattet Ihr vielleicht sogar ein wenig Angst, dass soooooo unendlich viel Wissen, was [&hellip;]<\/p>\n","protected":false},"author":1,"featured_media":9401,"comment_status":"closed","ping_status":"closed","sticky":false,"template":"","format":"standard","meta":{"footnotes":""},"categories":[1],"tags":[],"class_list":["post-9400","post","type-post","status-publish","format-standard","has-post-thumbnail","hentry","category-sonstige"],"_links":{"self":[{"href":"https:\/\/kfv-mol.de\/Wordpress\/wp-json\/wp\/v2\/posts\/9400","targetHints":{"allow":["GET"]}}],"collection":[{"href":"https:\/\/kfv-mol.de\/Wordpress\/wp-json\/wp\/v2\/posts"}],"about":[{"href":"https:\/\/kfv-mol.de\/Wordpress\/wp-json\/wp\/v2\/types\/post"}],"author":[{"embeddable":true,"href":"https:\/\/kfv-mol.de\/Wordpress\/wp-json\/wp\/v2\/users\/1"}],"replies":[{"embeddable":true,"href":"https:\/\/kfv-mol.de\/Wordpress\/wp-json\/wp\/v2\/comments?post=9400"}],"version-history":[{"count":0,"href":"https:\/\/kfv-mol.de\/Wordpress\/wp-json\/wp\/v2\/posts\/9400\/revisions"}],"wp:featuredmedia":[{"embeddable":true,"href":"https:\/\/kfv-mol.de\/Wordpress\/wp-json\/wp\/v2\/media\/9401"}],"wp:attachment":[{"href":"https:\/\/kfv-mol.de\/Wordpress\/wp-json\/wp\/v2\/media?parent=9400"}],"wp:term":[{"taxonomy":"category","embeddable":true,"href":"https:\/\/kfv-mol.de\/Wordpress\/wp-json\/wp\/v2\/categories?post=9400"},{"taxonomy":"post_tag","embeddable":true,"href":"https:\/\/kfv-mol.de\/Wordpress\/wp-json\/wp\/v2\/tags?post=9400"}],"curies":[{"name":"wp","href":"https:\/\/api.w.org\/{rel}","templated":true}]}}