{"id":9392,"date":"2024-08-24T07:52:54","date_gmt":"2024-08-24T06:52:54","guid":{"rendered":"https:\/\/kfv-mol.de\/Wordpress\/?p=9392"},"modified":"2024-08-24T07:52:54","modified_gmt":"2024-08-24T06:52:54","slug":"wundervoller-ausflug","status":"publish","type":"post","link":"https:\/\/kfv-mol.de\/Wordpress\/Artikel\/wundervoller-ausflug\/","title":{"rendered":"Wundervoller Ausflug"},"content":{"rendered":"\n<p><\/p>\n\n\n\n<p>Florian MOL mit FINCKE unterwegs!<\/p>\n\n\n\n<figure class=\"wp-block-image size-large\"><img decoding=\"async\" width=\"768\" height=\"1024\" data-src=\"https:\/\/kfv-mol.de\/Wordpress\/wp-content\/uploads\/2024\/08\/IMG_4585-768x1024.jpeg\" alt=\"\" class=\"wp-image-9394 lazyload\" data-srcset=\"https:\/\/kfv-mol.de\/Wordpress\/wp-content\/uploads\/2024\/08\/IMG_4585-768x1024.jpeg 768w, https:\/\/kfv-mol.de\/Wordpress\/wp-content\/uploads\/2024\/08\/IMG_4585-225x300.jpeg 225w, https:\/\/kfv-mol.de\/Wordpress\/wp-content\/uploads\/2024\/08\/IMG_4585-1152x1536.jpeg 1152w, https:\/\/kfv-mol.de\/Wordpress\/wp-content\/uploads\/2024\/08\/IMG_4585.jpeg 1200w\" data-sizes=\"(max-width: 768px) 100vw, 768px\" src=\"data:image\/svg+xml;base64,PHN2ZyB3aWR0aD0iMSIgaGVpZ2h0PSIxIiB4bWxucz0iaHR0cDovL3d3dy53My5vcmcvMjAwMC9zdmciPjwvc3ZnPg==\" style=\"--smush-placeholder-width: 768px; --smush-placeholder-aspect-ratio: 768\/1024;\" \/><\/figure>\n\n\n\n<p>Von M\u00fcncheberg bis Hoppegarten bei Berlin kamen 47 Kameraden und Partner der Alters- und Ehrenabteilung der Freiwilligen Feuerwehren des Altkreises Strausberg, um am Mittwoch den 21. August mit dem Busunternehmen FINCKE einen sch\u00f6nen Tag in der Mecklenburgischen Seenplatte zu verbringen. Nach einer Kaffeepause auf der Autobahn bei Neuruppin war die erste Station das Seehotel am Plauer See. Dort erwartete uns ein sehr schmackhaftes Mittagessen und ein herrlicher Ausblick auf den See. Von der Schiffanlegestelle Metow des Schifffahrtsunternehmen &#8220; Wichmann &#8220; fuhren wir mit dem Motorschiff &#8220; Dr. Ernst Alban &#8222;\u00fcber dem Plauer See, dem Petersdorfer See und dem Malchower See und wieder zur\u00fcck. Auf dem Schiff, das \u00fcbrigens die Plakette &#8222;Partner unserer Feuerwehren&#8220; des LFV Mecklenburg- Vorpommern trug, erwartete uns auch Kaffee und Kuchen. Leider war das Programm am Nachmittag wieder zu Ende und uns blieb nur noch die z\u00fcgige R\u00fcckreise in unsere Heimatorte.Herzlichen Dank an unseren Reiseorganisator Kameraden Eckhard Naujoks aus Hoppegarten bei Berlin.<\/p>\n","protected":false},"excerpt":{"rendered":"<p>Florian MOL mit FINCKE unterwegs! Von M\u00fcncheberg bis Hoppegarten bei Berlin kamen 47 Kameraden und Partner der Alters- und Ehrenabteilung der Freiwilligen Feuerwehren des Altkreises Strausberg, um am Mittwoch den 21. August mit dem Busunternehmen FINCKE einen sch\u00f6nen Tag in der Mecklenburgischen Seenplatte zu verbringen. Nach einer Kaffeepause auf der Autobahn bei Neuruppin war die [&hellip;]<\/p>\n","protected":false},"author":1,"featured_media":9393,"comment_status":"closed","ping_status":"closed","sticky":false,"template":"","format":"standard","meta":{"footnotes":""},"categories":[1],"tags":[],"class_list":["post-9392","post","type-post","status-publish","format-standard","has-post-thumbnail","hentry","category-sonstige"],"_links":{"self":[{"href":"https:\/\/kfv-mol.de\/Wordpress\/wp-json\/wp\/v2\/posts\/9392","targetHints":{"allow":["GET"]}}],"collection":[{"href":"https:\/\/kfv-mol.de\/Wordpress\/wp-json\/wp\/v2\/posts"}],"about":[{"href":"https:\/\/kfv-mol.de\/Wordpress\/wp-json\/wp\/v2\/types\/post"}],"author":[{"embeddable":true,"href":"https:\/\/kfv-mol.de\/Wordpress\/wp-json\/wp\/v2\/users\/1"}],"replies":[{"embeddable":true,"href":"https:\/\/kfv-mol.de\/Wordpress\/wp-json\/wp\/v2\/comments?post=9392"}],"version-history":[{"count":0,"href":"https:\/\/kfv-mol.de\/Wordpress\/wp-json\/wp\/v2\/posts\/9392\/revisions"}],"wp:featuredmedia":[{"embeddable":true,"href":"https:\/\/kfv-mol.de\/Wordpress\/wp-json\/wp\/v2\/media\/9393"}],"wp:attachment":[{"href":"https:\/\/kfv-mol.de\/Wordpress\/wp-json\/wp\/v2\/media?parent=9392"}],"wp:term":[{"taxonomy":"category","embeddable":true,"href":"https:\/\/kfv-mol.de\/Wordpress\/wp-json\/wp\/v2\/categories?post=9392"},{"taxonomy":"post_tag","embeddable":true,"href":"https:\/\/kfv-mol.de\/Wordpress\/wp-json\/wp\/v2\/tags?post=9392"}],"curies":[{"name":"wp","href":"https:\/\/api.w.org\/{rel}","templated":true}]}}