{"id":9337,"date":"2024-06-21T11:28:00","date_gmt":"2024-06-21T10:28:00","guid":{"rendered":"https:\/\/kfv-mol.de\/Wordpress\/?p=9337"},"modified":"2024-06-21T11:28:00","modified_gmt":"2024-06-21T10:28:00","slug":"achtung-geaenderte-location","status":"publish","type":"post","link":"https:\/\/kfv-mol.de\/Wordpress\/Artikel\/achtung-geaenderte-location\/","title":{"rendered":"Achtung! Ge\u00e4nderte Location"},"content":{"rendered":"\n<p>Sehr geehrte Kameradinnen und Kameraden,<\/p>\n\n\n\n<p>durch die Bodenverh\u00e4ltnisse im Museumspark m\u00fcssen wir die au\u00dferordentliche Delegiertenversammlung des KFV-MOL&nbsp;am kommenden Samstag&nbsp;22.06.2024 in das&nbsp;<\/p>\n\n\n\n<h1 class=\"wp-block-heading\">Kulturhaus Martin Andersen Nex\u00f6 R\u00fcdersdorf,&nbsp;Kalkberger Platz 31, 15562 R\u00fcdersdorf bei Berlin<\/h1>\n\n\n\n<p>verlegen. Hier findet ebenfalls die abendliche Festveranstaltung statt. Parkm\u00f6glichkeiten sind vorhanden. Fu\u00dfl\u00e4ufig ist auch das Veranstaltungsgel\u00e4nde im Museumspark zu erreichen.<\/p>\n","protected":false},"excerpt":{"rendered":"<p>Sehr geehrte Kameradinnen und Kameraden, durch die Bodenverh\u00e4ltnisse im Museumspark m\u00fcssen wir die au\u00dferordentliche Delegiertenversammlung des KFV-MOL&nbsp;am kommenden Samstag&nbsp;22.06.2024 in das&nbsp; Kulturhaus Martin Andersen Nex\u00f6 R\u00fcdersdorf,&nbsp;Kalkberger Platz 31, 15562 R\u00fcdersdorf bei Berlin verlegen. Hier findet ebenfalls die abendliche Festveranstaltung statt. Parkm\u00f6glichkeiten sind vorhanden. Fu\u00dfl\u00e4ufig ist auch das Veranstaltungsgel\u00e4nde im Museumspark zu erreichen.<\/p>\n","protected":false},"author":1,"featured_media":9118,"comment_status":"closed","ping_status":"closed","sticky":false,"template":"","format":"standard","meta":{"footnotes":""},"categories":[1],"tags":[],"class_list":["post-9337","post","type-post","status-publish","format-standard","has-post-thumbnail","hentry","category-sonstige"],"_links":{"self":[{"href":"https:\/\/kfv-mol.de\/Wordpress\/wp-json\/wp\/v2\/posts\/9337","targetHints":{"allow":["GET"]}}],"collection":[{"href":"https:\/\/kfv-mol.de\/Wordpress\/wp-json\/wp\/v2\/posts"}],"about":[{"href":"https:\/\/kfv-mol.de\/Wordpress\/wp-json\/wp\/v2\/types\/post"}],"author":[{"embeddable":true,"href":"https:\/\/kfv-mol.de\/Wordpress\/wp-json\/wp\/v2\/users\/1"}],"replies":[{"embeddable":true,"href":"https:\/\/kfv-mol.de\/Wordpress\/wp-json\/wp\/v2\/comments?post=9337"}],"version-history":[{"count":0,"href":"https:\/\/kfv-mol.de\/Wordpress\/wp-json\/wp\/v2\/posts\/9337\/revisions"}],"wp:featuredmedia":[{"embeddable":true,"href":"https:\/\/kfv-mol.de\/Wordpress\/wp-json\/wp\/v2\/media\/9118"}],"wp:attachment":[{"href":"https:\/\/kfv-mol.de\/Wordpress\/wp-json\/wp\/v2\/media?parent=9337"}],"wp:term":[{"taxonomy":"category","embeddable":true,"href":"https:\/\/kfv-mol.de\/Wordpress\/wp-json\/wp\/v2\/categories?post=9337"},{"taxonomy":"post_tag","embeddable":true,"href":"https:\/\/kfv-mol.de\/Wordpress\/wp-json\/wp\/v2\/tags?post=9337"}],"curies":[{"name":"wp","href":"https:\/\/api.w.org\/{rel}","templated":true}]}}