{"id":9116,"date":"2024-06-03T15:11:43","date_gmt":"2024-06-03T14:11:43","guid":{"rendered":"https:\/\/kfv-mol.de\/Wordpress\/?p=9116"},"modified":"2024-06-04T17:12:42","modified_gmt":"2024-06-04T16:12:42","slug":"wir-feiern-30-jahre-kfv","status":"publish","type":"post","link":"https:\/\/kfv-mol.de\/Wordpress\/Artikel\/wir-feiern-30-jahre-kfv\/","title":{"rendered":"Wir feiern 30 Jahre KFV!"},"content":{"rendered":"\n<p>Am 22.06.2024 steppt auf dem Museumsparkgel\u00e4nde R\u00fcdersdorf nicht nur der B\u00e4r, sondern auch schmucke Kameraden in Uniform. Die Freiwillige Feuerwehr R\u00fcdersdorf hat zusammen mit dem KFV MOL ein Wahnsinns-Event auf die Beine gestellt, auf welchem wir interessante Fakten und Vorf\u00fchrungen \u00fcber feuerwehrrelevante Themen pr\u00e4sentieren&nbsp;&nbsp;und zeitgleich mit Euch zusammen das 30-j\u00e4hrige Bestehen unseres Kreisfeuerwehrverband M\u00e4rkisch-Oderland e. V. feiern wollen. Wir laden dazu recht herzlich ein.&nbsp;<\/p>\n\n\n\n<p>M\u00f6chtet ihr Euch ein Fahrzeug mal von innen ansehen, habt ihr Fragen an uns Kameraden zum Einsatzgeschehen, wollt ihr Spiel, Spa\u00df und gute Laune? Dann haben wir hier was Starkes am Start mit stimmiger Mucke, vielen Schaustellern und toller Moderation. Kommt vorbei, lasst Euch vom Feuerwehrfieber \u201eanstecken\u201c und schleppt&nbsp;&nbsp;Freunde und Familie mit zur Mega-Sause. Jeder ist willkommen und Speis und Trank ist reichlich vorhanden.<\/p>\n\n\n\n<p>Wir w\u00e4ren sehr dankbar, wenn ihr unsere Veranstaltung zahlreich teilt. Je mehr Besucher, desto fetter die Fete. Wir freuen uns auf einen ereignisreichen Tag mit vielen kleinen und gro\u00dfen G\u00e4sten!<\/p>\n","protected":false},"excerpt":{"rendered":"<p>Am 22.06.2024 steppt auf dem Museumsparkgel\u00e4nde R\u00fcdersdorf nicht nur der B\u00e4r, sondern auch schmucke Kameraden in Uniform. Die Freiwillige Feuerwehr R\u00fcdersdorf hat zusammen mit dem KFV MOL ein Wahnsinns-Event auf die Beine gestellt, auf welchem wir interessante Fakten und Vorf\u00fchrungen \u00fcber feuerwehrrelevante Themen pr\u00e4sentieren&nbsp;&nbsp;und zeitgleich mit Euch zusammen das 30-j\u00e4hrige Bestehen unseres Kreisfeuerwehrverband M\u00e4rkisch-Oderland e. [&hellip;]<\/p>\n","protected":false},"author":12,"featured_media":9117,"comment_status":"closed","ping_status":"closed","sticky":false,"template":"","format":"standard","meta":{"footnotes":""},"categories":[1],"tags":[],"class_list":["post-9116","post","type-post","status-publish","format-standard","has-post-thumbnail","hentry","category-sonstige"],"_links":{"self":[{"href":"https:\/\/kfv-mol.de\/Wordpress\/wp-json\/wp\/v2\/posts\/9116","targetHints":{"allow":["GET"]}}],"collection":[{"href":"https:\/\/kfv-mol.de\/Wordpress\/wp-json\/wp\/v2\/posts"}],"about":[{"href":"https:\/\/kfv-mol.de\/Wordpress\/wp-json\/wp\/v2\/types\/post"}],"author":[{"embeddable":true,"href":"https:\/\/kfv-mol.de\/Wordpress\/wp-json\/wp\/v2\/users\/12"}],"replies":[{"embeddable":true,"href":"https:\/\/kfv-mol.de\/Wordpress\/wp-json\/wp\/v2\/comments?post=9116"}],"version-history":[{"count":0,"href":"https:\/\/kfv-mol.de\/Wordpress\/wp-json\/wp\/v2\/posts\/9116\/revisions"}],"wp:featuredmedia":[{"embeddable":true,"href":"https:\/\/kfv-mol.de\/Wordpress\/wp-json\/wp\/v2\/media\/9117"}],"wp:attachment":[{"href":"https:\/\/kfv-mol.de\/Wordpress\/wp-json\/wp\/v2\/media?parent=9116"}],"wp:term":[{"taxonomy":"category","embeddable":true,"href":"https:\/\/kfv-mol.de\/Wordpress\/wp-json\/wp\/v2\/categories?post=9116"},{"taxonomy":"post_tag","embeddable":true,"href":"https:\/\/kfv-mol.de\/Wordpress\/wp-json\/wp\/v2\/tags?post=9116"}],"curies":[{"name":"wp","href":"https:\/\/api.w.org\/{rel}","templated":true}]}}