{"id":9113,"date":"2024-06-03T04:30:17","date_gmt":"2024-06-03T03:30:17","guid":{"rendered":"https:\/\/kfv-mol.de\/Wordpress\/?p=9113"},"modified":"2024-06-04T17:14:50","modified_gmt":"2024-06-04T16:14:50","slug":"polizist-stirbt-im-einsatz","status":"publish","type":"post","link":"https:\/\/kfv-mol.de\/Wordpress\/Artikel\/polizist-stirbt-im-einsatz\/","title":{"rendered":"Polizist stirbt im Einsatz"},"content":{"rendered":"\n<p>Der Kreisfeuerwehrverband M\u00e4rkisch-Oderland dr\u00fcckt der Familie und den Kollegen des im Dienst get\u00f6teten Polizisten unser tiefes Mitgef\u00fchl aus. Es ist tragisch, wenn so junge, engagierte Leute ihr Leben im Dienst verlieren. Egal ob Polizist, Rettungskraft oder Feuerwehrkamerad, wir sind eine Familie!<br>Gleich zwei Helfer aus unserer Blaulichtfamilie an einem Wochenende zu verlieren, macht uns fassungslos. Wir trauern um zwei wundervolle Seelen.<\/p>\n","protected":false},"excerpt":{"rendered":"<p>Der Kreisfeuerwehrverband M\u00e4rkisch-Oderland dr\u00fcckt der Familie und den Kollegen des im Dienst get\u00f6teten Polizisten unser tiefes Mitgef\u00fchl aus. Es ist tragisch, wenn so junge, engagierte Leute ihr Leben im Dienst verlieren. Egal ob Polizist, Rettungskraft oder Feuerwehrkamerad, wir sind eine Familie!Gleich zwei Helfer aus unserer Blaulichtfamilie an einem Wochenende zu verlieren, macht uns fassungslos. Wir [&hellip;]<\/p>\n","protected":false},"author":1,"featured_media":9109,"comment_status":"closed","ping_status":"closed","sticky":false,"template":"","format":"standard","meta":{"footnotes":""},"categories":[1],"tags":[],"class_list":["post-9113","post","type-post","status-publish","format-standard","has-post-thumbnail","hentry","category-sonstige"],"_links":{"self":[{"href":"https:\/\/kfv-mol.de\/Wordpress\/wp-json\/wp\/v2\/posts\/9113","targetHints":{"allow":["GET"]}}],"collection":[{"href":"https:\/\/kfv-mol.de\/Wordpress\/wp-json\/wp\/v2\/posts"}],"about":[{"href":"https:\/\/kfv-mol.de\/Wordpress\/wp-json\/wp\/v2\/types\/post"}],"author":[{"embeddable":true,"href":"https:\/\/kfv-mol.de\/Wordpress\/wp-json\/wp\/v2\/users\/1"}],"replies":[{"embeddable":true,"href":"https:\/\/kfv-mol.de\/Wordpress\/wp-json\/wp\/v2\/comments?post=9113"}],"version-history":[{"count":0,"href":"https:\/\/kfv-mol.de\/Wordpress\/wp-json\/wp\/v2\/posts\/9113\/revisions"}],"wp:featuredmedia":[{"embeddable":true,"href":"https:\/\/kfv-mol.de\/Wordpress\/wp-json\/wp\/v2\/media\/9109"}],"wp:attachment":[{"href":"https:\/\/kfv-mol.de\/Wordpress\/wp-json\/wp\/v2\/media?parent=9113"}],"wp:term":[{"taxonomy":"category","embeddable":true,"href":"https:\/\/kfv-mol.de\/Wordpress\/wp-json\/wp\/v2\/categories?post=9113"},{"taxonomy":"post_tag","embeddable":true,"href":"https:\/\/kfv-mol.de\/Wordpress\/wp-json\/wp\/v2\/tags?post=9113"}],"curies":[{"name":"wp","href":"https:\/\/api.w.org\/{rel}","templated":true}]}}