{"id":9090,"date":"2024-05-09T07:39:14","date_gmt":"2024-05-09T06:39:14","guid":{"rendered":"https:\/\/kfv-mol.de\/Wordpress\/?p=9090"},"modified":"2024-06-05T13:07:54","modified_gmt":"2024-06-05T12:07:54","slug":"herrentag","status":"publish","type":"post","link":"https:\/\/kfv-mol.de\/Wordpress\/Artikel\/herrentag\/","title":{"rendered":"Herrentag"},"content":{"rendered":"\n<p>Du tr\u00e4gst ein hautenges Dress mit fettem Emblem, heftig coolem Mantel und h\u00e4ltst Asteroiden davon ab, die Erde in Schutt und Asche zu legen?&nbsp;<\/p>\n\n\n\n<p>Du bist t\u00e4glich f\u00fcr Deine Familie zur Stelle und besch\u00fctzt Deine kleine Prinzessin vor b\u00f6sen Spinnen oder wackelnden Kletterger\u00fcsten?&nbsp;<\/p>\n\n\n\n<p>Bist Du der Typ, den die Kollegen sch\u00e4tzen und der immer ein offenes Ohr hat?&nbsp;<\/p>\n\n\n\n<p>Oder vielleicht tr\u00e4gst Du Hupf Dick und ziehst Menschen aus brennenden Geb\u00e4uden?&nbsp;<\/p>\n\n\n\n<p>Der Kreisfeuerwehrverband M\u00e4rkisch-Oderland dankt allen V\u00e4tern, Br\u00fcdern, Kollegen und Kameraden daf\u00fcr, dass ihr jeden Tag aufs Neue entscheidet, welcher Held ihr sein wollt. Ihr seid uns alle lieb und teuer als Unterst\u00fctzer, F\u00f6rderer oder Begleiter auf Eins\u00e4tzen.&nbsp;<\/p>\n\n\n\n<p>Wir w\u00fcnschen Euch einen wundervollen Herrentag bei feinstem Wetter!<\/p>\n\n\n\n<figure class=\"wp-block-image size-large\"><img decoding=\"async\" width=\"1024\" height=\"768\" data-src=\"https:\/\/kfv-mol.de\/Wordpress\/wp-content\/uploads\/2024\/05\/IMG_3672-1-1024x768.jpeg\" alt=\"\" class=\"wp-image-9091 lazyload\" data-srcset=\"https:\/\/kfv-mol.de\/Wordpress\/wp-content\/uploads\/2024\/05\/IMG_3672-1-1024x768.jpeg 1024w, https:\/\/kfv-mol.de\/Wordpress\/wp-content\/uploads\/2024\/05\/IMG_3672-1-300x225.jpeg 300w, https:\/\/kfv-mol.de\/Wordpress\/wp-content\/uploads\/2024\/05\/IMG_3672-1-768x576.jpeg 768w, https:\/\/kfv-mol.de\/Wordpress\/wp-content\/uploads\/2024\/05\/IMG_3672-1-1536x1152.jpeg 1536w, https:\/\/kfv-mol.de\/Wordpress\/wp-content\/uploads\/2024\/05\/IMG_3672-1-2048x1536.jpeg 2048w\" data-sizes=\"(max-width: 1024px) 100vw, 1024px\" src=\"data:image\/svg+xml;base64,PHN2ZyB3aWR0aD0iMSIgaGVpZ2h0PSIxIiB4bWxucz0iaHR0cDovL3d3dy53My5vcmcvMjAwMC9zdmciPjwvc3ZnPg==\" style=\"--smush-placeholder-width: 1024px; --smush-placeholder-aspect-ratio: 1024\/768;\" \/><\/figure>\n","protected":false},"excerpt":{"rendered":"<p>Du tr\u00e4gst ein hautenges Dress mit fettem Emblem, heftig coolem Mantel und h\u00e4ltst Asteroiden davon ab, die Erde in Schutt und Asche zu legen?&nbsp; Du bist t\u00e4glich f\u00fcr Deine Familie zur Stelle und besch\u00fctzt Deine kleine Prinzessin vor b\u00f6sen Spinnen oder wackelnden Kletterger\u00fcsten?&nbsp; Bist Du der Typ, den die Kollegen sch\u00e4tzen und der immer ein [&hellip;]<\/p>\n","protected":false},"author":1,"featured_media":9160,"comment_status":"closed","ping_status":"closed","sticky":false,"template":"","format":"standard","meta":{"footnotes":""},"categories":[1],"tags":[],"class_list":["post-9090","post","type-post","status-publish","format-standard","has-post-thumbnail","hentry","category-sonstige"],"_links":{"self":[{"href":"https:\/\/kfv-mol.de\/Wordpress\/wp-json\/wp\/v2\/posts\/9090","targetHints":{"allow":["GET"]}}],"collection":[{"href":"https:\/\/kfv-mol.de\/Wordpress\/wp-json\/wp\/v2\/posts"}],"about":[{"href":"https:\/\/kfv-mol.de\/Wordpress\/wp-json\/wp\/v2\/types\/post"}],"author":[{"embeddable":true,"href":"https:\/\/kfv-mol.de\/Wordpress\/wp-json\/wp\/v2\/users\/1"}],"replies":[{"embeddable":true,"href":"https:\/\/kfv-mol.de\/Wordpress\/wp-json\/wp\/v2\/comments?post=9090"}],"version-history":[{"count":0,"href":"https:\/\/kfv-mol.de\/Wordpress\/wp-json\/wp\/v2\/posts\/9090\/revisions"}],"wp:featuredmedia":[{"embeddable":true,"href":"https:\/\/kfv-mol.de\/Wordpress\/wp-json\/wp\/v2\/media\/9160"}],"wp:attachment":[{"href":"https:\/\/kfv-mol.de\/Wordpress\/wp-json\/wp\/v2\/media?parent=9090"}],"wp:term":[{"taxonomy":"category","embeddable":true,"href":"https:\/\/kfv-mol.de\/Wordpress\/wp-json\/wp\/v2\/categories?post=9090"},{"taxonomy":"post_tag","embeddable":true,"href":"https:\/\/kfv-mol.de\/Wordpress\/wp-json\/wp\/v2\/tags?post=9090"}],"curies":[{"name":"wp","href":"https:\/\/api.w.org\/{rel}","templated":true}]}}