{"id":9037,"date":"2024-04-17T18:20:22","date_gmt":"2024-04-17T17:20:22","guid":{"rendered":"https:\/\/kfv-mol.de\/Wordpress\/?p=9037"},"modified":"2024-05-04T19:04:55","modified_gmt":"2024-05-04T18:04:55","slug":"anstehende-termine-kreisjugendfeuerwehr","status":"publish","type":"post","link":"https:\/\/kfv-mol.de\/Wordpress\/Artikel\/anstehende-termine-kreisjugendfeuerwehr\/","title":{"rendered":"Anstehende Termine Kreisjugendfeuerwehr"},"content":{"rendered":"\n<p>Liebe Kameradinnen, Kameraden und Freunde der Feuerwehr,<\/p>\n\n\n\n<p>Unsere Jugend m\u00f6chte nicht nur gef\u00f6rdert, sondern auch gefordert werden. Es stehen wieder viele Events im Raum, die unseren Kids nicht nur das n\u00f6tige R\u00fcstzeug f\u00fcr den sp\u00e4teren aktiven Dienst vermitteln sollen, sondern auch einen gro\u00dfen Spassfaktor mit sich bringen. Wir hoffen auf rege Teilnahme, viele Besucher und sind uns sicher, dass wir hier auf viele Interessenten sto\u00dfen, Kinderaugen vor Tatendrang leuchten und viele Freundschaften geschlossen werden. Gemeinsam sind wir stark!<\/p>\n\n\n\n<p>11.05.2024 LM Bundeswettbewerbe Dobrelug-Kirchhain<\/p>\n\n\n\n<p>24.05.2024 Kreisjugendfeuerwehrausschuss in Bad Freienwalde<\/p>\n\n\n\n<p>15.06.2024 Bereichsmeisterschaft Strausberg Ort n. bekannt<\/p>\n\n\n\n<p>29.06.2024 Bereichsmeisterschaft Seelow&nbsp; in Kienitz<\/p>\n\n\n\n<p>01.06.2024 Bereichsmeisterschaft Bad Freienwalde in Falkenberg<\/p>\n\n\n\n<p>13.07.2024 Kreismeisterschaft &nbsp;MOL in Bad Freienwalde<\/p>\n\n\n\n<p>13.-14-09-2024 LM Pokal und Einzel in Guben<\/p>\n\n\n\n<p>29.09.2024 Aktionstag in Golzow<\/p>\n\n\n\n<div class=\"wp-block-file\"><a id=\"wp-block-file--media-bd2cdf65-b32b-43a3-8455-ecdc4c376d08\" href=\"https:\/\/kfv-mol.de\/Wordpress\/wp-content\/uploads\/2024\/05\/Teilnehmerliste-L-Antrag-2024.xlsx\">Teilnehmerliste L-Antrag 2024<\/a><a href=\"https:\/\/kfv-mol.de\/Wordpress\/wp-content\/uploads\/2024\/05\/Teilnehmerliste-L-Antrag-2024.xlsx\" class=\"wp-block-file__button wp-element-button\" download aria-describedby=\"wp-block-file--media-bd2cdf65-b32b-43a3-8455-ecdc4c376d08\">Herunterladen<\/a><\/div>\n","protected":false},"excerpt":{"rendered":"<p>Liebe Kameradinnen, Kameraden und Freunde der Feuerwehr, Unsere Jugend m\u00f6chte nicht nur gef\u00f6rdert, sondern auch gefordert werden. Es stehen wieder viele Events im Raum, die unseren Kids nicht nur das n\u00f6tige R\u00fcstzeug f\u00fcr den sp\u00e4teren aktiven Dienst vermitteln sollen, sondern auch einen gro\u00dfen Spassfaktor mit sich bringen. Wir hoffen auf rege Teilnahme, viele Besucher und [&hellip;]<\/p>\n","protected":false},"author":1,"featured_media":0,"comment_status":"closed","ping_status":"closed","sticky":false,"template":"","format":"standard","meta":{"footnotes":""},"categories":[5],"tags":[],"class_list":["post-9037","post","type-post","status-publish","format-standard","hentry","category-kreisjugendfeuerwehr"],"_links":{"self":[{"href":"https:\/\/kfv-mol.de\/Wordpress\/wp-json\/wp\/v2\/posts\/9037","targetHints":{"allow":["GET"]}}],"collection":[{"href":"https:\/\/kfv-mol.de\/Wordpress\/wp-json\/wp\/v2\/posts"}],"about":[{"href":"https:\/\/kfv-mol.de\/Wordpress\/wp-json\/wp\/v2\/types\/post"}],"author":[{"embeddable":true,"href":"https:\/\/kfv-mol.de\/Wordpress\/wp-json\/wp\/v2\/users\/1"}],"replies":[{"embeddable":true,"href":"https:\/\/kfv-mol.de\/Wordpress\/wp-json\/wp\/v2\/comments?post=9037"}],"version-history":[{"count":0,"href":"https:\/\/kfv-mol.de\/Wordpress\/wp-json\/wp\/v2\/posts\/9037\/revisions"}],"wp:attachment":[{"href":"https:\/\/kfv-mol.de\/Wordpress\/wp-json\/wp\/v2\/media?parent=9037"}],"wp:term":[{"taxonomy":"category","embeddable":true,"href":"https:\/\/kfv-mol.de\/Wordpress\/wp-json\/wp\/v2\/categories?post=9037"},{"taxonomy":"post_tag","embeddable":true,"href":"https:\/\/kfv-mol.de\/Wordpress\/wp-json\/wp\/v2\/tags?post=9037"}],"curies":[{"name":"wp","href":"https:\/\/api.w.org\/{rel}","templated":true}]}}