{"id":9023,"date":"2024-04-15T21:25:26","date_gmt":"2024-04-15T20:25:26","guid":{"rendered":"https:\/\/kfv-mol.de\/Wordpress\/?p=9023"},"modified":"2024-04-15T21:25:28","modified_gmt":"2024-04-15T20:25:28","slug":"lehrgang-fahrsicherheitstraining","status":"publish","type":"post","link":"https:\/\/kfv-mol.de\/Wordpress\/Artikel\/lehrgang-fahrsicherheitstraining\/","title":{"rendered":"Lehrgang Fahrsicherheitstraining"},"content":{"rendered":"\n<p>Ob auf dem Weg zum Ger\u00e4tehaus, auf Einsatzfahrten oder der Ausflug mit der Jugendfeuerwehr. Fahren mit Einsatzfahrzeugen stellt eine besondere Herausforderung dar. Wie verh\u00e4lt sich der neue MTW auf regennasser Fahrbahn oder was kann ich als Maschinist meinem vollen TLF zumuten?<\/p>\n\n\n\n<p>Der Lehrgang Fahrsicherheitstraining wird seit vielen Jahren durch die KFV Barnim und LOS angeboten, ab diesem Jahr k\u00f6nnen auch interessierte Kameradinnen und Kameraden der Freiwilligen Feuerwehren unseres Landkreises teilnehmen.<\/p>\n\n\n\n<p><strong>Ablauf des Lehrganges:<\/strong><br>Der Lehrgang gliedert sich in die Module Stra\u00dfe und Gel\u00e4nde.<\/p>\n\n\n\n<p><em>Modul Stra\u00dfe:<\/em><br>Die theoretische Ausbildung findet in einem Ger\u00e4tehaus des LK MOL statt und umfasst 4 Unterrichtseinheiten. Erst nach erfolgreichem Abschluss des theoretischen Teils ist der Teilnehmer f\u00fcr den praktischen Teil zugelassen. Ein Quereinstieg direkt in den Praxisteil ist nicht m\u00f6glich.<\/p>\n\n\n\n<div class=\"wp-block-columns is-layout-flex wp-container-core-columns-is-layout-9d6595d7 wp-block-columns-is-layout-flex\">\n<div class=\"wp-block-column is-layout-flow wp-block-column-is-layout-flow\"><div class=\"wp-block-image\">\n<figure class=\"aligncenter size-full is-resized\"><img decoding=\"async\" width=\"392\" height=\"522\" data-src=\"https:\/\/kfv-mol.de\/Wordpress\/wp-content\/uploads\/2024\/04\/Fahrsicherheitstraining-01-2.png\" alt=\"\" class=\"wp-image-9027 lazyload\" style=\"--smush-placeholder-width: 392px; --smush-placeholder-aspect-ratio: 392\/522;width:212px;height:auto\" data-srcset=\"https:\/\/kfv-mol.de\/Wordpress\/wp-content\/uploads\/2024\/04\/Fahrsicherheitstraining-01-2.png 392w, https:\/\/kfv-mol.de\/Wordpress\/wp-content\/uploads\/2024\/04\/Fahrsicherheitstraining-01-2-225x300.png 225w\" data-sizes=\"(max-width: 392px) 100vw, 392px\" src=\"data:image\/svg+xml;base64,PHN2ZyB3aWR0aD0iMSIgaGVpZ2h0PSIxIiB4bWxucz0iaHR0cDovL3d3dy53My5vcmcvMjAwMC9zdmciPjwvc3ZnPg==\" \/><\/figure>\n<\/div><\/div>\n<\/div>\n\n\n\n<p>Folgende Ausbildungsinhalte werden vermittelt:<\/p>\n\n\n\n<ul class=\"wp-block-list\">\n<li>Erkennen und Verstehen der Ursachen von Gefahrensituationen im Stra\u00dfenverkehr<\/li>\n\n\n\n<li>Entwickeln von Vermeidungsstrategien<\/li>\n\n\n\n<li>Erkennen von negativen Einfl\u00fcssen beim F\u00fchren eines Kraftfahrzeugs<\/li>\n\n\n\n<li>Fahrphysik und deren Zusammenh\u00e4nge<\/li>\n\n\n\n<li>Optimale Fahrzeugeinstellungen<\/li>\n\n\n\n<li>Brems- und Kurvenverhalten<\/li>\n\n\n\n<li>Fahren auf unterschiedlichen Fahrbahnoberfl\u00e4chen<\/li>\n<\/ul>\n\n\n\n<p>Ablauf der praktischen Ausbildung:<br>Die praktische Ausbildung umfasst 8 Unterrichtseinheiten und findet im Fahrsicherheitszentrum des T\u00dcV Rheinland in Lehnitz bei Oranienburg statt. W\u00e4hrend der Durchf\u00fchrung werden die Teilnehmer durch 5 Ausbilder betreut. Abwechselnd durchlaufen die 5 Gruppen die Ausbildungsabschnitte.<\/p>\n\n\n\n<p><em>Modul Gel\u00e4nde:<\/em><br>Die Gel\u00e4ndeausbildung umfasst 1 UE Theorie und 4 UE Praxis und findet auf dem Truppen\u00fcbungsplatz der Bundeswehr in Storkow statt. An einem Ausbildungstag finden je zwei Durchg\u00e4nge statt (Vor- und Nachmittags).<\/p>\n\n\n\n<p>Perspektivisch soll dieser Lehrgang \u00fcber das ZMS gebucht werden. Im Moment wendet Euch bitte mit allen Fragen und f\u00fcr die Reservierungen an den FA Aus- und Weiterbildung des KFV MOL.<\/p>\n\n\n\n<figure class=\"wp-block-image size-full\"><img decoding=\"async\" width=\"1015\" height=\"247\" data-src=\"https:\/\/kfv-mol.de\/Wordpress\/wp-content\/uploads\/2024\/04\/Fahrsicherheitstraining-02.png\" alt=\"\" class=\"wp-image-9024 lazyload\" data-srcset=\"https:\/\/kfv-mol.de\/Wordpress\/wp-content\/uploads\/2024\/04\/Fahrsicherheitstraining-02.png 1015w, https:\/\/kfv-mol.de\/Wordpress\/wp-content\/uploads\/2024\/04\/Fahrsicherheitstraining-02-300x73.png 300w, https:\/\/kfv-mol.de\/Wordpress\/wp-content\/uploads\/2024\/04\/Fahrsicherheitstraining-02-768x187.png 768w\" data-sizes=\"(max-width: 1015px) 100vw, 1015px\" src=\"data:image\/svg+xml;base64,PHN2ZyB3aWR0aD0iMSIgaGVpZ2h0PSIxIiB4bWxucz0iaHR0cDovL3d3dy53My5vcmcvMjAwMC9zdmciPjwvc3ZnPg==\" style=\"--smush-placeholder-width: 1015px; --smush-placeholder-aspect-ratio: 1015\/247;\" \/><\/figure>\n\n\n\n<p>Mail:<br><a href=\"mailto:ausbildung-MOL@web.de\" target=\"_blank\" rel=\"noreferrer noopener\">ausbildung-MOL@web.de<\/a><br><a href=\"mailto:rene.niemecki@kfv-mol.de\" target=\"_blank\" rel=\"noreferrer noopener\">rene.niemecki@kfv-mol.de<\/a><\/p>\n","protected":false},"excerpt":{"rendered":"<p>Ob auf dem Weg zum Ger\u00e4tehaus, auf Einsatzfahrten oder der Ausflug mit der Jugendfeuerwehr. Fahren mit Einsatzfahrzeugen stellt eine besondere Herausforderung dar. Wie verh\u00e4lt sich der neue MTW auf regennasser Fahrbahn oder was kann ich als Maschinist meinem vollen TLF zumuten? Der Lehrgang Fahrsicherheitstraining wird seit vielen Jahren durch die KFV Barnim und LOS angeboten, [&hellip;]<\/p>\n","protected":false},"author":12,"featured_media":0,"comment_status":"closed","ping_status":"closed","sticky":false,"template":"","format":"standard","meta":{"footnotes":""},"categories":[1],"tags":[],"class_list":["post-9023","post","type-post","status-publish","format-standard","hentry","category-sonstige"],"_links":{"self":[{"href":"https:\/\/kfv-mol.de\/Wordpress\/wp-json\/wp\/v2\/posts\/9023","targetHints":{"allow":["GET"]}}],"collection":[{"href":"https:\/\/kfv-mol.de\/Wordpress\/wp-json\/wp\/v2\/posts"}],"about":[{"href":"https:\/\/kfv-mol.de\/Wordpress\/wp-json\/wp\/v2\/types\/post"}],"author":[{"embeddable":true,"href":"https:\/\/kfv-mol.de\/Wordpress\/wp-json\/wp\/v2\/users\/12"}],"replies":[{"embeddable":true,"href":"https:\/\/kfv-mol.de\/Wordpress\/wp-json\/wp\/v2\/comments?post=9023"}],"version-history":[{"count":0,"href":"https:\/\/kfv-mol.de\/Wordpress\/wp-json\/wp\/v2\/posts\/9023\/revisions"}],"wp:attachment":[{"href":"https:\/\/kfv-mol.de\/Wordpress\/wp-json\/wp\/v2\/media?parent=9023"}],"wp:term":[{"taxonomy":"category","embeddable":true,"href":"https:\/\/kfv-mol.de\/Wordpress\/wp-json\/wp\/v2\/categories?post=9023"},{"taxonomy":"post_tag","embeddable":true,"href":"https:\/\/kfv-mol.de\/Wordpress\/wp-json\/wp\/v2\/tags?post=9023"}],"curies":[{"name":"wp","href":"https:\/\/api.w.org\/{rel}","templated":true}]}}