{"id":9020,"date":"2024-04-15T19:13:28","date_gmt":"2024-04-15T18:13:28","guid":{"rendered":"https:\/\/kfv-mol.de\/Wordpress\/?p=9020"},"modified":"2024-04-15T19:13:29","modified_gmt":"2024-04-15T18:13:29","slug":"vorschlaege-fuer-sonderehrungen","status":"publish","type":"post","link":"https:\/\/kfv-mol.de\/Wordpress\/Artikel\/vorschlaege-fuer-sonderehrungen\/","title":{"rendered":"Vorschl\u00e4ge f\u00fcr Sonderehrungen"},"content":{"rendered":"\n<p>Liebe Wehr- und L\u00f6schgruppenf\u00fchrer,<\/p>\n\n\n\n<p>habt ihr diesen einen besonderen Menschen in Eurer Wehr, ohne den gar nichts l\u00e4uft? Den eine\/ die eine  Kamerad\/in, der\/die immer zur Stelle ist, repariert, sauber macht, immer ein offenes Ohr hat und f\u00fcr Euch das Ger\u00e4tehaus zur Not auch ans andere Ende der Stra\u00dfe versetzen w\u00fcrde, wenn es dem Wohl aller dient? Habt ihr??? Super! Bis zum 15.05.2024 habt ihr noch die M\u00f6glichkeit bei uns Eure Vorschl\u00e4ge f\u00fcr die Sonderehrungen anl\u00e4sslich der Jubil\u00e4umsveranstaltung im Juni zum 30 j\u00e4hrigen Bestehen des Kreisfeuerwehrverbands M\u00e4rkisch-Oderland einzureichen. Also Stifte gez\u00fcckt und los gehts!<\/p>\n\n\n\n<p><\/p>\n","protected":false},"excerpt":{"rendered":"<p>Liebe Wehr- und L\u00f6schgruppenf\u00fchrer, habt ihr diesen einen besonderen Menschen in Eurer Wehr, ohne den gar nichts l\u00e4uft? Den eine\/ die eine Kamerad\/in, der\/die immer zur Stelle ist, repariert, sauber macht, immer ein offenes Ohr hat und f\u00fcr Euch das Ger\u00e4tehaus zur Not auch ans andere Ende der Stra\u00dfe versetzen w\u00fcrde, wenn es dem Wohl [&hellip;]<\/p>\n","protected":false},"author":1,"featured_media":0,"comment_status":"closed","ping_status":"closed","sticky":false,"template":"","format":"standard","meta":{"footnotes":""},"categories":[1],"tags":[],"class_list":["post-9020","post","type-post","status-publish","format-standard","hentry","category-sonstige"],"_links":{"self":[{"href":"https:\/\/kfv-mol.de\/Wordpress\/wp-json\/wp\/v2\/posts\/9020","targetHints":{"allow":["GET"]}}],"collection":[{"href":"https:\/\/kfv-mol.de\/Wordpress\/wp-json\/wp\/v2\/posts"}],"about":[{"href":"https:\/\/kfv-mol.de\/Wordpress\/wp-json\/wp\/v2\/types\/post"}],"author":[{"embeddable":true,"href":"https:\/\/kfv-mol.de\/Wordpress\/wp-json\/wp\/v2\/users\/1"}],"replies":[{"embeddable":true,"href":"https:\/\/kfv-mol.de\/Wordpress\/wp-json\/wp\/v2\/comments?post=9020"}],"version-history":[{"count":0,"href":"https:\/\/kfv-mol.de\/Wordpress\/wp-json\/wp\/v2\/posts\/9020\/revisions"}],"wp:attachment":[{"href":"https:\/\/kfv-mol.de\/Wordpress\/wp-json\/wp\/v2\/media?parent=9020"}],"wp:term":[{"taxonomy":"category","embeddable":true,"href":"https:\/\/kfv-mol.de\/Wordpress\/wp-json\/wp\/v2\/categories?post=9020"},{"taxonomy":"post_tag","embeddable":true,"href":"https:\/\/kfv-mol.de\/Wordpress\/wp-json\/wp\/v2\/tags?post=9020"}],"curies":[{"name":"wp","href":"https:\/\/api.w.org\/{rel}","templated":true}]}}