{"id":9017,"date":"2024-04-15T18:54:30","date_gmt":"2024-04-15T17:54:30","guid":{"rendered":"https:\/\/kfv-mol.de\/Wordpress\/?p=9017"},"modified":"2024-04-15T18:57:44","modified_gmt":"2024-04-15T17:57:44","slug":"erinnerung-zur-hauptausschusssitzung","status":"publish","type":"post","link":"https:\/\/kfv-mol.de\/Wordpress\/Artikel\/erinnerung-zur-hauptausschusssitzung\/","title":{"rendered":"Erinnerung zur Hauptausschusssitzung"},"content":{"rendered":"\n<p>Liebe Kameradinnen und Kameraden, <\/p>\n\n\n\n<p>am 27.04.2024 um 10.00Uhr l\u00e4dt der Kreisfeuerwehrverband M\u00e4rkisch-Oderland ins Gutshaus am Schlossgut Altlandsberg zur j\u00e4hrlichen Hauptausschusssitzung. Vorstandsmitglieder, Fachausschussleiter, Mitglieder der Revisionskomission und geladene G\u00e4ste haben hier die M\u00f6glichkeit, sich \u00fcber neue Beschlussvorlagen zu informieren und in Diskurs zu treten. Wir freuen uns auf rege Beteiligung und konstruktive Gespr\u00e4che.<\/p>\n\n\n\n<p><\/p>\n","protected":false},"excerpt":{"rendered":"<p>Liebe Kameradinnen und Kameraden, am 27.04.2024 um 10.00Uhr l\u00e4dt der Kreisfeuerwehrverband M\u00e4rkisch-Oderland ins Gutshaus am Schlossgut Altlandsberg zur j\u00e4hrlichen Hauptausschusssitzung. Vorstandsmitglieder, Fachausschussleiter, Mitglieder der Revisionskomission und geladene G\u00e4ste haben hier die M\u00f6glichkeit, sich \u00fcber neue Beschlussvorlagen zu informieren und in Diskurs zu treten. Wir freuen uns auf rege Beteiligung und konstruktive Gespr\u00e4che.<\/p>\n","protected":false},"author":1,"featured_media":0,"comment_status":"closed","ping_status":"closed","sticky":false,"template":"","format":"standard","meta":{"footnotes":""},"categories":[1],"tags":[],"class_list":["post-9017","post","type-post","status-publish","format-standard","hentry","category-sonstige"],"_links":{"self":[{"href":"https:\/\/kfv-mol.de\/Wordpress\/wp-json\/wp\/v2\/posts\/9017","targetHints":{"allow":["GET"]}}],"collection":[{"href":"https:\/\/kfv-mol.de\/Wordpress\/wp-json\/wp\/v2\/posts"}],"about":[{"href":"https:\/\/kfv-mol.de\/Wordpress\/wp-json\/wp\/v2\/types\/post"}],"author":[{"embeddable":true,"href":"https:\/\/kfv-mol.de\/Wordpress\/wp-json\/wp\/v2\/users\/1"}],"replies":[{"embeddable":true,"href":"https:\/\/kfv-mol.de\/Wordpress\/wp-json\/wp\/v2\/comments?post=9017"}],"version-history":[{"count":0,"href":"https:\/\/kfv-mol.de\/Wordpress\/wp-json\/wp\/v2\/posts\/9017\/revisions"}],"wp:attachment":[{"href":"https:\/\/kfv-mol.de\/Wordpress\/wp-json\/wp\/v2\/media?parent=9017"}],"wp:term":[{"taxonomy":"category","embeddable":true,"href":"https:\/\/kfv-mol.de\/Wordpress\/wp-json\/wp\/v2\/categories?post=9017"},{"taxonomy":"post_tag","embeddable":true,"href":"https:\/\/kfv-mol.de\/Wordpress\/wp-json\/wp\/v2\/tags?post=9017"}],"curies":[{"name":"wp","href":"https:\/\/api.w.org\/{rel}","templated":true}]}}