{"id":8951,"date":"2024-03-08T06:00:00","date_gmt":"2024-03-08T05:00:00","guid":{"rendered":"https:\/\/kfv-mol.de\/Wordpress\/?p=8951"},"modified":"2024-03-07T22:54:45","modified_gmt":"2024-03-07T21:54:45","slug":"frauentag","status":"publish","type":"post","link":"https:\/\/kfv-mol.de\/Wordpress\/Artikel\/frauentag\/","title":{"rendered":"Frauentag"},"content":{"rendered":"\n<p><em>\u201cGute M\u00e4dels richten ihr Kr\u00f6nchen und kommen in den Himmel. Die Besten schl\u00fcpfen in Hupf Dick und gehen nicht nur f\u00fcr ihre Liebsten durchs Feuer!\u201d<\/em><\/p>\n\n\n\n<p>Der KFV M\u00e4rkisch-Oderland w\u00fcnscht allen Kameradinnen, sowie allen Ehefrauen, Partnerinnen, M\u00fcttern und Gro\u00dfm\u00fcttern, die unsere aktiven Feuerwehrleute auf so vielseitige Art und Weise unterst\u00fctzen, einen wundervollen Frauentag! Danke f\u00fcr Euren Einsatz, Euer Verst\u00e4ndnis, Eure Geduld und Eure Hingabe.&nbsp;<\/p>\n\n\n\n<p>Ohne Euch geht nichts!<\/p>\n","protected":false},"excerpt":{"rendered":"<p>\u201cGute M\u00e4dels richten ihr Kr\u00f6nchen und kommen in den Himmel. Die Besten schl\u00fcpfen in Hupf Dick und gehen nicht nur f\u00fcr ihre Liebsten durchs Feuer!\u201d Der KFV M\u00e4rkisch-Oderland w\u00fcnscht allen Kameradinnen, sowie allen Ehefrauen, Partnerinnen, M\u00fcttern und Gro\u00dfm\u00fcttern, die unsere aktiven Feuerwehrleute auf so vielseitige Art und Weise unterst\u00fctzen, einen wundervollen Frauentag! Danke f\u00fcr Euren [&hellip;]<\/p>\n","protected":false},"author":12,"featured_media":8952,"comment_status":"closed","ping_status":"closed","sticky":false,"template":"","format":"standard","meta":{"footnotes":""},"categories":[1],"tags":[],"class_list":["post-8951","post","type-post","status-publish","format-standard","has-post-thumbnail","hentry","category-sonstige"],"_links":{"self":[{"href":"https:\/\/kfv-mol.de\/Wordpress\/wp-json\/wp\/v2\/posts\/8951","targetHints":{"allow":["GET"]}}],"collection":[{"href":"https:\/\/kfv-mol.de\/Wordpress\/wp-json\/wp\/v2\/posts"}],"about":[{"href":"https:\/\/kfv-mol.de\/Wordpress\/wp-json\/wp\/v2\/types\/post"}],"author":[{"embeddable":true,"href":"https:\/\/kfv-mol.de\/Wordpress\/wp-json\/wp\/v2\/users\/12"}],"replies":[{"embeddable":true,"href":"https:\/\/kfv-mol.de\/Wordpress\/wp-json\/wp\/v2\/comments?post=8951"}],"version-history":[{"count":0,"href":"https:\/\/kfv-mol.de\/Wordpress\/wp-json\/wp\/v2\/posts\/8951\/revisions"}],"wp:featuredmedia":[{"embeddable":true,"href":"https:\/\/kfv-mol.de\/Wordpress\/wp-json\/wp\/v2\/media\/8952"}],"wp:attachment":[{"href":"https:\/\/kfv-mol.de\/Wordpress\/wp-json\/wp\/v2\/media?parent=8951"}],"wp:term":[{"taxonomy":"category","embeddable":true,"href":"https:\/\/kfv-mol.de\/Wordpress\/wp-json\/wp\/v2\/categories?post=8951"},{"taxonomy":"post_tag","embeddable":true,"href":"https:\/\/kfv-mol.de\/Wordpress\/wp-json\/wp\/v2\/tags?post=8951"}],"curies":[{"name":"wp","href":"https:\/\/api.w.org\/{rel}","templated":true}]}}