{"id":8782,"date":"2024-01-23T18:17:58","date_gmt":"2024-01-23T17:17:58","guid":{"rendered":"https:\/\/kfv-mol.de\/Wordpress\/?p=8782"},"modified":"2024-01-23T18:17:59","modified_gmt":"2024-01-23T17:17:59","slug":"jubilaeumswehren-2024","status":"publish","type":"post","link":"https:\/\/kfv-mol.de\/Wordpress\/Artikel\/jubilaeumswehren-2024\/","title":{"rendered":"Jubil\u00e4umswehren 2024"},"content":{"rendered":"\n<p>In diesem Jahr haben wieder zahlreiche Feuerwehren ein Jubil\u00e4um. Hier die Jubil\u00e4umswehren f\u00fcr 2024:<\/p>\n\n\n\n<ul class=\"wp-block-list\">\n<li>145 Jahre FF Bad Freienwalde<\/li>\n\n\n\n<li>135 Jahre FF Altlandsberg<\/li>\n\n\n\n<li>120 Jahre FF Bralitz<\/li>\n\n\n\n<li>120 Jahre FF Neuentempel<\/li>\n\n\n\n<li>120 Jahre FF Seelow<\/li>\n\n\n\n<li>120 Jahre FF Werder bei Rehfelde<\/li>\n\n\n\n<li>115 Jahre FF Alt Tucheband<\/li>\n\n\n\n<li>115 Jahre FF Lietzen<\/li>\n\n\n\n<li>115 Jahre FF Podelzig<\/li>\n\n\n\n<li>100 Jahre FF Altfriedland<\/li>\n\n\n\n<li>100 Jahre FF Beiersdorf<\/li>\n\n\n\n<li>100 Jahre FF Eichwerder<\/li>\n\n\n\n<li>100 Jahre FF Fredersdorf Nord<\/li>\n\n\n\n<li>95 Jahre FF Brunow<\/li>\n\n\n\n<li>95 Jahre FF Grunow<\/li>\n\n\n\n<li>95 Jahre FF Leuenberg<\/li>\n\n\n\n<li>95 Jahre FF Pr\u00f6tzel<\/li>\n\n\n\n<li>95 Jahre FF Reichenow<\/li>\n\n\n\n<li>95 Jahre FF Schulzendorf<\/li>\n\n\n\n<li>90 Jahre FF Frankenfelde<\/li>\n\n\n\n<li>90 Jahre FF Mallnow<\/li>\n\n\n\n<li>90 Jahre FF M\u00fcnchehofe b. Hoppegarten<\/li>\n\n\n\n<li>90 Jahre FF Neulitzeg\u00f6ricke<\/li>\n\n\n\n<li>75 Jahre FF Kienitz Nord<\/li>\n<\/ul>\n","protected":false},"excerpt":{"rendered":"<p>In diesem Jahr haben wieder zahlreiche Feuerwehren ein Jubil\u00e4um. Hier die Jubil\u00e4umswehren f\u00fcr 2024:<\/p>\n","protected":false},"author":12,"featured_media":8783,"comment_status":"closed","ping_status":"closed","sticky":false,"template":"","format":"standard","meta":{"footnotes":""},"categories":[1],"tags":[],"class_list":["post-8782","post","type-post","status-publish","format-standard","has-post-thumbnail","hentry","category-sonstige"],"_links":{"self":[{"href":"https:\/\/kfv-mol.de\/Wordpress\/wp-json\/wp\/v2\/posts\/8782","targetHints":{"allow":["GET"]}}],"collection":[{"href":"https:\/\/kfv-mol.de\/Wordpress\/wp-json\/wp\/v2\/posts"}],"about":[{"href":"https:\/\/kfv-mol.de\/Wordpress\/wp-json\/wp\/v2\/types\/post"}],"author":[{"embeddable":true,"href":"https:\/\/kfv-mol.de\/Wordpress\/wp-json\/wp\/v2\/users\/12"}],"replies":[{"embeddable":true,"href":"https:\/\/kfv-mol.de\/Wordpress\/wp-json\/wp\/v2\/comments?post=8782"}],"version-history":[{"count":0,"href":"https:\/\/kfv-mol.de\/Wordpress\/wp-json\/wp\/v2\/posts\/8782\/revisions"}],"wp:featuredmedia":[{"embeddable":true,"href":"https:\/\/kfv-mol.de\/Wordpress\/wp-json\/wp\/v2\/media\/8783"}],"wp:attachment":[{"href":"https:\/\/kfv-mol.de\/Wordpress\/wp-json\/wp\/v2\/media?parent=8782"}],"wp:term":[{"taxonomy":"category","embeddable":true,"href":"https:\/\/kfv-mol.de\/Wordpress\/wp-json\/wp\/v2\/categories?post=8782"},{"taxonomy":"post_tag","embeddable":true,"href":"https:\/\/kfv-mol.de\/Wordpress\/wp-json\/wp\/v2\/tags?post=8782"}],"curies":[{"name":"wp","href":"https:\/\/api.w.org\/{rel}","templated":true}]}}