{"id":8775,"date":"2024-01-10T10:18:46","date_gmt":"2024-01-10T09:18:46","guid":{"rendered":"https:\/\/kfv-mol.de\/Wordpress\/?p=8775"},"modified":"2024-01-10T10:18:47","modified_gmt":"2024-01-10T09:18:47","slug":"warnung-vor-dem-betreten-von-eisflaechen","status":"publish","type":"post","link":"https:\/\/kfv-mol.de\/Wordpress\/Artikel\/warnung-vor-dem-betreten-von-eisflaechen\/","title":{"rendered":"Warnung vor dem Betreten von Eisfl\u00e4chen"},"content":{"rendered":"\n<p>Diese Wetterlage f\u00fchrt zu sehr gef\u00e4hrlichen Situationen auf den Gew\u00e4ssern. Eine tragf\u00e4hige Eisschicht kann sich nicht aufbauen und weder Menschen noch Tiere tragen. Beim Betreten besteht Lebensgefahr durch Einbrechen und Ertrinken.<br><br>Der Landkreis M\u00e4rkisch-Oderland bittet um umsichtiges Verhalten. Im kalten Wasser kann sich ein Mensch in der Regel nur etwa drei Minuten \u00fcber Wasser halten.<\/p>\n\n\n\n<p>So verhalten Sie sich richtig:<\/p>\n\n\n\n<ul class=\"wp-block-list\">\n<li>Sprechen Sie mit Ihren Kindern \u00fcber die Gefahr.<\/li>\n\n\n\n<li>Sch\u00e4tzen Sie die Tragf\u00e4higkeit des Eises ab. Die St\u00e4rke der Eisschicht sollte mindestens 15 Zentimeter betragen.<\/li>\n\n\n\n<li>Vorsicht in der N\u00e4he von Br\u00fcckenpfeilern, Schilf und \u00e4hnlichen Objekten, die das Eis durchbrechen.<\/li>\n\n\n\n<li>Lassen Sie Kinder eine Eisfl\u00e4che nicht unbeaufsichtigt betreten.<\/li>\n\n\n\n<li>Tauwetter kann die Tragf\u00e4higkeit des Eises schnell beeintr\u00e4chtigen.<\/li>\n\n\n\n<li>Gehen Sie nicht auf die Eisfl\u00e4chen flie\u00dfender Gew\u00e4sser.<\/li>\n\n\n\n<li>Wasserflecken und Verf\u00e4rbungen k\u00f6nnen Hinweise auf br\u00fcchige Stellen sein.<\/li>\n<\/ul>\n\n\n\n<p>Im Notfall Leben retten:<\/p>\n\n\n\n<ul class=\"wp-block-list\">\n<li>Alarmieren Sie sofort die Feuerwehr \u00fcber den Notruf 112.<\/li>\n\n\n\n<li>N\u00e4hern Sie sich Eingebrochenen liegend, mit einer maximalen Auflagefl\u00e4che. Wenn vorhanden, nutzen Sie Hilfsmittel<\/li>\n\n\n\n<li>Vorsicht! An der Einbruchstelle ist das Eis sehr br\u00fcchig \u2013 auch f\u00fcr Sie!<\/li>\n\n\n\n<li>Ist die Eisfl\u00e4che nicht begehbar, warten Sie auf die Rettungskr\u00e4fte, begeben Sie sich nicht selbst in eine Notlage.<\/li>\n\n\n\n<li>Reichen Sie eingebrochenen Personen etwas zum festhalten wie etwa Kleidungsst\u00fccke oder \u00c4ste.<\/li>\n<\/ul>\n","protected":false},"excerpt":{"rendered":"<p>Diese Wetterlage f\u00fchrt zu sehr gef\u00e4hrlichen Situationen auf den Gew\u00e4ssern. Eine tragf\u00e4hige Eisschicht kann sich nicht aufbauen und weder Menschen noch Tiere tragen. Beim Betreten besteht Lebensgefahr durch Einbrechen und Ertrinken. Der Landkreis M\u00e4rkisch-Oderland bittet um umsichtiges Verhalten. Im kalten Wasser kann sich ein Mensch in der Regel nur etwa drei Minuten \u00fcber Wasser halten. [&hellip;]<\/p>\n","protected":false},"author":12,"featured_media":8776,"comment_status":"closed","ping_status":"closed","sticky":false,"template":"","format":"standard","meta":{"footnotes":""},"categories":[1],"tags":[],"class_list":["post-8775","post","type-post","status-publish","format-standard","has-post-thumbnail","hentry","category-sonstige"],"_links":{"self":[{"href":"https:\/\/kfv-mol.de\/Wordpress\/wp-json\/wp\/v2\/posts\/8775","targetHints":{"allow":["GET"]}}],"collection":[{"href":"https:\/\/kfv-mol.de\/Wordpress\/wp-json\/wp\/v2\/posts"}],"about":[{"href":"https:\/\/kfv-mol.de\/Wordpress\/wp-json\/wp\/v2\/types\/post"}],"author":[{"embeddable":true,"href":"https:\/\/kfv-mol.de\/Wordpress\/wp-json\/wp\/v2\/users\/12"}],"replies":[{"embeddable":true,"href":"https:\/\/kfv-mol.de\/Wordpress\/wp-json\/wp\/v2\/comments?post=8775"}],"version-history":[{"count":0,"href":"https:\/\/kfv-mol.de\/Wordpress\/wp-json\/wp\/v2\/posts\/8775\/revisions"}],"wp:featuredmedia":[{"embeddable":true,"href":"https:\/\/kfv-mol.de\/Wordpress\/wp-json\/wp\/v2\/media\/8776"}],"wp:attachment":[{"href":"https:\/\/kfv-mol.de\/Wordpress\/wp-json\/wp\/v2\/media?parent=8775"}],"wp:term":[{"taxonomy":"category","embeddable":true,"href":"https:\/\/kfv-mol.de\/Wordpress\/wp-json\/wp\/v2\/categories?post=8775"},{"taxonomy":"post_tag","embeddable":true,"href":"https:\/\/kfv-mol.de\/Wordpress\/wp-json\/wp\/v2\/tags?post=8775"}],"curies":[{"name":"wp","href":"https:\/\/api.w.org\/{rel}","templated":true}]}}