{"id":8767,"date":"2024-01-04T09:14:53","date_gmt":"2024-01-04T08:14:53","guid":{"rendered":"https:\/\/kfv-mol.de\/Wordpress\/?p=8767"},"modified":"2024-01-04T09:14:54","modified_gmt":"2024-01-04T08:14:54","slug":"herzlichen-glueckwunsch","status":"publish","type":"post","link":"https:\/\/kfv-mol.de\/Wordpress\/Artikel\/herzlichen-glueckwunsch\/","title":{"rendered":"Herzlichen Gl\u00fcckwunsch"},"content":{"rendered":"\n<p>Unser Ehrenkamerad der Erster Hauptbrandmeister Eberhard Galle wird 80 Jahre alt.<\/p>\n\n\n\n<figure class=\"wp-block-image size-large\"><img decoding=\"async\" width=\"1013\" height=\"1024\" data-src=\"https:\/\/kfv-mol.de\/Wordpress\/wp-content\/uploads\/2024\/01\/42A8C1CA-A903-4960-BE6D-5CD32C1E995E-1013x1024.jpeg\" alt=\"\" class=\"wp-image-8768 lazyload\" data-srcset=\"https:\/\/kfv-mol.de\/Wordpress\/wp-content\/uploads\/2024\/01\/42A8C1CA-A903-4960-BE6D-5CD32C1E995E-1013x1024.jpeg 1013w, https:\/\/kfv-mol.de\/Wordpress\/wp-content\/uploads\/2024\/01\/42A8C1CA-A903-4960-BE6D-5CD32C1E995E-297x300.jpeg 297w, https:\/\/kfv-mol.de\/Wordpress\/wp-content\/uploads\/2024\/01\/42A8C1CA-A903-4960-BE6D-5CD32C1E995E-768x776.jpeg 768w, https:\/\/kfv-mol.de\/Wordpress\/wp-content\/uploads\/2024\/01\/42A8C1CA-A903-4960-BE6D-5CD32C1E995E.jpeg 1187w\" data-sizes=\"(max-width: 1013px) 100vw, 1013px\" src=\"data:image\/svg+xml;base64,PHN2ZyB3aWR0aD0iMSIgaGVpZ2h0PSIxIiB4bWxucz0iaHR0cDovL3d3dy53My5vcmcvMjAwMC9zdmciPjwvc3ZnPg==\" style=\"--smush-placeholder-width: 1013px; --smush-placeholder-aspect-ratio: 1013\/1024;\" \/><\/figure>\n\n\n\n<p>Wir schicken dir unsere besten Gl\u00fcckw\u00fcnsche und viel Gesundheit auf deinem weiteren Lebensweg.<\/p>\n\n\n\n<p>Er war nicht nur langj\u00e4hriger Ortswehrf\u00fchrer der Freiwilligen Feuerwehr Buckow, sondern auch erfolgreicher Sportler, Trainer und Betreuer im Feuerwehrsport auf nationaler und internationaler Ebene und f\u00f6rderte insbesondere den Frauenfeuerwehrsport.<\/p>\n\n\n\n<p>Als Vorstandsmitglied und FA-Leiter des Fachausschusses \u201eWettbewerbe\u201c des Landesfeuerwehrverbandes und des KFV MOL fand er auch seine sportliche Mitte und kann viel zu dem Thema beitragen.<\/p>\n\n\n\n<p>Er ist Tr\u00e4ger des Deutschen Feuerwehrehrenkreuz und des Feuerwehrehrenzeichens des Landes Brandenburg in Gold und seit 2018 unser Ehrenmitglied des Kreisfeuerwehrverbandes M\u00e4rkisch-Oderland e. V..<\/p>\n","protected":false},"excerpt":{"rendered":"<p>Unser Ehrenkamerad der Erster Hauptbrandmeister Eberhard Galle wird 80 Jahre alt. Wir schicken dir unsere besten Gl\u00fcckw\u00fcnsche und viel Gesundheit auf deinem weiteren Lebensweg. Er war nicht nur langj\u00e4hriger Ortswehrf\u00fchrer der Freiwilligen Feuerwehr Buckow, sondern auch erfolgreicher Sportler, Trainer und Betreuer im Feuerwehrsport auf nationaler und internationaler Ebene und f\u00f6rderte insbesondere den Frauenfeuerwehrsport. Als Vorstandsmitglied [&hellip;]<\/p>\n","protected":false},"author":12,"featured_media":8769,"comment_status":"closed","ping_status":"closed","sticky":false,"template":"","format":"standard","meta":{"footnotes":""},"categories":[1],"tags":[],"class_list":["post-8767","post","type-post","status-publish","format-standard","has-post-thumbnail","hentry","category-sonstige"],"_links":{"self":[{"href":"https:\/\/kfv-mol.de\/Wordpress\/wp-json\/wp\/v2\/posts\/8767","targetHints":{"allow":["GET"]}}],"collection":[{"href":"https:\/\/kfv-mol.de\/Wordpress\/wp-json\/wp\/v2\/posts"}],"about":[{"href":"https:\/\/kfv-mol.de\/Wordpress\/wp-json\/wp\/v2\/types\/post"}],"author":[{"embeddable":true,"href":"https:\/\/kfv-mol.de\/Wordpress\/wp-json\/wp\/v2\/users\/12"}],"replies":[{"embeddable":true,"href":"https:\/\/kfv-mol.de\/Wordpress\/wp-json\/wp\/v2\/comments?post=8767"}],"version-history":[{"count":0,"href":"https:\/\/kfv-mol.de\/Wordpress\/wp-json\/wp\/v2\/posts\/8767\/revisions"}],"wp:featuredmedia":[{"embeddable":true,"href":"https:\/\/kfv-mol.de\/Wordpress\/wp-json\/wp\/v2\/media\/8769"}],"wp:attachment":[{"href":"https:\/\/kfv-mol.de\/Wordpress\/wp-json\/wp\/v2\/media?parent=8767"}],"wp:term":[{"taxonomy":"category","embeddable":true,"href":"https:\/\/kfv-mol.de\/Wordpress\/wp-json\/wp\/v2\/categories?post=8767"},{"taxonomy":"post_tag","embeddable":true,"href":"https:\/\/kfv-mol.de\/Wordpress\/wp-json\/wp\/v2\/tags?post=8767"}],"curies":[{"name":"wp","href":"https:\/\/api.w.org\/{rel}","templated":true}]}}