{"id":8742,"date":"2023-12-24T11:15:52","date_gmt":"2023-12-24T10:15:52","guid":{"rendered":"https:\/\/kfv-mol.de\/Wordpress\/?p=8742"},"modified":"2023-12-24T11:15:54","modified_gmt":"2023-12-24T10:15:54","slug":"frohe-weihnachten-5","status":"publish","type":"post","link":"https:\/\/kfv-mol.de\/Wordpress\/Artikel\/frohe-weihnachten-5\/","title":{"rendered":"Frohe Weihnachten"},"content":{"rendered":"\n<p>Der Kreisfeuerwehrverband M\u00e4rkisch-Oderland e.V. w\u00fcnscht Allen ein frohes und besinnliches Weihnachtsfest. &#x1f384;&#x1f385;&#x1f692;<\/p>\n\n\n\n<p>Werte Kameradinnen, werte Kameraden,<\/p>\n\n\n\n<p>wieder neigt sich ein Jahr dem Ende entgegen. Ein Jahr, welches uns erlaubte, normal Dienst zu leisten. Wir brauchten keine Ausbildung ausfallen zu lassen, konnten uns zu einem kameradschaftlichen Bier treffen und fanden zur\u00fcck in einen normalen Feuerwehralltag. \u00dcberschattet wurde jedoch all das durch die Folgen des Ukraine-Krieges und neuerlich auch durch die Auseinandersetzungen im Nahen Osten. Trotz allem steht ihr, liebe Kameradinnen und Kameraden, zusammen und bildet eine sehr wichtige Einheit f\u00fcr den Schutz unserer B\u00fcrgerinnen und B\u00fcrger. Es spielt keine Rolle, ob es Notst\u00e4nde und Krieg auf der Welt gibt, ihr seid bereit zum Retten \u2013 L\u00f6schen \u2013 Bergen \u2013 Sch\u00fctzen. Langsam, aber sicher werden auch die R\u00fcckst\u00e4nde in den Lehrgangsangeboten des Kreises und der Landesschule, die durch die Einschr\u00e4nkungen in der Corona-Krise entstanden sind, wieder aufgeholt. Dazu bedarf es einem besonders hohen Ma\u00df an Engagement und Einsatzbereitschaft. Daf\u00fcr r\u00fccken andere, pers\u00f6nliche Belange in den Hintergrund und die Familie, Freunde und Bekannte m\u00fcssen oftmals auf eure Anwesenheit verzichten. Obwohl es ein verh\u00e4ltnism\u00e4\u00dfig ruhiges Jahr war, ist die Anzahl der Eins\u00e4tze nicht weniger geworden. Ihr wart immer zur Stelle, wenn es n\u00f6tig war. Ihr habt Menschen geholfen, habt Tiere gerettet und Br\u00e4nde gel\u00f6scht, manchen Baum aus dem Weg ger\u00e4umt und vieles mehr.<\/p>\n\n\n\n<p>Daf\u00fcr m\u00f6chte ich besonders allen Kameradinnen und Kameraden des Landkreises M\u00e4rkisch-Oderland im Namen des Kreisfeuerwehrverbandes herzlichsten Dank aussprechen. Ich m\u00f6chten ebenfalls all denen danken, die das Verst\u00e4ndnis daf\u00fcr aufbringen, dass ihr euch im Ehrenamt bet\u00e4tigt und nicht immer mit am Tisch sitzt, wenn Familie und Freunde sich treffen. Dank gilt nat\u00fcrlich ebenfalls den Feuerwehrleuten auf der ganzen Welt, da alle die gleiche ehrenvolle und wichtige Aufgabe erf\u00fcllen.<\/p>\n\n\n\n<p>Ich w\u00fcnsche euch eine sch\u00f6ne und ruhige Weihnachtszeit und einen guten \u00dcbergang ins neue Jahr. W\u00e4hrend dieser Zeit m\u00f6gen m\u00f6glichst wenige Eins\u00e4tze die Ruhe st\u00f6ren. Bleibt gesund und kommt auch zuk\u00fcnftig unversehrt von den Eins\u00e4tzen zur\u00fcck.<br>Ich freue mich, euch im n\u00e4chsten Jahr wiederzusehen und bin voller Erwartungen auf unser 30-j\u00e4hriges Jubil\u00e4um, dessen Vorbereitungen bereits begonnen haben.<\/p>\n\n\n\n<p>Mit kameradschaftlichen Gr\u00fc\u00dfen<\/p>\n\n\n\n<p>Jens G\u00f6tze<\/p>\n\n\n\n<p>Vorsitzender des<br>Kreisfeuerwehrverbandes<br>M\u00e4rkisch-Oderland<\/p>\n","protected":false},"excerpt":{"rendered":"<p>Der Kreisfeuerwehrverband M\u00e4rkisch-Oderland e.V. w\u00fcnscht Allen ein frohes und besinnliches Weihnachtsfest. &#x1f384;&#x1f385;&#x1f692; Werte Kameradinnen, werte Kameraden, wieder neigt sich ein Jahr dem Ende entgegen. Ein Jahr, welches uns erlaubte, normal Dienst zu leisten. Wir brauchten keine Ausbildung ausfallen zu lassen, konnten uns zu einem kameradschaftlichen Bier treffen und fanden zur\u00fcck in einen normalen Feuerwehralltag. \u00dcberschattet [&hellip;]<\/p>\n","protected":false},"author":12,"featured_media":8743,"comment_status":"closed","ping_status":"closed","sticky":false,"template":"","format":"standard","meta":{"footnotes":""},"categories":[1],"tags":[],"class_list":["post-8742","post","type-post","status-publish","format-standard","has-post-thumbnail","hentry","category-sonstige"],"_links":{"self":[{"href":"https:\/\/kfv-mol.de\/Wordpress\/wp-json\/wp\/v2\/posts\/8742","targetHints":{"allow":["GET"]}}],"collection":[{"href":"https:\/\/kfv-mol.de\/Wordpress\/wp-json\/wp\/v2\/posts"}],"about":[{"href":"https:\/\/kfv-mol.de\/Wordpress\/wp-json\/wp\/v2\/types\/post"}],"author":[{"embeddable":true,"href":"https:\/\/kfv-mol.de\/Wordpress\/wp-json\/wp\/v2\/users\/12"}],"replies":[{"embeddable":true,"href":"https:\/\/kfv-mol.de\/Wordpress\/wp-json\/wp\/v2\/comments?post=8742"}],"version-history":[{"count":0,"href":"https:\/\/kfv-mol.de\/Wordpress\/wp-json\/wp\/v2\/posts\/8742\/revisions"}],"wp:featuredmedia":[{"embeddable":true,"href":"https:\/\/kfv-mol.de\/Wordpress\/wp-json\/wp\/v2\/media\/8743"}],"wp:attachment":[{"href":"https:\/\/kfv-mol.de\/Wordpress\/wp-json\/wp\/v2\/media?parent=8742"}],"wp:term":[{"taxonomy":"category","embeddable":true,"href":"https:\/\/kfv-mol.de\/Wordpress\/wp-json\/wp\/v2\/categories?post=8742"},{"taxonomy":"post_tag","embeddable":true,"href":"https:\/\/kfv-mol.de\/Wordpress\/wp-json\/wp\/v2\/tags?post=8742"}],"curies":[{"name":"wp","href":"https:\/\/api.w.org\/{rel}","templated":true}]}}