{"id":8611,"date":"2023-11-13T11:54:12","date_gmt":"2023-11-13T10:54:12","guid":{"rendered":"https:\/\/kfv-mol.de\/Wordpress\/?p=8611"},"modified":"2023-11-13T11:54:14","modified_gmt":"2023-11-13T10:54:14","slug":"wir-erweisen-die-letzte-ehre-21","status":"publish","type":"post","link":"https:\/\/kfv-mol.de\/Wordpress\/Artikel\/wir-erweisen-die-letzte-ehre-21\/","title":{"rendered":"Wir erweisen die letzte Ehre!"},"content":{"rendered":"\n<p>Wir bedanken uns f\u00fcr die engagierte und langj\u00e4hrige Mitwirkung im Brand- und Katastrophenschutz im LK M\u00e4rkisch-Oderland und dr\u00fccken den Angeh\u00f6rigen unser tiefstes Mitgef\u00fchl aus.<\/p>\n\n\n\n<figure class=\"wp-block-image size-large\"><img decoding=\"async\" width=\"1024\" height=\"683\" data-src=\"https:\/\/kfv-mol.de\/Wordpress\/wp-content\/uploads\/2023\/11\/0ADB20E3-78F5-4463-A8D7-76277B1E68DB-1024x683.jpeg\" alt=\"\" class=\"wp-image-8612 lazyload\" data-srcset=\"https:\/\/kfv-mol.de\/Wordpress\/wp-content\/uploads\/2023\/11\/0ADB20E3-78F5-4463-A8D7-76277B1E68DB-1024x683.jpeg 1024w, https:\/\/kfv-mol.de\/Wordpress\/wp-content\/uploads\/2023\/11\/0ADB20E3-78F5-4463-A8D7-76277B1E68DB-300x200.jpeg 300w, https:\/\/kfv-mol.de\/Wordpress\/wp-content\/uploads\/2023\/11\/0ADB20E3-78F5-4463-A8D7-76277B1E68DB-768x512.jpeg 768w, https:\/\/kfv-mol.de\/Wordpress\/wp-content\/uploads\/2023\/11\/0ADB20E3-78F5-4463-A8D7-76277B1E68DB-1536x1024.jpeg 1536w, https:\/\/kfv-mol.de\/Wordpress\/wp-content\/uploads\/2023\/11\/0ADB20E3-78F5-4463-A8D7-76277B1E68DB.jpeg 1732w\" data-sizes=\"(max-width: 1024px) 100vw, 1024px\" src=\"data:image\/svg+xml;base64,PHN2ZyB3aWR0aD0iMSIgaGVpZ2h0PSIxIiB4bWxucz0iaHR0cDovL3d3dy53My5vcmcvMjAwMC9zdmciPjwvc3ZnPg==\" style=\"--smush-placeholder-width: 1024px; --smush-placeholder-aspect-ratio: 1024\/683;\" \/><\/figure>\n","protected":false},"excerpt":{"rendered":"<p>Wir bedanken uns f\u00fcr die engagierte und langj\u00e4hrige Mitwirkung im Brand- und Katastrophenschutz im LK M\u00e4rkisch-Oderland und dr\u00fccken den Angeh\u00f6rigen unser tiefstes Mitgef\u00fchl aus.<\/p>\n","protected":false},"author":12,"featured_media":8612,"comment_status":"closed","ping_status":"closed","sticky":false,"template":"","format":"standard","meta":{"footnotes":""},"categories":[1],"tags":[],"class_list":["post-8611","post","type-post","status-publish","format-standard","has-post-thumbnail","hentry","category-sonstige"],"_links":{"self":[{"href":"https:\/\/kfv-mol.de\/Wordpress\/wp-json\/wp\/v2\/posts\/8611","targetHints":{"allow":["GET"]}}],"collection":[{"href":"https:\/\/kfv-mol.de\/Wordpress\/wp-json\/wp\/v2\/posts"}],"about":[{"href":"https:\/\/kfv-mol.de\/Wordpress\/wp-json\/wp\/v2\/types\/post"}],"author":[{"embeddable":true,"href":"https:\/\/kfv-mol.de\/Wordpress\/wp-json\/wp\/v2\/users\/12"}],"replies":[{"embeddable":true,"href":"https:\/\/kfv-mol.de\/Wordpress\/wp-json\/wp\/v2\/comments?post=8611"}],"version-history":[{"count":0,"href":"https:\/\/kfv-mol.de\/Wordpress\/wp-json\/wp\/v2\/posts\/8611\/revisions"}],"wp:featuredmedia":[{"embeddable":true,"href":"https:\/\/kfv-mol.de\/Wordpress\/wp-json\/wp\/v2\/media\/8612"}],"wp:attachment":[{"href":"https:\/\/kfv-mol.de\/Wordpress\/wp-json\/wp\/v2\/media?parent=8611"}],"wp:term":[{"taxonomy":"category","embeddable":true,"href":"https:\/\/kfv-mol.de\/Wordpress\/wp-json\/wp\/v2\/categories?post=8611"},{"taxonomy":"post_tag","embeddable":true,"href":"https:\/\/kfv-mol.de\/Wordpress\/wp-json\/wp\/v2\/tags?post=8611"}],"curies":[{"name":"wp","href":"https:\/\/api.w.org\/{rel}","templated":true}]}}