{"id":8561,"date":"2023-10-16T11:20:52","date_gmt":"2023-10-16T10:20:52","guid":{"rendered":"https:\/\/kfv-mol.de\/Wordpress\/?p=8561"},"modified":"2023-10-16T11:20:53","modified_gmt":"2023-10-16T10:20:53","slug":"reminder","status":"publish","type":"post","link":"https:\/\/kfv-mol.de\/Wordpress\/Artikel\/reminder\/","title":{"rendered":"+++ Reminder +++"},"content":{"rendered":"\n<p>Hallo Kameradinnen und Kameraden,<\/p>\n\n\n\n<p>der Fachausschuss Aus- und Weiterbildung des KFV MOL startete Mitte Juli eine Umfrage zum Thema Kreisausbildung. Darin ging es um Erfahrungen bei vergangenen Lehrg\u00e4ngen, um organisatorische Besonderheiten, um Lob und Anregungen und um W\u00fcnsche und Vorstellungen f\u00fcr die Zukunft.<\/p>\n\n\n\n<p>Die Umfrage richtet sich an alle Kameradinnen und Kameraden der Feuerwehren unseres Landkreises. Daher bitten wir Euch die Umfrage zu nutzen, nur wenn wir wissen wo wir stehen, wissen wir wohin wir wollen\/m\u00fcssen. Sollte der Link zu unserer Umfrage Euch noch nicht erreicht haben, kann er gern direkt beim Fachausschuss angefordert werden.<\/p>\n\n\n\n<p>Sendet dazu bitte eine Mail mit dem Betreff Umfrage und der Angabe welcher Wehr Ihr angeh\u00f6rt direkt an: ausbildung-MOL@web.de<\/p>\n\n\n\n<p>Die Umfrage ist noch bis zum 31.10. aktiv, danach erfolgt die Auswertung der eingegangenen Antworten.<\/p>\n\n\n\n<p>Wir freuen uns sehr \u00fcber eine rege Teilnahme.<\/p>\n\n\n\n<p>Mit kameradschaftlichen Gr\u00fc\u00dfen<br>Ren\u00e9 Niemecki<\/p>\n\n\n\n<figure class=\"wp-block-gallery has-nested-images columns-default is-cropped wp-block-gallery-1 is-layout-flex wp-block-gallery-is-layout-flex\">\n<figure class=\"wp-block-image size-large\"><img decoding=\"async\" width=\"1024\" height=\"682\" data-id=\"8562\" data-src=\"https:\/\/kfv-mol.de\/Wordpress\/wp-content\/uploads\/2023\/10\/WhatsApp-Bild-2023-10-16-um-12.15.59_46e5a7d4-1024x682.jpg\" alt=\"\" class=\"wp-image-8562 lazyload\" data-srcset=\"https:\/\/kfv-mol.de\/Wordpress\/wp-content\/uploads\/2023\/10\/WhatsApp-Bild-2023-10-16-um-12.15.59_46e5a7d4-1024x682.jpg 1024w, https:\/\/kfv-mol.de\/Wordpress\/wp-content\/uploads\/2023\/10\/WhatsApp-Bild-2023-10-16-um-12.15.59_46e5a7d4-300x200.jpg 300w, https:\/\/kfv-mol.de\/Wordpress\/wp-content\/uploads\/2023\/10\/WhatsApp-Bild-2023-10-16-um-12.15.59_46e5a7d4-768x512.jpg 768w, https:\/\/kfv-mol.de\/Wordpress\/wp-content\/uploads\/2023\/10\/WhatsApp-Bild-2023-10-16-um-12.15.59_46e5a7d4-1536x1023.jpg 1536w, https:\/\/kfv-mol.de\/Wordpress\/wp-content\/uploads\/2023\/10\/WhatsApp-Bild-2023-10-16-um-12.15.59_46e5a7d4.jpg 1600w\" data-sizes=\"(max-width: 1024px) 100vw, 1024px\" src=\"data:image\/svg+xml;base64,PHN2ZyB3aWR0aD0iMSIgaGVpZ2h0PSIxIiB4bWxucz0iaHR0cDovL3d3dy53My5vcmcvMjAwMC9zdmciPjwvc3ZnPg==\" style=\"--smush-placeholder-width: 1024px; --smush-placeholder-aspect-ratio: 1024\/682;\" \/><\/figure>\n<\/figure>\n","protected":false},"excerpt":{"rendered":"<p>Hallo Kameradinnen und Kameraden, der Fachausschuss Aus- und Weiterbildung des KFV MOL startete Mitte Juli eine Umfrage zum Thema Kreisausbildung. Darin ging es um Erfahrungen bei vergangenen Lehrg\u00e4ngen, um organisatorische Besonderheiten, um Lob und Anregungen und um W\u00fcnsche und Vorstellungen f\u00fcr die Zukunft. Die Umfrage richtet sich an alle Kameradinnen und Kameraden der Feuerwehren unseres [&hellip;]<\/p>\n","protected":false},"author":1,"featured_media":8562,"comment_status":"closed","ping_status":"closed","sticky":false,"template":"","format":"standard","meta":{"footnotes":""},"categories":[1],"tags":[],"class_list":["post-8561","post","type-post","status-publish","format-standard","has-post-thumbnail","hentry","category-sonstige"],"_links":{"self":[{"href":"https:\/\/kfv-mol.de\/Wordpress\/wp-json\/wp\/v2\/posts\/8561","targetHints":{"allow":["GET"]}}],"collection":[{"href":"https:\/\/kfv-mol.de\/Wordpress\/wp-json\/wp\/v2\/posts"}],"about":[{"href":"https:\/\/kfv-mol.de\/Wordpress\/wp-json\/wp\/v2\/types\/post"}],"author":[{"embeddable":true,"href":"https:\/\/kfv-mol.de\/Wordpress\/wp-json\/wp\/v2\/users\/1"}],"replies":[{"embeddable":true,"href":"https:\/\/kfv-mol.de\/Wordpress\/wp-json\/wp\/v2\/comments?post=8561"}],"version-history":[{"count":0,"href":"https:\/\/kfv-mol.de\/Wordpress\/wp-json\/wp\/v2\/posts\/8561\/revisions"}],"wp:featuredmedia":[{"embeddable":true,"href":"https:\/\/kfv-mol.de\/Wordpress\/wp-json\/wp\/v2\/media\/8562"}],"wp:attachment":[{"href":"https:\/\/kfv-mol.de\/Wordpress\/wp-json\/wp\/v2\/media?parent=8561"}],"wp:term":[{"taxonomy":"category","embeddable":true,"href":"https:\/\/kfv-mol.de\/Wordpress\/wp-json\/wp\/v2\/categories?post=8561"},{"taxonomy":"post_tag","embeddable":true,"href":"https:\/\/kfv-mol.de\/Wordpress\/wp-json\/wp\/v2\/tags?post=8561"}],"curies":[{"name":"wp","href":"https:\/\/api.w.org\/{rel}","templated":true}]}}