{"id":8548,"date":"2023-10-09T13:31:20","date_gmt":"2023-10-09T12:31:20","guid":{"rendered":"https:\/\/kfv-mol.de\/Wordpress\/?p=8548"},"modified":"2023-10-09T13:31:22","modified_gmt":"2023-10-09T12:31:22","slug":"blaulichtgottesdienst-am-04-11-2023","status":"publish","type":"post","link":"https:\/\/kfv-mol.de\/Wordpress\/Artikel\/blaulichtgottesdienst-am-04-11-2023\/","title":{"rendered":"Blaulichtgottesdienst am 04.11.2023"},"content":{"rendered":"\n<p>Sehr geehrte Kameradinnen und Kameraden,<br>traditionell wird am ersten Samstag im November der im vergangenen Jahr Verstorbenen<br>aus den Feuerwehren, der Polizei und der Rettungsdienste gedacht. Organisatoren sind der<br>Landesfeuerwehrverband Brandenburg e.V., die Polizeiseelsorge und die Notfallseelsorge<br>im Land Brandenburg.<br>In diesem Jahr laden die Veranstalter ein:<\/p>\n\n\n\n<p><br><strong>04.11.2023, Beginn: 14:00 Uhr, Nikolaikirche Potsdam<\/strong><\/p>\n\n\n\n<p><br>Der Ministerpr\u00e4sident des Landes Brandenburg, Dr. Ditmar Woidke, wird eine Ansprache<br>zur Erinnerung an die Verstorbenen halten. Anschlie\u00dfend wird der Innenminister des<br>Landes Brandenburg, Michael St\u00fcbgen, die Namen aller Verstorbenen verlesen. F\u00fcr Jeden<br>wird dabei eine Kerze entz\u00fcndet und am Altar aufgestellt.<br>Es ist eine sehr w\u00fcrdige Veranstaltung, an der viele Pers\u00f6nlichkeiten des \u00f6ffentlichen<br>Lebens teilnehmen. Ebenso sind Familienangeh\u00f6rige, Kollegen, Kameraden und Freunde<br>anwesend und gedenken nochmals der Verstorbenen.<\/p>\n\n\n\n<p>Bitte meldet euch bis zum 28.10.2023 unter der E-Mail der Gesch\u00e4ftsstelle <strong><em>geschaeftsstelle@kfv-mol.de<\/em><\/strong> . Wir w\u00fcrden dann ggf. einen Fahrtransport organisieren. <\/p>\n\n\n\n<figure class=\"wp-block-gallery has-nested-images columns-default is-cropped wp-block-gallery-1 is-layout-flex wp-block-gallery-is-layout-flex\">\n<figure class=\"wp-block-image size-large\"><img decoding=\"async\" width=\"724\" height=\"1024\" data-id=\"8549\" data-src=\"https:\/\/kfv-mol.de\/Wordpress\/wp-content\/uploads\/2023\/10\/Plakat-Blaulichtgottesdienst-20234182-724x1024.jpg\" alt=\"\" class=\"wp-image-8549 lazyload\" data-srcset=\"https:\/\/kfv-mol.de\/Wordpress\/wp-content\/uploads\/2023\/10\/Plakat-Blaulichtgottesdienst-20234182-724x1024.jpg 724w, https:\/\/kfv-mol.de\/Wordpress\/wp-content\/uploads\/2023\/10\/Plakat-Blaulichtgottesdienst-20234182-212x300.jpg 212w, https:\/\/kfv-mol.de\/Wordpress\/wp-content\/uploads\/2023\/10\/Plakat-Blaulichtgottesdienst-20234182-768x1086.jpg 768w, https:\/\/kfv-mol.de\/Wordpress\/wp-content\/uploads\/2023\/10\/Plakat-Blaulichtgottesdienst-20234182-1086x1536.jpg 1086w, https:\/\/kfv-mol.de\/Wordpress\/wp-content\/uploads\/2023\/10\/Plakat-Blaulichtgottesdienst-20234182-1448x2048.jpg 1448w, https:\/\/kfv-mol.de\/Wordpress\/wp-content\/uploads\/2023\/10\/Plakat-Blaulichtgottesdienst-20234182.jpg 1662w\" data-sizes=\"(max-width: 724px) 100vw, 724px\" src=\"data:image\/svg+xml;base64,PHN2ZyB3aWR0aD0iMSIgaGVpZ2h0PSIxIiB4bWxucz0iaHR0cDovL3d3dy53My5vcmcvMjAwMC9zdmciPjwvc3ZnPg==\" style=\"--smush-placeholder-width: 724px; --smush-placeholder-aspect-ratio: 724\/1024;\" \/><\/figure>\n<\/figure>\n","protected":false},"excerpt":{"rendered":"<p>Sehr geehrte Kameradinnen und Kameraden,traditionell wird am ersten Samstag im November der im vergangenen Jahr Verstorbenenaus den Feuerwehren, der Polizei und der Rettungsdienste gedacht. Organisatoren sind derLandesfeuerwehrverband Brandenburg e.V., die Polizeiseelsorge und die Notfallseelsorgeim Land Brandenburg.In diesem Jahr laden die Veranstalter ein: 04.11.2023, Beginn: 14:00 Uhr, Nikolaikirche Potsdam Der Ministerpr\u00e4sident des Landes Brandenburg, Dr. Ditmar [&hellip;]<\/p>\n","protected":false},"author":1,"featured_media":8549,"comment_status":"closed","ping_status":"closed","sticky":false,"template":"","format":"standard","meta":{"footnotes":""},"categories":[1],"tags":[],"class_list":["post-8548","post","type-post","status-publish","format-standard","has-post-thumbnail","hentry","category-sonstige"],"_links":{"self":[{"href":"https:\/\/kfv-mol.de\/Wordpress\/wp-json\/wp\/v2\/posts\/8548","targetHints":{"allow":["GET"]}}],"collection":[{"href":"https:\/\/kfv-mol.de\/Wordpress\/wp-json\/wp\/v2\/posts"}],"about":[{"href":"https:\/\/kfv-mol.de\/Wordpress\/wp-json\/wp\/v2\/types\/post"}],"author":[{"embeddable":true,"href":"https:\/\/kfv-mol.de\/Wordpress\/wp-json\/wp\/v2\/users\/1"}],"replies":[{"embeddable":true,"href":"https:\/\/kfv-mol.de\/Wordpress\/wp-json\/wp\/v2\/comments?post=8548"}],"version-history":[{"count":0,"href":"https:\/\/kfv-mol.de\/Wordpress\/wp-json\/wp\/v2\/posts\/8548\/revisions"}],"wp:featuredmedia":[{"embeddable":true,"href":"https:\/\/kfv-mol.de\/Wordpress\/wp-json\/wp\/v2\/media\/8549"}],"wp:attachment":[{"href":"https:\/\/kfv-mol.de\/Wordpress\/wp-json\/wp\/v2\/media?parent=8548"}],"wp:term":[{"taxonomy":"category","embeddable":true,"href":"https:\/\/kfv-mol.de\/Wordpress\/wp-json\/wp\/v2\/categories?post=8548"},{"taxonomy":"post_tag","embeddable":true,"href":"https:\/\/kfv-mol.de\/Wordpress\/wp-json\/wp\/v2\/tags?post=8548"}],"curies":[{"name":"wp","href":"https:\/\/api.w.org\/{rel}","templated":true}]}}