{"id":8543,"date":"2023-10-09T12:56:29","date_gmt":"2023-10-09T11:56:29","guid":{"rendered":"https:\/\/kfv-mol.de\/Wordpress\/?p=8543"},"modified":"2023-10-09T12:56:31","modified_gmt":"2023-10-09T11:56:31","slug":"es-gibt-vieles-zu-feiern","status":"publish","type":"post","link":"https:\/\/kfv-mol.de\/Wordpress\/Artikel\/es-gibt-vieles-zu-feiern\/","title":{"rendered":"&#8230;es gibt vieles zu feiern!"},"content":{"rendered":"\n<p>Am 23. September 2023 trafen sich Kameradinnen und Kameraden der<br>Alters- und Ehrenabteilung der Gemeinde Letschin in Sietzing, bei sch\u00f6nen Sp\u00e4tsommerwetter, zu einem gemeinsamen gem\u00fctlichen Kaffeetrinken.<\/p>\n\n\n\n<p>Etwas sp\u00e4ter kamen die Kameraden von den Einsatzkr\u00e4ften dazu um das<\/p>\n\n\n\n<ol class=\"wp-block-list\" start=\"95\">\n<li>Jubil\u00e4um der Freiwilligen Feuerwehr zu feiern.<br>Sechs Kameraden der Alters- und Ehrenabteilung konnten mit der Treuemedaille f\u00fcr 40, 50, 60 und<br>70 Jahre geehrt werden.<br>Ein Kamerad wurde mit der Ehrennadel des<br>Kreisfeuerwehrverband in Silber ausgezeichnet.<\/li>\n<\/ol>\n\n\n\n<p>Bei Gegrilltem und k\u00fchlen Getr\u00e4nken wurde in Erinnerung geschwelgt, gelacht und bis in die sp\u00e4ten Abendstunden&nbsp;gefeiert.<\/p>\n\n\n\n<figure class=\"wp-block-gallery has-nested-images columns-default is-cropped wp-block-gallery-1 is-layout-flex wp-block-gallery-is-layout-flex\">\n<figure class=\"wp-block-image size-large\"><img decoding=\"async\" width=\"960\" height=\"640\" data-id=\"8546\" data-src=\"https:\/\/kfv-mol.de\/Wordpress\/wp-content\/uploads\/2023\/10\/WhatsApp-Bild-2023-10-09-um-13.52.53_da83b392.jpg\" alt=\"\" class=\"wp-image-8546 lazyload\" data-srcset=\"https:\/\/kfv-mol.de\/Wordpress\/wp-content\/uploads\/2023\/10\/WhatsApp-Bild-2023-10-09-um-13.52.53_da83b392.jpg 960w, https:\/\/kfv-mol.de\/Wordpress\/wp-content\/uploads\/2023\/10\/WhatsApp-Bild-2023-10-09-um-13.52.53_da83b392-300x200.jpg 300w, https:\/\/kfv-mol.de\/Wordpress\/wp-content\/uploads\/2023\/10\/WhatsApp-Bild-2023-10-09-um-13.52.53_da83b392-768x512.jpg 768w\" data-sizes=\"(max-width: 960px) 100vw, 960px\" src=\"data:image\/svg+xml;base64,PHN2ZyB3aWR0aD0iMSIgaGVpZ2h0PSIxIiB4bWxucz0iaHR0cDovL3d3dy53My5vcmcvMjAwMC9zdmciPjwvc3ZnPg==\" style=\"--smush-placeholder-width: 960px; --smush-placeholder-aspect-ratio: 960\/640;\" \/><\/figure>\n\n\n\n<figure class=\"wp-block-image size-large\"><img decoding=\"async\" width=\"960\" height=\"640\" data-id=\"8544\" data-src=\"https:\/\/kfv-mol.de\/Wordpress\/wp-content\/uploads\/2023\/10\/WhatsApp-Bild-2023-10-09-um-13.52.53_310da9c7.jpg\" alt=\"\" class=\"wp-image-8544 lazyload\" data-srcset=\"https:\/\/kfv-mol.de\/Wordpress\/wp-content\/uploads\/2023\/10\/WhatsApp-Bild-2023-10-09-um-13.52.53_310da9c7.jpg 960w, https:\/\/kfv-mol.de\/Wordpress\/wp-content\/uploads\/2023\/10\/WhatsApp-Bild-2023-10-09-um-13.52.53_310da9c7-300x200.jpg 300w, https:\/\/kfv-mol.de\/Wordpress\/wp-content\/uploads\/2023\/10\/WhatsApp-Bild-2023-10-09-um-13.52.53_310da9c7-768x512.jpg 768w\" data-sizes=\"(max-width: 960px) 100vw, 960px\" src=\"data:image\/svg+xml;base64,PHN2ZyB3aWR0aD0iMSIgaGVpZ2h0PSIxIiB4bWxucz0iaHR0cDovL3d3dy53My5vcmcvMjAwMC9zdmciPjwvc3ZnPg==\" style=\"--smush-placeholder-width: 960px; --smush-placeholder-aspect-ratio: 960\/640;\" \/><\/figure>\n\n\n\n<figure class=\"wp-block-image size-large\"><img decoding=\"async\" width=\"960\" height=\"640\" data-id=\"8545\" data-src=\"https:\/\/kfv-mol.de\/Wordpress\/wp-content\/uploads\/2023\/10\/WhatsApp-Bild-2023-10-09-um-13.52.54_694a192a.jpg\" alt=\"\" class=\"wp-image-8545 lazyload\" data-srcset=\"https:\/\/kfv-mol.de\/Wordpress\/wp-content\/uploads\/2023\/10\/WhatsApp-Bild-2023-10-09-um-13.52.54_694a192a.jpg 960w, https:\/\/kfv-mol.de\/Wordpress\/wp-content\/uploads\/2023\/10\/WhatsApp-Bild-2023-10-09-um-13.52.54_694a192a-300x200.jpg 300w, https:\/\/kfv-mol.de\/Wordpress\/wp-content\/uploads\/2023\/10\/WhatsApp-Bild-2023-10-09-um-13.52.54_694a192a-768x512.jpg 768w\" data-sizes=\"(max-width: 960px) 100vw, 960px\" src=\"data:image\/svg+xml;base64,PHN2ZyB3aWR0aD0iMSIgaGVpZ2h0PSIxIiB4bWxucz0iaHR0cDovL3d3dy53My5vcmcvMjAwMC9zdmciPjwvc3ZnPg==\" style=\"--smush-placeholder-width: 960px; --smush-placeholder-aspect-ratio: 960\/640;\" \/><\/figure>\n<\/figure>\n","protected":false},"excerpt":{"rendered":"<p>Am 23. September 2023 trafen sich Kameradinnen und Kameraden derAlters- und Ehrenabteilung der Gemeinde Letschin in Sietzing, bei sch\u00f6nen Sp\u00e4tsommerwetter, zu einem gemeinsamen gem\u00fctlichen Kaffeetrinken. Etwas sp\u00e4ter kamen die Kameraden von den Einsatzkr\u00e4ften dazu um das Bei Gegrilltem und k\u00fchlen Getr\u00e4nken wurde in Erinnerung geschwelgt, gelacht und bis in die sp\u00e4ten Abendstunden&nbsp;gefeiert.<\/p>\n","protected":false},"author":1,"featured_media":8545,"comment_status":"closed","ping_status":"closed","sticky":false,"template":"","format":"standard","meta":{"footnotes":""},"categories":[24],"tags":[],"class_list":["post-8543","post","type-post","status-publish","format-standard","has-post-thumbnail","hentry","category-alters-und-ehrenabteilungen"],"_links":{"self":[{"href":"https:\/\/kfv-mol.de\/Wordpress\/wp-json\/wp\/v2\/posts\/8543","targetHints":{"allow":["GET"]}}],"collection":[{"href":"https:\/\/kfv-mol.de\/Wordpress\/wp-json\/wp\/v2\/posts"}],"about":[{"href":"https:\/\/kfv-mol.de\/Wordpress\/wp-json\/wp\/v2\/types\/post"}],"author":[{"embeddable":true,"href":"https:\/\/kfv-mol.de\/Wordpress\/wp-json\/wp\/v2\/users\/1"}],"replies":[{"embeddable":true,"href":"https:\/\/kfv-mol.de\/Wordpress\/wp-json\/wp\/v2\/comments?post=8543"}],"version-history":[{"count":0,"href":"https:\/\/kfv-mol.de\/Wordpress\/wp-json\/wp\/v2\/posts\/8543\/revisions"}],"wp:featuredmedia":[{"embeddable":true,"href":"https:\/\/kfv-mol.de\/Wordpress\/wp-json\/wp\/v2\/media\/8545"}],"wp:attachment":[{"href":"https:\/\/kfv-mol.de\/Wordpress\/wp-json\/wp\/v2\/media?parent=8543"}],"wp:term":[{"taxonomy":"category","embeddable":true,"href":"https:\/\/kfv-mol.de\/Wordpress\/wp-json\/wp\/v2\/categories?post=8543"},{"taxonomy":"post_tag","embeddable":true,"href":"https:\/\/kfv-mol.de\/Wordpress\/wp-json\/wp\/v2\/tags?post=8543"}],"curies":[{"name":"wp","href":"https:\/\/api.w.org\/{rel}","templated":true}]}}