{"id":8537,"date":"2023-10-09T12:51:24","date_gmt":"2023-10-09T11:51:24","guid":{"rendered":"https:\/\/kfv-mol.de\/Wordpress\/?p=8537"},"modified":"2023-10-09T12:51:25","modified_gmt":"2023-10-09T11:51:25","slug":"alters-und-ehrenabteilung-on-tour","status":"publish","type":"post","link":"https:\/\/kfv-mol.de\/Wordpress\/Artikel\/alters-und-ehrenabteilung-on-tour\/","title":{"rendered":"Alters- und Ehrenabteilung on Tour"},"content":{"rendered":"\n<p>Am Mittwoch, den 04. Oktober 2023 unternahmen Mitglieder der Alters- und Ehrenabteilungen der Feuerwehren des Altkreises Strausberg mit ihren Partnern nach l\u00e4ngerer Pause wieder einen<br>Ausflug, diesmal in die Messestadt Leipzig.<\/p>\n\n\n\n<p>Fr\u00fch am Morgen holte uns der moderne Reisebus des Reiseveranstalters FINCKE aus Eggersdorf an den jeweiligen Zustiegsstellen in M\u00fcncheberg, Herzfelde, Strausberg, Petershagen und Vogelsdorf ab.<br>Auf dem Parkplatz der Autobahnrastst\u00e4tte Fl\u00e4ming erhielten wir einen Fr\u00fchst\u00fccksbeutel und hei\u00dfen Kaffee.<\/p>\n\n\n\n<p>In Leipzig an der Andreaskirche erwartete uns eine Stadtf\u00fchrerin, die uns vom Bus aus die Sehensw\u00fcrdigkeiten der Innenstadt erkl\u00e4rte. Am V\u00f6lkerschlachtdenkmal konnten wir uns die Beine<br>vertreten.<br>In einem Gasthaus in der Leipziger City wurde uns ein Mittagessen serviert, deren Kalorien wir beim anschlie\u00dfenden Bummel zum Alten Rathaus und vorbei an Auerbachs Keller nicht ganz<br>ablaufen konnten.<br>Den Abschluss der Tour vor der Heimfahrt bildete das Kaffee trinken mit und sogar Tanz in einem Forstgasthaus in Markkleeberg.<\/p>\n\n\n\n<p>Wir freuen uns schon auf die n\u00e4chste\u00a0Fahrt\u00a02024.<\/p>\n\n\n\n<p><\/p>\n\n\n\n<figure class=\"wp-block-gallery has-nested-images columns-default is-cropped wp-block-gallery-1 is-layout-flex wp-block-gallery-is-layout-flex\">\n<figure class=\"wp-block-image size-large\"><img decoding=\"async\" width=\"960\" height=\"720\" data-id=\"8540\" data-src=\"https:\/\/kfv-mol.de\/Wordpress\/wp-content\/uploads\/2023\/10\/WhatsApp-Bild-2023-10-09-um-13.48.14_8e4e1076.jpg\" alt=\"\" class=\"wp-image-8540 lazyload\" data-srcset=\"https:\/\/kfv-mol.de\/Wordpress\/wp-content\/uploads\/2023\/10\/WhatsApp-Bild-2023-10-09-um-13.48.14_8e4e1076.jpg 960w, https:\/\/kfv-mol.de\/Wordpress\/wp-content\/uploads\/2023\/10\/WhatsApp-Bild-2023-10-09-um-13.48.14_8e4e1076-300x225.jpg 300w, https:\/\/kfv-mol.de\/Wordpress\/wp-content\/uploads\/2023\/10\/WhatsApp-Bild-2023-10-09-um-13.48.14_8e4e1076-768x576.jpg 768w\" data-sizes=\"(max-width: 960px) 100vw, 960px\" src=\"data:image\/svg+xml;base64,PHN2ZyB3aWR0aD0iMSIgaGVpZ2h0PSIxIiB4bWxucz0iaHR0cDovL3d3dy53My5vcmcvMjAwMC9zdmciPjwvc3ZnPg==\" style=\"--smush-placeholder-width: 960px; --smush-placeholder-aspect-ratio: 960\/720;\" \/><\/figure>\n\n\n\n<figure class=\"wp-block-image size-large\"><img decoding=\"async\" width=\"904\" height=\"417\" data-id=\"8538\" data-src=\"https:\/\/kfv-mol.de\/Wordpress\/wp-content\/uploads\/2023\/10\/WhatsApp-Bild-2023-10-09-um-13.48.14_882f38f9.jpg\" alt=\"\" class=\"wp-image-8538 lazyload\" data-srcset=\"https:\/\/kfv-mol.de\/Wordpress\/wp-content\/uploads\/2023\/10\/WhatsApp-Bild-2023-10-09-um-13.48.14_882f38f9.jpg 904w, https:\/\/kfv-mol.de\/Wordpress\/wp-content\/uploads\/2023\/10\/WhatsApp-Bild-2023-10-09-um-13.48.14_882f38f9-300x138.jpg 300w, https:\/\/kfv-mol.de\/Wordpress\/wp-content\/uploads\/2023\/10\/WhatsApp-Bild-2023-10-09-um-13.48.14_882f38f9-768x354.jpg 768w\" data-sizes=\"(max-width: 904px) 100vw, 904px\" src=\"data:image\/svg+xml;base64,PHN2ZyB3aWR0aD0iMSIgaGVpZ2h0PSIxIiB4bWxucz0iaHR0cDovL3d3dy53My5vcmcvMjAwMC9zdmciPjwvc3ZnPg==\" style=\"--smush-placeholder-width: 904px; --smush-placeholder-aspect-ratio: 904\/417;\" \/><\/figure>\n\n\n\n<figure class=\"wp-block-image size-large\"><img decoding=\"async\" width=\"904\" height=\"417\" data-id=\"8539\" data-src=\"https:\/\/kfv-mol.de\/Wordpress\/wp-content\/uploads\/2023\/10\/WhatsApp-Bild-2023-10-09-um-13.48.14_cb8cd50c.jpg\" alt=\"\" class=\"wp-image-8539 lazyload\" data-srcset=\"https:\/\/kfv-mol.de\/Wordpress\/wp-content\/uploads\/2023\/10\/WhatsApp-Bild-2023-10-09-um-13.48.14_cb8cd50c.jpg 904w, https:\/\/kfv-mol.de\/Wordpress\/wp-content\/uploads\/2023\/10\/WhatsApp-Bild-2023-10-09-um-13.48.14_cb8cd50c-300x138.jpg 300w, https:\/\/kfv-mol.de\/Wordpress\/wp-content\/uploads\/2023\/10\/WhatsApp-Bild-2023-10-09-um-13.48.14_cb8cd50c-768x354.jpg 768w\" data-sizes=\"(max-width: 904px) 100vw, 904px\" src=\"data:image\/svg+xml;base64,PHN2ZyB3aWR0aD0iMSIgaGVpZ2h0PSIxIiB4bWxucz0iaHR0cDovL3d3dy53My5vcmcvMjAwMC9zdmciPjwvc3ZnPg==\" style=\"--smush-placeholder-width: 904px; --smush-placeholder-aspect-ratio: 904\/417;\" \/><\/figure>\n\n\n\n<figure class=\"wp-block-image size-large\"><img decoding=\"async\" width=\"960\" height=\"720\" data-id=\"8541\" data-src=\"https:\/\/kfv-mol.de\/Wordpress\/wp-content\/uploads\/2023\/10\/WhatsApp-Bild-2023-10-09-um-13.48.14_eab7a460.jpg\" alt=\"\" class=\"wp-image-8541 lazyload\" data-srcset=\"https:\/\/kfv-mol.de\/Wordpress\/wp-content\/uploads\/2023\/10\/WhatsApp-Bild-2023-10-09-um-13.48.14_eab7a460.jpg 960w, https:\/\/kfv-mol.de\/Wordpress\/wp-content\/uploads\/2023\/10\/WhatsApp-Bild-2023-10-09-um-13.48.14_eab7a460-300x225.jpg 300w, https:\/\/kfv-mol.de\/Wordpress\/wp-content\/uploads\/2023\/10\/WhatsApp-Bild-2023-10-09-um-13.48.14_eab7a460-768x576.jpg 768w\" data-sizes=\"(max-width: 960px) 100vw, 960px\" src=\"data:image\/svg+xml;base64,PHN2ZyB3aWR0aD0iMSIgaGVpZ2h0PSIxIiB4bWxucz0iaHR0cDovL3d3dy53My5vcmcvMjAwMC9zdmciPjwvc3ZnPg==\" style=\"--smush-placeholder-width: 960px; --smush-placeholder-aspect-ratio: 960\/720;\" \/><\/figure>\n<\/figure>\n","protected":false},"excerpt":{"rendered":"<p>Am Mittwoch, den 04. Oktober 2023 unternahmen Mitglieder der Alters- und Ehrenabteilungen der Feuerwehren des Altkreises Strausberg mit ihren Partnern nach l\u00e4ngerer Pause wieder einenAusflug, diesmal in die Messestadt Leipzig. Fr\u00fch am Morgen holte uns der moderne Reisebus des Reiseveranstalters FINCKE aus Eggersdorf an den jeweiligen Zustiegsstellen in M\u00fcncheberg, Herzfelde, Strausberg, Petershagen und Vogelsdorf ab.Auf [&hellip;]<\/p>\n","protected":false},"author":1,"featured_media":8541,"comment_status":"closed","ping_status":"closed","sticky":false,"template":"","format":"standard","meta":{"footnotes":""},"categories":[24],"tags":[],"class_list":["post-8537","post","type-post","status-publish","format-standard","has-post-thumbnail","hentry","category-alters-und-ehrenabteilungen"],"_links":{"self":[{"href":"https:\/\/kfv-mol.de\/Wordpress\/wp-json\/wp\/v2\/posts\/8537","targetHints":{"allow":["GET"]}}],"collection":[{"href":"https:\/\/kfv-mol.de\/Wordpress\/wp-json\/wp\/v2\/posts"}],"about":[{"href":"https:\/\/kfv-mol.de\/Wordpress\/wp-json\/wp\/v2\/types\/post"}],"author":[{"embeddable":true,"href":"https:\/\/kfv-mol.de\/Wordpress\/wp-json\/wp\/v2\/users\/1"}],"replies":[{"embeddable":true,"href":"https:\/\/kfv-mol.de\/Wordpress\/wp-json\/wp\/v2\/comments?post=8537"}],"version-history":[{"count":0,"href":"https:\/\/kfv-mol.de\/Wordpress\/wp-json\/wp\/v2\/posts\/8537\/revisions"}],"wp:featuredmedia":[{"embeddable":true,"href":"https:\/\/kfv-mol.de\/Wordpress\/wp-json\/wp\/v2\/media\/8541"}],"wp:attachment":[{"href":"https:\/\/kfv-mol.de\/Wordpress\/wp-json\/wp\/v2\/media?parent=8537"}],"wp:term":[{"taxonomy":"category","embeddable":true,"href":"https:\/\/kfv-mol.de\/Wordpress\/wp-json\/wp\/v2\/categories?post=8537"},{"taxonomy":"post_tag","embeddable":true,"href":"https:\/\/kfv-mol.de\/Wordpress\/wp-json\/wp\/v2\/tags?post=8537"}],"curies":[{"name":"wp","href":"https:\/\/api.w.org\/{rel}","templated":true}]}}