{"id":8518,"date":"2023-09-13T07:00:00","date_gmt":"2023-09-13T06:00:00","guid":{"rendered":"https:\/\/kfv-mol.de\/Wordpress\/?p=8518"},"modified":"2023-09-12T22:12:57","modified_gmt":"2023-09-12T21:12:57","slug":"warntag-2023","status":"publish","type":"post","link":"https:\/\/kfv-mol.de\/Wordpress\/Artikel\/warntag-2023\/","title":{"rendered":"Warntag 2023"},"content":{"rendered":"\n<p>Am 14. September 2023 findet der \u201eBundesweite Warntag 2023\u201c statt. Anl\u00e4sslich des Warntages sollen alle in der Bundesrepublik Deutschland vorhandenen Warnmultiplikatoren und Warnmittel ausgel\u00f6st und so die Funktionsf\u00e4higkeit und Wirksamkeit des bestehenden Warnmittelmixes erprobt werden.<\/p>\n\n\n\n<p>Am 14. September 2023 werden durch die Nationale Warnzentrale (Bund) im Bundesamt f\u00fcr Bev\u00f6lkerungsschutz und Katastrophenhilfe (BBK) um 11:00 Uhr das Modulare Warnsystem (MoWaS) und alle an das MoWaS angeschlossenen Warnmittel und Warnmultiplikatoren ausgel\u00f6st werden. In der Folge werden vorbereitete Warnmeldungen \u00fcber die folgenden Warnkan\u00e4le ausgel\u00f6st:<\/p>\n\n\n\n<ul class=\"wp-block-list\">\n<li>Medienbetreiber (Rundfunk, Fernsehen)<\/li>\n\n\n\n<li>Internet<\/li>\n\n\n\n<li>Warn-Apps (NINA, BIWAPP, KATWARN und andere)<\/li>\n\n\n\n<li>Cell Broadcast<\/li>\n\n\n\n<li>Betreiber KRITIS<\/li>\n<\/ul>\n\n\n\n<p>Parallel dazu werden durch und in den L\u00e4ndern lokale und regionale Warnsysteme ausgel\u00f6st, die NICHT an das MoWaS angeschlossen sind. Hierzu geh\u00f6ren zum Beispiel:<\/p>\n\n\n\n<ul class=\"wp-block-list\">\n<li>Sirenen<\/li>\n\n\n\n<li>regionale Warnsysteme (sofern vorhanden: Sirenen, Lautsprecherwagen, Informationstafeln, Anzeigetafeln der Verkehrsbetriebe, Websites etc.)<\/li>\n<\/ul>\n\n\n\n<p>Quelle: BBK<\/p>\n\n\n\n<p><\/p>\n\n\n\n<p><\/p>\n\n\n\n<p><\/p>\n\n\n\n<p><\/p>\n\n\n\n<p><\/p>\n\n\n\n<p><\/p>\n","protected":false},"excerpt":{"rendered":"<p>Am 14. September 2023 findet der \u201eBundesweite Warntag 2023\u201c statt. Anl\u00e4sslich des Warntages sollen alle in der Bundesrepublik Deutschland vorhandenen Warnmultiplikatoren und Warnmittel ausgel\u00f6st und so die Funktionsf\u00e4higkeit und Wirksamkeit des bestehenden Warnmittelmixes erprobt werden. Am 14. September 2023 werden durch die Nationale Warnzentrale (Bund) im Bundesamt f\u00fcr Bev\u00f6lkerungsschutz und Katastrophenhilfe (BBK) um 11:00 Uhr [&hellip;]<\/p>\n","protected":false},"author":12,"featured_media":0,"comment_status":"closed","ping_status":"closed","sticky":false,"template":"","format":"standard","meta":{"footnotes":""},"categories":[1],"tags":[],"class_list":["post-8518","post","type-post","status-publish","format-standard","hentry","category-sonstige"],"_links":{"self":[{"href":"https:\/\/kfv-mol.de\/Wordpress\/wp-json\/wp\/v2\/posts\/8518","targetHints":{"allow":["GET"]}}],"collection":[{"href":"https:\/\/kfv-mol.de\/Wordpress\/wp-json\/wp\/v2\/posts"}],"about":[{"href":"https:\/\/kfv-mol.de\/Wordpress\/wp-json\/wp\/v2\/types\/post"}],"author":[{"embeddable":true,"href":"https:\/\/kfv-mol.de\/Wordpress\/wp-json\/wp\/v2\/users\/12"}],"replies":[{"embeddable":true,"href":"https:\/\/kfv-mol.de\/Wordpress\/wp-json\/wp\/v2\/comments?post=8518"}],"version-history":[{"count":0,"href":"https:\/\/kfv-mol.de\/Wordpress\/wp-json\/wp\/v2\/posts\/8518\/revisions"}],"wp:attachment":[{"href":"https:\/\/kfv-mol.de\/Wordpress\/wp-json\/wp\/v2\/media?parent=8518"}],"wp:term":[{"taxonomy":"category","embeddable":true,"href":"https:\/\/kfv-mol.de\/Wordpress\/wp-json\/wp\/v2\/categories?post=8518"},{"taxonomy":"post_tag","embeddable":true,"href":"https:\/\/kfv-mol.de\/Wordpress\/wp-json\/wp\/v2\/tags?post=8518"}],"curies":[{"name":"wp","href":"https:\/\/api.w.org\/{rel}","templated":true}]}}