{"id":7657,"date":"2023-07-05T08:45:46","date_gmt":"2023-07-05T07:45:46","guid":{"rendered":"https:\/\/kfv-mol.de\/Wordpress\/?p=7657"},"modified":"2023-07-05T09:51:19","modified_gmt":"2023-07-05T08:51:19","slug":"wir-erweisen-die-letzte-ehre-20","status":"publish","type":"post","link":"https:\/\/kfv-mol.de\/Wordpress\/Artikel\/wir-erweisen-die-letzte-ehre-20\/","title":{"rendered":"Wir erweisen die letzte Ehre"},"content":{"rendered":"\n<figure class=\"wp-block-image size-large\"><a href=\"https:\/\/kfv-mol.de\/Wordpress\/wp-content\/uploads\/2023\/07\/WhatsApp-Bild-2023-07-05-um-10.50.29.jpg\"><img decoding=\"async\" width=\"1024\" height=\"683\" data-src=\"https:\/\/kfv-mol.de\/Wordpress\/wp-content\/uploads\/2023\/07\/WhatsApp-Bild-2023-07-05-um-10.50.29-1024x683.jpg\" alt=\"\" class=\"wp-image-7665 lazyload\" data-srcset=\"https:\/\/kfv-mol.de\/Wordpress\/wp-content\/uploads\/2023\/07\/WhatsApp-Bild-2023-07-05-um-10.50.29-1024x683.jpg 1024w, https:\/\/kfv-mol.de\/Wordpress\/wp-content\/uploads\/2023\/07\/WhatsApp-Bild-2023-07-05-um-10.50.29-300x200.jpg 300w, https:\/\/kfv-mol.de\/Wordpress\/wp-content\/uploads\/2023\/07\/WhatsApp-Bild-2023-07-05-um-10.50.29-768x512.jpg 768w, https:\/\/kfv-mol.de\/Wordpress\/wp-content\/uploads\/2023\/07\/WhatsApp-Bild-2023-07-05-um-10.50.29-1536x1024.jpg 1536w, https:\/\/kfv-mol.de\/Wordpress\/wp-content\/uploads\/2023\/07\/WhatsApp-Bild-2023-07-05-um-10.50.29.jpg 1732w\" data-sizes=\"(max-width: 1024px) 100vw, 1024px\" src=\"data:image\/svg+xml;base64,PHN2ZyB3aWR0aD0iMSIgaGVpZ2h0PSIxIiB4bWxucz0iaHR0cDovL3d3dy53My5vcmcvMjAwMC9zdmciPjwvc3ZnPg==\" style=\"--smush-placeholder-width: 1024px; --smush-placeholder-aspect-ratio: 1024\/683;\" \/><\/a><\/figure>\n\n\n\n<p>Wir bedanken uns f\u00fcr die engagierte und langj\u00e4hrige Mitwirkung im Brand- und Katastrophenschutz, im LK M\u00e4rkisch Oderland und dr\u00fccken den Angeh\u00f6rigen unser tiefstes Mitgef\u00fchl aus.<\/p>\n","protected":false},"excerpt":{"rendered":"<p>Wir bedanken uns f\u00fcr die engagierte und langj\u00e4hrige Mitwirkung im Brand- und Katastrophenschutz, im LK M\u00e4rkisch Oderland und dr\u00fccken den Angeh\u00f6rigen unser tiefstes Mitgef\u00fchl aus.<\/p>\n","protected":false},"author":12,"featured_media":7665,"comment_status":"closed","ping_status":"closed","sticky":false,"template":"","format":"standard","meta":{"footnotes":""},"categories":[1],"tags":[],"class_list":["post-7657","post","type-post","status-publish","format-standard","has-post-thumbnail","hentry","category-sonstige"],"_links":{"self":[{"href":"https:\/\/kfv-mol.de\/Wordpress\/wp-json\/wp\/v2\/posts\/7657","targetHints":{"allow":["GET"]}}],"collection":[{"href":"https:\/\/kfv-mol.de\/Wordpress\/wp-json\/wp\/v2\/posts"}],"about":[{"href":"https:\/\/kfv-mol.de\/Wordpress\/wp-json\/wp\/v2\/types\/post"}],"author":[{"embeddable":true,"href":"https:\/\/kfv-mol.de\/Wordpress\/wp-json\/wp\/v2\/users\/12"}],"replies":[{"embeddable":true,"href":"https:\/\/kfv-mol.de\/Wordpress\/wp-json\/wp\/v2\/comments?post=7657"}],"version-history":[{"count":0,"href":"https:\/\/kfv-mol.de\/Wordpress\/wp-json\/wp\/v2\/posts\/7657\/revisions"}],"wp:featuredmedia":[{"embeddable":true,"href":"https:\/\/kfv-mol.de\/Wordpress\/wp-json\/wp\/v2\/media\/7665"}],"wp:attachment":[{"href":"https:\/\/kfv-mol.de\/Wordpress\/wp-json\/wp\/v2\/media?parent=7657"}],"wp:term":[{"taxonomy":"category","embeddable":true,"href":"https:\/\/kfv-mol.de\/Wordpress\/wp-json\/wp\/v2\/categories?post=7657"},{"taxonomy":"post_tag","embeddable":true,"href":"https:\/\/kfv-mol.de\/Wordpress\/wp-json\/wp\/v2\/tags?post=7657"}],"curies":[{"name":"wp","href":"https:\/\/api.w.org\/{rel}","templated":true}]}}