{"id":7654,"date":"2023-07-04T13:40:34","date_gmt":"2023-07-04T12:40:34","guid":{"rendered":"https:\/\/kfv-mol.de\/Wordpress\/?p=7654"},"modified":"2023-07-05T10:38:11","modified_gmt":"2023-07-05T09:38:11","slug":"arbeitshefte-fuer-die-jfw","status":"publish","type":"post","link":"https:\/\/kfv-mol.de\/Wordpress\/Artikel\/arbeitshefte-fuer-die-jfw\/","title":{"rendered":"Arbeitshefte f\u00fcr die JFW"},"content":{"rendered":"\n<figure class=\"wp-block-image size-large is-resized\"><a href=\"https:\/\/kfv-mol.de\/Wordpress\/wp-content\/uploads\/2023\/07\/BUCH.pdf\"><img decoding=\"async\" data-src=\"https:\/\/kfv-mol.de\/Wordpress\/wp-content\/uploads\/2023\/07\/BUCH-pdf-730x1024.jpg\" alt=\"\" class=\"wp-image-7655 lazyload\" width=\"359\" height=\"503\" src=\"data:image\/svg+xml;base64,PHN2ZyB3aWR0aD0iMSIgaGVpZ2h0PSIxIiB4bWxucz0iaHR0cDovL3d3dy53My5vcmcvMjAwMC9zdmciPjwvc3ZnPg==\" style=\"--smush-placeholder-width: 359px; --smush-placeholder-aspect-ratio: 359\/503;\" \/><\/a><\/figure>\n\n\n\n<p>Auch in diesem Jahr ist der Kreisfeuerwehrverband M\u00e4rkisch Oderland e. V. wieder eine Kooperation mit dem K&amp;L Verlag eingegangen und hat so f\u00fcr neue Mal- und Arbeitshefte f\u00fcr die Brandschutzerziehung und f\u00fcr euren Jugendfeuerwehrdienst gesorgt.<\/p>\n\n\n\n<p>Die neue Auflage richtet sich in diesem Jahr besonders an die Kinder im Alter von 8\u201312 Jahren und bietet somit einen perfekten Einstieg in den Jugendfeuerwehrdienst. Auch f\u00fcr die Brandschutzerziehung in Grundschulen bietet dieses Heft eine perfekte Grundlage.<\/p>\n\n\n\n<p>Das besondere an diesen Mal- und Arbeitsheften sind die mit eingearbeiteten QR-Codes, welche mit der entsprechenden App weitere Aufgaben und Spiele f\u00fcr die Kinder bereithalten. Mit dieser Funktion geht die neue Auflage mit der Zeit und bietet noch mehr Abwechslung!<\/p>\n\n\n\n<p>Kim, Luis und das Feuerwehrauto Florian begleiten die Kinder spielerisch durch das ganze Heft und lernen mit ihnen gemeinsam.<\/p>\n\n\n\n<p><\/p>\n\n\n\n<p><strong>\u201eWir finden das Heft sehr gelungen und freuen uns euch dieses anbieten zu k\u00f6nnen.&nbsp;Daf\u00fcr bedanken wir uns bei allen Mitwirkenden und Sponsoren!\u201c<\/strong><\/p>\n\n\n\n<p><\/p>\n","protected":false},"excerpt":{"rendered":"<p>Auch in diesem Jahr ist der Kreisfeuerwehrverband M\u00e4rkisch Oderland e. V. wieder eine Kooperation mit dem K&amp;L Verlag eingegangen und hat so f\u00fcr neue Mal- und Arbeitshefte f\u00fcr die Brandschutzerziehung und f\u00fcr euren Jugendfeuerwehrdienst gesorgt. Die neue Auflage richtet sich in diesem Jahr besonders an die Kinder im Alter von 8\u201312 Jahren und bietet somit [&hellip;]<\/p>\n","protected":false},"author":12,"featured_media":7664,"comment_status":"closed","ping_status":"closed","sticky":false,"template":"","format":"standard","meta":{"footnotes":""},"categories":[1],"tags":[],"class_list":["post-7654","post","type-post","status-publish","format-standard","has-post-thumbnail","hentry","category-sonstige"],"_links":{"self":[{"href":"https:\/\/kfv-mol.de\/Wordpress\/wp-json\/wp\/v2\/posts\/7654","targetHints":{"allow":["GET"]}}],"collection":[{"href":"https:\/\/kfv-mol.de\/Wordpress\/wp-json\/wp\/v2\/posts"}],"about":[{"href":"https:\/\/kfv-mol.de\/Wordpress\/wp-json\/wp\/v2\/types\/post"}],"author":[{"embeddable":true,"href":"https:\/\/kfv-mol.de\/Wordpress\/wp-json\/wp\/v2\/users\/12"}],"replies":[{"embeddable":true,"href":"https:\/\/kfv-mol.de\/Wordpress\/wp-json\/wp\/v2\/comments?post=7654"}],"version-history":[{"count":0,"href":"https:\/\/kfv-mol.de\/Wordpress\/wp-json\/wp\/v2\/posts\/7654\/revisions"}],"wp:featuredmedia":[{"embeddable":true,"href":"https:\/\/kfv-mol.de\/Wordpress\/wp-json\/wp\/v2\/media\/7664"}],"wp:attachment":[{"href":"https:\/\/kfv-mol.de\/Wordpress\/wp-json\/wp\/v2\/media?parent=7654"}],"wp:term":[{"taxonomy":"category","embeddable":true,"href":"https:\/\/kfv-mol.de\/Wordpress\/wp-json\/wp\/v2\/categories?post=7654"},{"taxonomy":"post_tag","embeddable":true,"href":"https:\/\/kfv-mol.de\/Wordpress\/wp-json\/wp\/v2\/tags?post=7654"}],"curies":[{"name":"wp","href":"https:\/\/api.w.org\/{rel}","templated":true}]}}