{"id":7635,"date":"2023-06-27T11:36:45","date_gmt":"2023-06-27T10:36:45","guid":{"rendered":"https:\/\/kfv-mol.de\/Wordpress\/?p=7635"},"modified":"2023-06-27T11:36:46","modified_gmt":"2023-06-27T10:36:46","slug":"fotoaktion","status":"publish","type":"post","link":"https:\/\/kfv-mol.de\/Wordpress\/Artikel\/fotoaktion\/","title":{"rendered":"+++ Fotoaktion +++"},"content":{"rendered":"\n<p>Fotoaktion Website KFV-MOL (der im Landkreis MOL mitwirkenden Feuerwehren)<\/p>\n\n\n\n<ol class=\"wp-block-list\" start=\"0\">\n<li>Das Ziel der \u201eFotoaktion Website KFV-MOL\u201c ist die Darstellung des Bildmaterials auf der Website des Kreisfeuerwehrverband M\u00e4rkisch Oderland e. V., um authentische Fotos ehrenamtlich Engagierter Einsatzkr\u00e4fte aus MOL zu haben.<\/li>\n\n\n\n<li>Eine Teilnahme an der \u201eFotoaktion Website KFV-MOL\u201c erfolgt unter Ber\u00fccksichtigung dieser Teilnahmebedingungen. Diese Aktion wird durchgef\u00fchrt vom Kreisfeuerwehrverband M\u00e4rkisch-Oderland e.V., nachfolgend \u201eVeranstalter\u201c genannt.<\/li>\n\n\n\n<li>Der Teilnahmezeitraum der Aktion dauert von Montag, 01.07.2023 bis Mittwoch, 13.08.2022, 23:59 Uhr. Teilnahmeberechtigt sind alle nat\u00fcrlichen und gesch\u00e4ftsf\u00e4higen Personen mit einem Mindestalter von 18 Jahren und Wohnsitz in Deutschland.<\/li>\n\n\n\n<li>Die Teilnahme erfolgt ausschlie\u00dflich \u00fcber die Zusendung von maximal <mark style=\"background-color:rgba(0, 0, 0, 0)\" class=\"has-inline-color has-colibri-color-1-color\">drei <\/mark>Fotos (! je Ortswehr, Einheit, Ortsgruppe !) per E-Mail mit dem Betreff \u201eAktion Website KFV-MOL\u201c an: <mark style=\"background-color:rgba(0, 0, 0, 0)\" class=\"has-inline-color has-colibri-color-1-color\">fotoaktion@kfv-mol.de<\/mark>. <\/li>\n\n\n\n<li>Von umfangreichen Fotodatenbanken nehmen die ersten f\u00fcnf Fotos an der Fotoaktion teil. Mit dem Bild m\u00fcssen zur Abwicklung eventuell notwendiger Absprachen folgende Informationen \u00fcbermittelt werden:<\/li>\n<\/ol>\n\n\n\n<ul class=\"wp-block-list\">\n<li style=\"font-style:normal;font-weight:600\">Vor- und Zuname des Fotografen (f\u00fcr die Urheberrechtsangabe)<\/li>\n\n\n\n<li style=\"font-style:normal;font-weight:600\">Name und telefonische Erreichbarkeit des Einsendenden<\/li>\n\n\n\n<li style=\"font-style:normal;font-weight:600\">Name der abgebildeten Einheit(en) (Feuerwehr, Jugendfeuerwehr)<\/li>\n\n\n\n<li style=\"font-style:normal;font-weight:600\">Kurze Informationen zum Bildgeschehen<br>Die Fotos m\u00fcssen \u00fcberwiegend Ehrenamtsgeschehen der im Landkreis MOL zeigen. <\/li>\n\n\n\n<li style=\"font-style:normal;font-weight:600\">Im Mittelpunkt soll dabei die gemeinn\u00fctzige, ehrenamtliche Arbeit (Eins\u00e4tze, \u00dcbungen, Lehrg\u00e4nge und \/ oder sonstigen Ausbildungsveranstaltungen) stehen.<\/li>\n<\/ul>\n\n\n\n<ol class=\"wp-block-list\" start=\"4\">\n<li>Mit der Einsendung von Fotodateien \u00fcber die E-Mail-Adresse<mark style=\"background-color:rgba(0, 0, 0, 0)\" class=\"has-inline-color has-colibri-color-1-color\"> fotoaktion@kfv-mol.de<\/mark> stimmen Sie ausdr\u00fccklich einer unentgeltlichen Nutzung f\u00fcr die \u201eFotoaktion Website KFV-MOL\u201c zeitlich und r\u00e4umlich unbeschr\u00e4nkt zu. Sie r\u00e4umen dem Veranstalter die daf\u00fcr erforderlichen Nutzungsrechte ein. Sie garantieren, dass keine Pers\u00f6nlichkeitsrechte<br>Dritter verletzt werden und alle gezeigten Personen mit den Aufnahmen und deren Nutzung gem\u00e4\u00df diesen Bedingungen einverstanden sind, sofern dies gesetzlich erforderlich ist. Soweit auf dem Material minderj\u00e4hrige Personen (unter 18 Jahren) abgebildet sind, ben\u00f6tigen Sie das Einverst\u00e4ndnis deren Eltern bzw. Erziehungssorgeberechtigten. Sie garantieren, Inhaber s\u00e4mtlicher f\u00fcr die Nutzungen erforderlichen Rechte am Fotomaterial zu sein oder \u00fcber diese Rechte verf\u00fcgen zu k\u00f6nnen und dass durch diese Nutzung keine Rechte Dritter verletzt werden. Sie sind verpflichtet, den Veranstalter und alle, die Rechte von ihm herleiten, von jeglichen Anspr\u00fcchen freizustellen, die von Dritten im Zusammenhang mit ihrer Verpflichtung oder Gew\u00e4hrleistungen geltend gemacht werden sowie von den Kosten einer angemessenen Rechtsverteidigung. Der Veranstalter beh\u00e4lt sich die Entscheidung \u00fcber eine Ver\u00f6ffentlichung grunds\u00e4tzlich vor. Der Veranstalter ist nicht zur Nutzung der \u00fcbermittelten Fotodateien verpflichtet und \u00fcbernimmt f\u00fcr diese keine Haftung.<\/li>\n\n\n\n<li>Einsendungen die gegen deutsches Recht und, oder das Urheberrecht versto\u00dfen werden nach Kenntnisnahme ohne Ank\u00fcndigung von der Aktion ausgeschlossen. Der \u00a7 27 Abs. 6, Satz 2 Brandenburgisches Brand- und Katastrophenschutzgesetz (BbgBKG) gilt entsprechend. Bei Zweifeln hinsichtlich der Rechtm\u00e4\u00dfigkeit der Weitergabe von Bildaufnahmen konsultieren Sie unbedingt Ihre Wehrf\u00fchrerin \/ Ihren Wehrf\u00fchrer oder die Leiterin \/ den Leiter Ihrer Einheit vor der Weitergabe an den Veranstalter. Bilder, die in ihrer Aussage Ziel &amp; Zweck der \u201eFotoaktion Website KFV-MOL\u201c (vgl. Ziffer 0) zuwiderlaufen, sind von der Teilnahme ausgeschlossen.<\/li>\n\n\n\n<li>Die Aktion wird u.a. via Facebook kommuniziert, keinesfalls jedoch von Facebook gesponsert oder unterst\u00fctzt. Facebook steht daher nicht als Ansprechpartner f\u00fcr die Aktion zur Verf\u00fcgung. Eine Anmeldung oder der Besuch der Facebook-Fanpage des Veranstalters ist zur Teilnahme an der \u201eFotoaktion Website KFV-MOL\u201c nicht erforderlich. <\/li>\n\n\n\n<li>Sollten einzelne Bestimmungen dieser Teilnahmebedingungen unwirksam sein oder eine Regelungsl\u00fccke bestehen, ber\u00fchrt dies die Wirksamkeit der \u00fcbrigen Bestimmungen nicht. An die Stelle der unwirksamen oder fehlenden Bestimmungen tritt eine Bestimmung, welche dem Vertragszweck und den gesetzlichen Bestimmungen am n\u00e4chsten kommt.<\/li>\n<\/ol>\n\n\n\n<figure class=\"wp-block-gallery has-nested-images columns-default is-cropped wp-block-gallery-1 is-layout-flex wp-block-gallery-is-layout-flex\">\n<figure class=\"wp-block-image size-large\"><a href=\"https:\/\/kfv-mol.de\/Wordpress\/wp-content\/uploads\/2023\/06\/Picsart_23-04-19_22-14-30-380-scaled.jpg\"><img decoding=\"async\" width=\"1024\" height=\"683\" data-id=\"7636\" data-src=\"https:\/\/kfv-mol.de\/Wordpress\/wp-content\/uploads\/2023\/06\/Picsart_23-04-19_22-14-30-380-1024x683.jpg\" alt=\"\" class=\"wp-image-7636 lazyload\" data-srcset=\"https:\/\/kfv-mol.de\/Wordpress\/wp-content\/uploads\/2023\/06\/Picsart_23-04-19_22-14-30-380-1024x683.jpg 1024w, https:\/\/kfv-mol.de\/Wordpress\/wp-content\/uploads\/2023\/06\/Picsart_23-04-19_22-14-30-380-300x200.jpg 300w, https:\/\/kfv-mol.de\/Wordpress\/wp-content\/uploads\/2023\/06\/Picsart_23-04-19_22-14-30-380-768x512.jpg 768w, https:\/\/kfv-mol.de\/Wordpress\/wp-content\/uploads\/2023\/06\/Picsart_23-04-19_22-14-30-380-1536x1024.jpg 1536w, https:\/\/kfv-mol.de\/Wordpress\/wp-content\/uploads\/2023\/06\/Picsart_23-04-19_22-14-30-380-2048x1365.jpg 2048w\" data-sizes=\"(max-width: 1024px) 100vw, 1024px\" src=\"data:image\/svg+xml;base64,PHN2ZyB3aWR0aD0iMSIgaGVpZ2h0PSIxIiB4bWxucz0iaHR0cDovL3d3dy53My5vcmcvMjAwMC9zdmciPjwvc3ZnPg==\" style=\"--smush-placeholder-width: 1024px; --smush-placeholder-aspect-ratio: 1024\/683;\" \/><\/a><\/figure>\n<\/figure>\n","protected":false},"excerpt":{"rendered":"<p>Fotoaktion Website KFV-MOL (der im Landkreis MOL mitwirkenden Feuerwehren)<\/p>\n","protected":false},"author":1,"featured_media":7637,"comment_status":"closed","ping_status":"closed","sticky":false,"template":"","format":"standard","meta":{"footnotes":""},"categories":[1],"tags":[],"class_list":["post-7635","post","type-post","status-publish","format-standard","has-post-thumbnail","hentry","category-sonstige"],"_links":{"self":[{"href":"https:\/\/kfv-mol.de\/Wordpress\/wp-json\/wp\/v2\/posts\/7635","targetHints":{"allow":["GET"]}}],"collection":[{"href":"https:\/\/kfv-mol.de\/Wordpress\/wp-json\/wp\/v2\/posts"}],"about":[{"href":"https:\/\/kfv-mol.de\/Wordpress\/wp-json\/wp\/v2\/types\/post"}],"author":[{"embeddable":true,"href":"https:\/\/kfv-mol.de\/Wordpress\/wp-json\/wp\/v2\/users\/1"}],"replies":[{"embeddable":true,"href":"https:\/\/kfv-mol.de\/Wordpress\/wp-json\/wp\/v2\/comments?post=7635"}],"version-history":[{"count":0,"href":"https:\/\/kfv-mol.de\/Wordpress\/wp-json\/wp\/v2\/posts\/7635\/revisions"}],"wp:featuredmedia":[{"embeddable":true,"href":"https:\/\/kfv-mol.de\/Wordpress\/wp-json\/wp\/v2\/media\/7637"}],"wp:attachment":[{"href":"https:\/\/kfv-mol.de\/Wordpress\/wp-json\/wp\/v2\/media?parent=7635"}],"wp:term":[{"taxonomy":"category","embeddable":true,"href":"https:\/\/kfv-mol.de\/Wordpress\/wp-json\/wp\/v2\/categories?post=7635"},{"taxonomy":"post_tag","embeddable":true,"href":"https:\/\/kfv-mol.de\/Wordpress\/wp-json\/wp\/v2\/tags?post=7635"}],"curies":[{"name":"wp","href":"https:\/\/api.w.org\/{rel}","templated":true}]}}