{"id":7622,"date":"2023-06-27T11:20:57","date_gmt":"2023-06-27T10:20:57","guid":{"rendered":"https:\/\/kfv-mol.de\/Wordpress\/?p=7622"},"modified":"2023-06-27T11:20:59","modified_gmt":"2023-06-27T10:20:59","slug":"kinderflamme-i","status":"publish","type":"post","link":"https:\/\/kfv-mol.de\/Wordpress\/Artikel\/kinderflamme-i\/","title":{"rendered":"Kinderflamme I"},"content":{"rendered":"\n<p>Am 24.06.2023 fand in der Stadt Altlandsberg f\u00fcr \u00fcber 50 Kinder die Pr\u00fcfung zum Feuerwehrabzeichen Kinderflamme I statt.<\/p>\n\n\n\n<p>Auf diesen gro\u00dfen Tag haben sich alle Kinder mit viel Flei\u00df in den Feuerwehrausbildungen und zuhause, gemeinsam mit den Eltern vorbereitet. Die Aufregung war nicht nur bei den Kindern und Eltern gro\u00df, sondern auch bei den Ausbildern und Betreuern. Daniel Bergemann, unser Stadtjugendwart begr\u00fc\u00dfte die Eltern, G\u00e4ste und Kinder. Danach ging es f\u00fcr die Kinder, welche in 9 unterschiedliche Gruppen aufgeteilt waren, an die 7 Stationen. Beim Abfragen von Teilen des Feuerwehrgrundwissens in den 7 Stationen, hatten alle Kinder viel Spa\u00df ihr erlerntes Wissen aufzuzeigen.<\/p>\n\n\n\n<p>Die Eltern, Gro\u00dfeltern und G\u00e4ste durften das Pr\u00fcfungsgeschehen die ganze Zeit im \u201eElternbereich\u201c verfolgen und waren so f\u00fcr die \u00fcber 50 Pr\u00fcflinge eine gro\u00dfe Unterst\u00fctzung. Nach ungef\u00e4hr 90 Minuten haben alle Gruppen die Stationen durchlaufen. Nun konnten sich die Kinder bei Ihren Eltern mit einer Bratwurst und etwas zu Trinken st\u00e4rken. Anschlie\u00dfend hie\u00df es noch einmal \u201eAntreten\u201c. Jetzt wurde es spannend \u2013 hatten es alle Pr\u00fcflinge geschafft?! Der Stadtjugendwart Daniel Bergemann verk\u00fcndete vorweg, dass alle Kinder die Pr\u00fcfungen bestanden haben. Die Freude war bei allen riesig! Die Kinder traten gruppenweise ins Plenum vor und erhielten hier vom Stadtbrandmeister Christian Markhoff Ihre Urkunde und das Abzeichen, wobei sie mit der Sonne um die Wette strahlten. Gratulation auch vom Kreisjugendwart Bj\u00f6rn Sprecher f\u00fcr eine hervorragende Leistung der Kinder.\u00dcber 50 Feuerwehrnachwuchskr\u00e4fte der Stadt Altlandsberg sind jetzt im Besitz des ersten Feuerwehrabzeichens \u201eKinderflamme I\u201c. Unser j\u00fcngster Pr\u00fcfling in diesem Jahr ist gerade mal 4\u00bd Jahre alt gewesen.<\/p>\n\n\n\n<p>Dieser Tag war nicht nur f\u00fcr die Kinder ein voller Erfolg. Das Bestehen eines Abzeichens der Kinder spiegelt auch die Qualit\u00e4t der Arbeit unserer Jugendleiter und der Leiterin der Kinderfeuerwehr Tina Wojtaschek wider, die den Kindern mit Spiel und Spa\u00df die feuerwehrtechnischen Aufgaben nahebringen.<\/p>\n\n\n\n<p>Abschlie\u00dfend war es eine rundum gelungene Veranstaltung, welche nicht ohne die Unterst\u00fctzung der zahlreichen Helfer m\u00f6glich gewesen w\u00e4re.<\/p>\n\n\n\n<p>Stephanie&nbsp;M.<\/p>\n\n\n\n<figure class=\"wp-block-gallery has-nested-images columns-default is-cropped wp-block-gallery-1 is-layout-flex wp-block-gallery-is-layout-flex\">\n<figure class=\"wp-block-image size-large is-style-rounded\"><a href=\"https:\/\/kfv-mol.de\/Wordpress\/wp-content\/uploads\/2023\/06\/IMG-20230625-WA0046.jpg\"><img decoding=\"async\" width=\"1024\" height=\"768\" data-id=\"7628\" data-src=\"https:\/\/kfv-mol.de\/Wordpress\/wp-content\/uploads\/2023\/06\/IMG-20230625-WA0046-1024x768.jpg\" alt=\"\" class=\"wp-image-7628 lazyload\" data-srcset=\"https:\/\/kfv-mol.de\/Wordpress\/wp-content\/uploads\/2023\/06\/IMG-20230625-WA0046-1024x768.jpg 1024w, https:\/\/kfv-mol.de\/Wordpress\/wp-content\/uploads\/2023\/06\/IMG-20230625-WA0046-300x225.jpg 300w, https:\/\/kfv-mol.de\/Wordpress\/wp-content\/uploads\/2023\/06\/IMG-20230625-WA0046-768x576.jpg 768w, https:\/\/kfv-mol.de\/Wordpress\/wp-content\/uploads\/2023\/06\/IMG-20230625-WA0046-1536x1152.jpg 1536w, https:\/\/kfv-mol.de\/Wordpress\/wp-content\/uploads\/2023\/06\/IMG-20230625-WA0046.jpg 1600w\" data-sizes=\"(max-width: 1024px) 100vw, 1024px\" src=\"data:image\/svg+xml;base64,PHN2ZyB3aWR0aD0iMSIgaGVpZ2h0PSIxIiB4bWxucz0iaHR0cDovL3d3dy53My5vcmcvMjAwMC9zdmciPjwvc3ZnPg==\" style=\"--smush-placeholder-width: 1024px; --smush-placeholder-aspect-ratio: 1024\/768;\" \/><\/a><\/figure>\n\n\n\n<figure class=\"wp-block-image size-large is-style-rounded\"><a href=\"https:\/\/kfv-mol.de\/Wordpress\/wp-content\/uploads\/2023\/06\/DSC00003-scaled.jpg\"><img decoding=\"async\" width=\"1024\" height=\"577\" data-id=\"7629\" data-src=\"https:\/\/kfv-mol.de\/Wordpress\/wp-content\/uploads\/2023\/06\/DSC00003-1024x577.jpg\" alt=\"\" class=\"wp-image-7629 lazyload\" data-srcset=\"https:\/\/kfv-mol.de\/Wordpress\/wp-content\/uploads\/2023\/06\/DSC00003-1024x577.jpg 1024w, https:\/\/kfv-mol.de\/Wordpress\/wp-content\/uploads\/2023\/06\/DSC00003-300x169.jpg 300w, https:\/\/kfv-mol.de\/Wordpress\/wp-content\/uploads\/2023\/06\/DSC00003-768x433.jpg 768w, https:\/\/kfv-mol.de\/Wordpress\/wp-content\/uploads\/2023\/06\/DSC00003-1536x866.jpg 1536w, https:\/\/kfv-mol.de\/Wordpress\/wp-content\/uploads\/2023\/06\/DSC00003-2048x1154.jpg 2048w\" data-sizes=\"(max-width: 1024px) 100vw, 1024px\" src=\"data:image\/svg+xml;base64,PHN2ZyB3aWR0aD0iMSIgaGVpZ2h0PSIxIiB4bWxucz0iaHR0cDovL3d3dy53My5vcmcvMjAwMC9zdmciPjwvc3ZnPg==\" style=\"--smush-placeholder-width: 1024px; --smush-placeholder-aspect-ratio: 1024\/577;\" \/><\/a><\/figure>\n\n\n\n<figure class=\"wp-block-image size-large is-style-rounded\"><a href=\"https:\/\/kfv-mol.de\/Wordpress\/wp-content\/uploads\/2023\/06\/DSC00056-scaled.jpg\"><img decoding=\"async\" width=\"1024\" height=\"577\" data-id=\"7630\" data-src=\"https:\/\/kfv-mol.de\/Wordpress\/wp-content\/uploads\/2023\/06\/DSC00056-1024x577.jpg\" alt=\"\" class=\"wp-image-7630 lazyload\" data-srcset=\"https:\/\/kfv-mol.de\/Wordpress\/wp-content\/uploads\/2023\/06\/DSC00056-1024x577.jpg 1024w, https:\/\/kfv-mol.de\/Wordpress\/wp-content\/uploads\/2023\/06\/DSC00056-300x169.jpg 300w, https:\/\/kfv-mol.de\/Wordpress\/wp-content\/uploads\/2023\/06\/DSC00056-768x433.jpg 768w, https:\/\/kfv-mol.de\/Wordpress\/wp-content\/uploads\/2023\/06\/DSC00056-1536x866.jpg 1536w, https:\/\/kfv-mol.de\/Wordpress\/wp-content\/uploads\/2023\/06\/DSC00056-2048x1154.jpg 2048w\" data-sizes=\"(max-width: 1024px) 100vw, 1024px\" src=\"data:image\/svg+xml;base64,PHN2ZyB3aWR0aD0iMSIgaGVpZ2h0PSIxIiB4bWxucz0iaHR0cDovL3d3dy53My5vcmcvMjAwMC9zdmciPjwvc3ZnPg==\" style=\"--smush-placeholder-width: 1024px; --smush-placeholder-aspect-ratio: 1024\/577;\" \/><\/a><\/figure>\n\n\n\n<figure class=\"wp-block-image size-large is-style-rounded\"><a href=\"https:\/\/kfv-mol.de\/Wordpress\/wp-content\/uploads\/2023\/06\/DSC00057-scaled.jpg\"><img decoding=\"async\" width=\"1024\" height=\"577\" data-id=\"7632\" data-src=\"https:\/\/kfv-mol.de\/Wordpress\/wp-content\/uploads\/2023\/06\/DSC00057-1024x577.jpg\" alt=\"\" class=\"wp-image-7632 lazyload\" data-srcset=\"https:\/\/kfv-mol.de\/Wordpress\/wp-content\/uploads\/2023\/06\/DSC00057-1024x577.jpg 1024w, https:\/\/kfv-mol.de\/Wordpress\/wp-content\/uploads\/2023\/06\/DSC00057-300x169.jpg 300w, https:\/\/kfv-mol.de\/Wordpress\/wp-content\/uploads\/2023\/06\/DSC00057-768x433.jpg 768w, https:\/\/kfv-mol.de\/Wordpress\/wp-content\/uploads\/2023\/06\/DSC00057-1536x866.jpg 1536w, https:\/\/kfv-mol.de\/Wordpress\/wp-content\/uploads\/2023\/06\/DSC00057-2048x1154.jpg 2048w\" data-sizes=\"(max-width: 1024px) 100vw, 1024px\" src=\"data:image\/svg+xml;base64,PHN2ZyB3aWR0aD0iMSIgaGVpZ2h0PSIxIiB4bWxucz0iaHR0cDovL3d3dy53My5vcmcvMjAwMC9zdmciPjwvc3ZnPg==\" style=\"--smush-placeholder-width: 1024px; --smush-placeholder-aspect-ratio: 1024\/577;\" \/><\/a><\/figure>\n\n\n\n<figure class=\"wp-block-image size-large is-style-rounded\"><a href=\"https:\/\/kfv-mol.de\/Wordpress\/wp-content\/uploads\/2023\/06\/DSC00058-scaled.jpg\"><img decoding=\"async\" width=\"1024\" height=\"577\" data-id=\"7631\" data-src=\"https:\/\/kfv-mol.de\/Wordpress\/wp-content\/uploads\/2023\/06\/DSC00058-1024x577.jpg\" alt=\"\" class=\"wp-image-7631 lazyload\" data-srcset=\"https:\/\/kfv-mol.de\/Wordpress\/wp-content\/uploads\/2023\/06\/DSC00058-1024x577.jpg 1024w, https:\/\/kfv-mol.de\/Wordpress\/wp-content\/uploads\/2023\/06\/DSC00058-300x169.jpg 300w, https:\/\/kfv-mol.de\/Wordpress\/wp-content\/uploads\/2023\/06\/DSC00058-768x433.jpg 768w, https:\/\/kfv-mol.de\/Wordpress\/wp-content\/uploads\/2023\/06\/DSC00058-1536x866.jpg 1536w, https:\/\/kfv-mol.de\/Wordpress\/wp-content\/uploads\/2023\/06\/DSC00058-2048x1154.jpg 2048w\" data-sizes=\"(max-width: 1024px) 100vw, 1024px\" src=\"data:image\/svg+xml;base64,PHN2ZyB3aWR0aD0iMSIgaGVpZ2h0PSIxIiB4bWxucz0iaHR0cDovL3d3dy53My5vcmcvMjAwMC9zdmciPjwvc3ZnPg==\" style=\"--smush-placeholder-width: 1024px; --smush-placeholder-aspect-ratio: 1024\/577;\" \/><\/a><\/figure>\n<\/figure>\n","protected":false},"excerpt":{"rendered":"<p>Am 24.06.2023 fand in der Stadt Altlandsberg f\u00fcr \u00fcber 50 Kinder die Pr\u00fcfung zum Feuerwehrabzeichen Kinderflamme I statt. Auf diesen gro\u00dfen Tag haben sich alle Kinder mit viel Flei\u00df in den Feuerwehrausbildungen und zuhause, gemeinsam mit den Eltern vorbereitet. Die Aufregung war nicht nur bei den Kindern und Eltern gro\u00df, sondern auch bei den Ausbildern [&hellip;]<\/p>\n","protected":false},"author":1,"featured_media":7627,"comment_status":"closed","ping_status":"closed","sticky":true,"template":"","format":"standard","meta":{"footnotes":""},"categories":[5],"tags":[],"class_list":["post-7622","post","type-post","status-publish","format-standard","has-post-thumbnail","hentry","category-kreisjugendfeuerwehr"],"_links":{"self":[{"href":"https:\/\/kfv-mol.de\/Wordpress\/wp-json\/wp\/v2\/posts\/7622","targetHints":{"allow":["GET"]}}],"collection":[{"href":"https:\/\/kfv-mol.de\/Wordpress\/wp-json\/wp\/v2\/posts"}],"about":[{"href":"https:\/\/kfv-mol.de\/Wordpress\/wp-json\/wp\/v2\/types\/post"}],"author":[{"embeddable":true,"href":"https:\/\/kfv-mol.de\/Wordpress\/wp-json\/wp\/v2\/users\/1"}],"replies":[{"embeddable":true,"href":"https:\/\/kfv-mol.de\/Wordpress\/wp-json\/wp\/v2\/comments?post=7622"}],"version-history":[{"count":1,"href":"https:\/\/kfv-mol.de\/Wordpress\/wp-json\/wp\/v2\/posts\/7622\/revisions"}],"predecessor-version":[{"id":7633,"href":"https:\/\/kfv-mol.de\/Wordpress\/wp-json\/wp\/v2\/posts\/7622\/revisions\/7633"}],"wp:featuredmedia":[{"embeddable":true,"href":"https:\/\/kfv-mol.de\/Wordpress\/wp-json\/wp\/v2\/media\/7627"}],"wp:attachment":[{"href":"https:\/\/kfv-mol.de\/Wordpress\/wp-json\/wp\/v2\/media?parent=7622"}],"wp:term":[{"taxonomy":"category","embeddable":true,"href":"https:\/\/kfv-mol.de\/Wordpress\/wp-json\/wp\/v2\/categories?post=7622"},{"taxonomy":"post_tag","embeddable":true,"href":"https:\/\/kfv-mol.de\/Wordpress\/wp-json\/wp\/v2\/tags?post=7622"}],"curies":[{"name":"wp","href":"https:\/\/api.w.org\/{rel}","templated":true}]}}