{"id":7612,"date":"2023-05-31T08:21:04","date_gmt":"2023-05-31T07:21:04","guid":{"rendered":"https:\/\/kfv-mol.de\/Wordpress\/?p=7612"},"modified":"2023-06-27T11:23:19","modified_gmt":"2023-06-27T10:23:19","slug":"hygiene-im-feuerwehreinsatz","status":"publish","type":"post","link":"https:\/\/kfv-mol.de\/Wordpress\/Artikel\/hygiene-im-feuerwehreinsatz\/","title":{"rendered":"Hygiene im Feuerwehreinsatz"},"content":{"rendered":"\n<figure class=\"wp-block-image size-large\"><a href=\"https:\/\/kfv-mol.de\/Wordpress\/wp-content\/uploads\/2023\/05\/75567822-A7EC-42F1-926C-E1DA54B917E2.jpeg\"><img decoding=\"async\" width=\"1024\" height=\"486\" data-src=\"https:\/\/kfv-mol.de\/Wordpress\/wp-content\/uploads\/2023\/05\/75567822-A7EC-42F1-926C-E1DA54B917E2-1024x486.jpeg\" alt=\"\" class=\"wp-image-7613 lazyload\" data-srcset=\"https:\/\/kfv-mol.de\/Wordpress\/wp-content\/uploads\/2023\/05\/75567822-A7EC-42F1-926C-E1DA54B917E2-1024x486.jpeg 1024w, https:\/\/kfv-mol.de\/Wordpress\/wp-content\/uploads\/2023\/05\/75567822-A7EC-42F1-926C-E1DA54B917E2-300x143.jpeg 300w, https:\/\/kfv-mol.de\/Wordpress\/wp-content\/uploads\/2023\/05\/75567822-A7EC-42F1-926C-E1DA54B917E2-768x365.jpeg 768w, https:\/\/kfv-mol.de\/Wordpress\/wp-content\/uploads\/2023\/05\/75567822-A7EC-42F1-926C-E1DA54B917E2-1536x730.jpeg 1536w, https:\/\/kfv-mol.de\/Wordpress\/wp-content\/uploads\/2023\/05\/75567822-A7EC-42F1-926C-E1DA54B917E2.jpeg 1600w\" data-sizes=\"(max-width: 1024px) 100vw, 1024px\" src=\"data:image\/svg+xml;base64,PHN2ZyB3aWR0aD0iMSIgaGVpZ2h0PSIxIiB4bWxucz0iaHR0cDovL3d3dy53My5vcmcvMjAwMC9zdmciPjwvc3ZnPg==\" style=\"--smush-placeholder-width: 1024px; --smush-placeholder-aspect-ratio: 1024\/486;\" \/><\/a><\/figure>\n\n\n\n<p>Der Landesfeuerwehrverband Brandenburg e.V. unterst\u00fctzt mit seinen Online-Seminaren die Feuerwehrausbildung. Das Seminar &#8222;Hygiene im Feuerwehreinsatz&#8220;&nbsp;wird in diesem Jahr auf Grund der gro\u00dfen Nachfrage zum dritten Mal in&nbsp; Zusammenarbeit mit FeuerKrebs gUG und erstmalig mit der Firma DermaPurge&nbsp;GmbH am 21.06.2023 durchgef\u00fchrt.<\/p>\n\n\n\n<p>Ziel des Seminars: Feuerwehrkr\u00e4fte des Landes Brandenburg erhalten Grundlagen zur Minimierung von Risiken am Einsatzort, die von krebserregenden Stoffen ausgehen.<\/p>\n\n\n\n<p>Das Seminar beinhaltet folgende Ausbildungseinheiten:<\/p>\n\n\n\n<ul class=\"wp-block-list\">\n<li>Was ist Feuerkrebs und was macht die Organisation &#8222;FeuerKrebs gUG&#8220;?<\/li>\n\n\n\n<li>Welche heimlichen Gefahren k\u00f6nnen an der Einsatzstelle auftreten?<\/li>\n\n\n\n<li>Wie kann man das Krebsrisiko mit der richtigen Hygiene minimieren?<\/li>\n\n\n\n<li>Welche kleinen Schritte, ohne gro\u00dfe Kosten, k\u00f6nnen daf\u00fcr unternommen werden?<\/li>\n\n\n\n<li>Welche Verhaltensweisen der Kameraden k\u00f6nnen helfen, das Ziel zu erreichen?<\/li>\n\n\n\n<li>Wie kann man sich vor der Aufnahme von PAK sch\u00fctzen?<\/li>\n\n\n\n<li>Warum ist die Verwendung von Seife und Reinigungst\u00fcchern problematisch?<\/li>\n\n\n\n<li>PAK-EX als neues Produkt f\u00fcr die Reinigung von PAK.<\/li>\n<\/ul>\n\n\n\n<p><strong>Seminarzeit von 18:00-19:30 Uhr<\/strong>, im Anschluss findet eine<br><strong>offene Talkrunde bis ca. 20:15 Uhr<\/strong>&nbsp;zu dem geh\u00f6rten Seminar statt.<\/p>\n\n\n\n<p><strong>Gesp\u00e4chspartner:<\/strong><br>Marcus B\u00e4tge (FeuerKrebs gUG)<br>Dr. Jonas Schubert (Fa. DermaPurge GmbH)<\/p>\n\n\n\n<p>Die Anmeldung zum Seminar muss bis sp\u00e4testens&nbsp;14. Juni 2023&nbsp;\u00fcber die Homepage des LFV Brandenburg unter&nbsp;<a href=\"https:\/\/www.lfv-bb.de\/\">www.lfv-bb.de<\/a>&nbsp;erfolgen.<\/p>\n","protected":false},"excerpt":{"rendered":"<p>Der Landesfeuerwehrverband Brandenburg e.V. unterst\u00fctzt mit seinen Online-Seminaren die Feuerwehrausbildung. Das Seminar &#8222;Hygiene im Feuerwehreinsatz&#8220;&nbsp;wird in diesem Jahr auf Grund der gro\u00dfen Nachfrage zum dritten Mal in&nbsp; Zusammenarbeit mit FeuerKrebs gUG und erstmalig mit der Firma DermaPurge&nbsp;GmbH am 21.06.2023 durchgef\u00fchrt. Ziel des Seminars: Feuerwehrkr\u00e4fte des Landes Brandenburg erhalten Grundlagen zur Minimierung von Risiken am Einsatzort, [&hellip;]<\/p>\n","protected":false},"author":12,"featured_media":7613,"comment_status":"closed","ping_status":"closed","sticky":false,"template":"","format":"standard","meta":{"footnotes":""},"categories":[1],"tags":[],"class_list":["post-7612","post","type-post","status-publish","format-standard","has-post-thumbnail","hentry","category-sonstige"],"_links":{"self":[{"href":"https:\/\/kfv-mol.de\/Wordpress\/wp-json\/wp\/v2\/posts\/7612","targetHints":{"allow":["GET"]}}],"collection":[{"href":"https:\/\/kfv-mol.de\/Wordpress\/wp-json\/wp\/v2\/posts"}],"about":[{"href":"https:\/\/kfv-mol.de\/Wordpress\/wp-json\/wp\/v2\/types\/post"}],"author":[{"embeddable":true,"href":"https:\/\/kfv-mol.de\/Wordpress\/wp-json\/wp\/v2\/users\/12"}],"replies":[{"embeddable":true,"href":"https:\/\/kfv-mol.de\/Wordpress\/wp-json\/wp\/v2\/comments?post=7612"}],"version-history":[{"count":0,"href":"https:\/\/kfv-mol.de\/Wordpress\/wp-json\/wp\/v2\/posts\/7612\/revisions"}],"wp:featuredmedia":[{"embeddable":true,"href":"https:\/\/kfv-mol.de\/Wordpress\/wp-json\/wp\/v2\/media\/7613"}],"wp:attachment":[{"href":"https:\/\/kfv-mol.de\/Wordpress\/wp-json\/wp\/v2\/media?parent=7612"}],"wp:term":[{"taxonomy":"category","embeddable":true,"href":"https:\/\/kfv-mol.de\/Wordpress\/wp-json\/wp\/v2\/categories?post=7612"},{"taxonomy":"post_tag","embeddable":true,"href":"https:\/\/kfv-mol.de\/Wordpress\/wp-json\/wp\/v2\/tags?post=7612"}],"curies":[{"name":"wp","href":"https:\/\/api.w.org\/{rel}","templated":true}]}}