{"id":7603,"date":"2023-05-26T00:02:42","date_gmt":"2023-05-25T23:02:42","guid":{"rendered":"https:\/\/kfv-mol.de\/Wordpress\/?p=7603"},"modified":"2023-06-27T11:24:05","modified_gmt":"2023-06-27T10:24:05","slug":"1-lbv-tauschboerse","status":"publish","type":"post","link":"https:\/\/kfv-mol.de\/Wordpress\/Artikel\/1-lbv-tauschboerse\/","title":{"rendered":"1. LBV Tauschb\u00f6rse"},"content":{"rendered":"\n<p><strong>Am 10. Juni l\u00e4dt der Landesfeuerwehrverband zur 1. Feuerwehrhistorischen Tausch-, Sammel- und Ersatzteilb\u00f6rse.&nbsp;<\/strong><\/p>\n\n\n\n<p>Diese findet um 10 Uhr auf dem Gel\u00e4nde des Oldtimerclubs \u201eDie Legende\u201c am Bahndamm 1 in 15517 F\u00fcrstenwalde\/Spree statt.&nbsp;<\/p>\n\n\n\n<p>Wir freuen uns auf zahlreiche Besucher und w\u00fcnschen allen begeisterten Sammlern viel Spa\u00df beim St\u00f6bern und Handeln.&nbsp;<\/p>\n\n\n\n<p>Aussteller k\u00f6nnen sich auf der Seite des&nbsp;&nbsp;Landesfeuerwehrverbandes anmelden:&nbsp;<a href=\"https:\/\/www.lfv-bb.de\/\">https:\/\/www.lfv-bb.de\/<\/a><\/p>\n\n\n\n<figure class=\"wp-block-gallery has-nested-images columns-default is-cropped wp-block-gallery-1 is-layout-flex wp-block-gallery-is-layout-flex\">\n<figure class=\"wp-block-image size-large\"><a href=\"https:\/\/kfv-mol.de\/Wordpress\/wp-content\/uploads\/2023\/05\/03E1A887-2947-4863-8A40-9C81A08F1655.jpeg\"><img decoding=\"async\" width=\"724\" height=\"1024\" data-id=\"7605\" data-src=\"https:\/\/kfv-mol.de\/Wordpress\/wp-content\/uploads\/2023\/05\/03E1A887-2947-4863-8A40-9C81A08F1655-724x1024.jpeg\" alt=\"\" class=\"wp-image-7605 lazyload\" data-srcset=\"https:\/\/kfv-mol.de\/Wordpress\/wp-content\/uploads\/2023\/05\/03E1A887-2947-4863-8A40-9C81A08F1655-724x1024.jpeg 724w, https:\/\/kfv-mol.de\/Wordpress\/wp-content\/uploads\/2023\/05\/03E1A887-2947-4863-8A40-9C81A08F1655-212x300.jpeg 212w, https:\/\/kfv-mol.de\/Wordpress\/wp-content\/uploads\/2023\/05\/03E1A887-2947-4863-8A40-9C81A08F1655-768x1086.jpeg 768w, https:\/\/kfv-mol.de\/Wordpress\/wp-content\/uploads\/2023\/05\/03E1A887-2947-4863-8A40-9C81A08F1655-1086x1536.jpeg 1086w, https:\/\/kfv-mol.de\/Wordpress\/wp-content\/uploads\/2023\/05\/03E1A887-2947-4863-8A40-9C81A08F1655.jpeg 1191w\" data-sizes=\"(max-width: 724px) 100vw, 724px\" src=\"data:image\/svg+xml;base64,PHN2ZyB3aWR0aD0iMSIgaGVpZ2h0PSIxIiB4bWxucz0iaHR0cDovL3d3dy53My5vcmcvMjAwMC9zdmciPjwvc3ZnPg==\" style=\"--smush-placeholder-width: 724px; --smush-placeholder-aspect-ratio: 724\/1024;\" \/><\/a><\/figure>\n<\/figure>\n","protected":false},"excerpt":{"rendered":"<p>Am 10. Juni l\u00e4dt der Landesfeuerwehrverband zur 1. Feuerwehrhistorischen Tausch-, Sammel- und Ersatzteilb\u00f6rse.&nbsp; Diese findet um 10 Uhr auf dem Gel\u00e4nde des Oldtimerclubs \u201eDie Legende\u201c am Bahndamm 1 in 15517 F\u00fcrstenwalde\/Spree statt.&nbsp; Wir freuen uns auf zahlreiche Besucher und w\u00fcnschen allen begeisterten Sammlern viel Spa\u00df beim St\u00f6bern und Handeln.&nbsp; Aussteller k\u00f6nnen sich auf der Seite [&hellip;]<\/p>\n","protected":false},"author":12,"featured_media":7605,"comment_status":"closed","ping_status":"closed","sticky":false,"template":"","format":"standard","meta":{"footnotes":""},"categories":[1],"tags":[],"class_list":["post-7603","post","type-post","status-publish","format-standard","has-post-thumbnail","hentry","category-sonstige"],"_links":{"self":[{"href":"https:\/\/kfv-mol.de\/Wordpress\/wp-json\/wp\/v2\/posts\/7603","targetHints":{"allow":["GET"]}}],"collection":[{"href":"https:\/\/kfv-mol.de\/Wordpress\/wp-json\/wp\/v2\/posts"}],"about":[{"href":"https:\/\/kfv-mol.de\/Wordpress\/wp-json\/wp\/v2\/types\/post"}],"author":[{"embeddable":true,"href":"https:\/\/kfv-mol.de\/Wordpress\/wp-json\/wp\/v2\/users\/12"}],"replies":[{"embeddable":true,"href":"https:\/\/kfv-mol.de\/Wordpress\/wp-json\/wp\/v2\/comments?post=7603"}],"version-history":[{"count":0,"href":"https:\/\/kfv-mol.de\/Wordpress\/wp-json\/wp\/v2\/posts\/7603\/revisions"}],"wp:featuredmedia":[{"embeddable":true,"href":"https:\/\/kfv-mol.de\/Wordpress\/wp-json\/wp\/v2\/media\/7605"}],"wp:attachment":[{"href":"https:\/\/kfv-mol.de\/Wordpress\/wp-json\/wp\/v2\/media?parent=7603"}],"wp:term":[{"taxonomy":"category","embeddable":true,"href":"https:\/\/kfv-mol.de\/Wordpress\/wp-json\/wp\/v2\/categories?post=7603"},{"taxonomy":"post_tag","embeddable":true,"href":"https:\/\/kfv-mol.de\/Wordpress\/wp-json\/wp\/v2\/tags?post=7603"}],"curies":[{"name":"wp","href":"https:\/\/api.w.org\/{rel}","templated":true}]}}