{"id":7540,"date":"2023-05-04T14:36:33","date_gmt":"2023-05-04T13:36:33","guid":{"rendered":"https:\/\/kfv-mol.de\/Wordpress\/?p=7540"},"modified":"2023-06-27T11:24:29","modified_gmt":"2023-06-27T10:24:29","slug":"einen-schoenen-florianstag","status":"publish","type":"post","link":"https:\/\/kfv-mol.de\/Wordpress\/Artikel\/einen-schoenen-florianstag\/","title":{"rendered":"Einen sch\u00f6nen Florianstag!"},"content":{"rendered":"\n<figure class=\"wp-block-image size-large\"><a href=\"https:\/\/kfv-mol.de\/Wordpress\/wp-content\/uploads\/2023\/05\/St-Florian.jpeg\"><img decoding=\"async\" width=\"768\" height=\"1024\" data-src=\"https:\/\/kfv-mol.de\/Wordpress\/wp-content\/uploads\/2023\/05\/St-Florian-768x1024.jpeg\" alt=\"\" class=\"wp-image-7541 lazyload\" data-srcset=\"https:\/\/kfv-mol.de\/Wordpress\/wp-content\/uploads\/2023\/05\/St-Florian-768x1024.jpeg 768w, https:\/\/kfv-mol.de\/Wordpress\/wp-content\/uploads\/2023\/05\/St-Florian-225x300.jpeg 225w, https:\/\/kfv-mol.de\/Wordpress\/wp-content\/uploads\/2023\/05\/St-Florian-1152x1536.jpeg 1152w, https:\/\/kfv-mol.de\/Wordpress\/wp-content\/uploads\/2023\/05\/St-Florian.jpeg 1514w\" data-sizes=\"(max-width: 768px) 100vw, 768px\" src=\"data:image\/svg+xml;base64,PHN2ZyB3aWR0aD0iMSIgaGVpZ2h0PSIxIiB4bWxucz0iaHR0cDovL3d3dy53My5vcmcvMjAwMC9zdmciPjwvc3ZnPg==\" style=\"--smush-placeholder-width: 768px; --smush-placeholder-aspect-ratio: 768\/1024;\" \/><\/a><\/figure>\n\n\n\n<p>Am 4. Mai feiert man seit 1999 den internationalen Tag der Feuerwehrleute und den Namenstag unseres Schutzpatrons, des heiligen St. Florian.<\/p>\n\n\n\n<p>Auch in Brandenburg findet sich an und in Feuerwehrger\u00e4teh\u00e4usern oftmals ein Bildnis des Sankt Florian, typischerweise dargestellt mit L\u00f6schk\u00fcbel und Fahne. Der Schutzheilige wird dabei mal als \u00e4lterer Legion\u00e4r mit Bart, mal als junger Krieger dargestellt.<\/p>\n\n\n\n<p>Der heilige Florian (Florian von Lorch) lebte im 3. Jahrhundert n. Chr. und war Offizier der r\u00f6mischen Armee und Oberbefehlshaber einer Einheit zur Feuerbek\u00e4mpfung. Seines christlichen Glaubens wegen wurde er in Lauriacum durch Statthalter Aquilinus zum Tode verurteilt. Am Marterpfahl sagte er, wenn man ihn verbrennen w\u00fcrde, w\u00fcrde er auf den Flammen zum Himmel empor steigen. Die Henker scheuten sich nun, ihn zu verbrennen, und er wurde am 4. Mai 304 mit einem Stein um den Hals (sp\u00e4ter ist daraus ein M\u00fchlstein geworden) von einer Br\u00fccke in einen Fluss gest\u00fcrzt.<\/p>\n\n\n\n<p>Der Name Florian ist somit tief verwurzelt und noch heute nutzen wir ihn als Funkrufnamen der Feuerwehren.<\/p>\n\n\n\n<p>Der Kreisfeuerwehrverband M\u00e4rkisch-Oderland e. V. w\u00fcnscht allen Kameraden und Kameradinnen einen sch\u00f6nen Florianstag. Kommt immer Heil von euren Eins\u00e4tzen zur\u00fcck!<\/p>\n","protected":false},"excerpt":{"rendered":"<p>Am 4. Mai feiert man seit 1999 den internationalen Tag der Feuerwehrleute und den Namenstag unseres Schutzpatrons, des heiligen St. Florian. Auch in Brandenburg findet sich an und in Feuerwehrger\u00e4teh\u00e4usern oftmals ein Bildnis des Sankt Florian, typischerweise dargestellt mit L\u00f6schk\u00fcbel und Fahne. Der Schutzheilige wird dabei mal als \u00e4lterer Legion\u00e4r mit Bart, mal als junger [&hellip;]<\/p>\n","protected":false},"author":12,"featured_media":7541,"comment_status":"closed","ping_status":"closed","sticky":false,"template":"","format":"standard","meta":{"footnotes":""},"categories":[1],"tags":[],"class_list":["post-7540","post","type-post","status-publish","format-standard","has-post-thumbnail","hentry","category-sonstige"],"_links":{"self":[{"href":"https:\/\/kfv-mol.de\/Wordpress\/wp-json\/wp\/v2\/posts\/7540","targetHints":{"allow":["GET"]}}],"collection":[{"href":"https:\/\/kfv-mol.de\/Wordpress\/wp-json\/wp\/v2\/posts"}],"about":[{"href":"https:\/\/kfv-mol.de\/Wordpress\/wp-json\/wp\/v2\/types\/post"}],"author":[{"embeddable":true,"href":"https:\/\/kfv-mol.de\/Wordpress\/wp-json\/wp\/v2\/users\/12"}],"replies":[{"embeddable":true,"href":"https:\/\/kfv-mol.de\/Wordpress\/wp-json\/wp\/v2\/comments?post=7540"}],"version-history":[{"count":0,"href":"https:\/\/kfv-mol.de\/Wordpress\/wp-json\/wp\/v2\/posts\/7540\/revisions"}],"wp:featuredmedia":[{"embeddable":true,"href":"https:\/\/kfv-mol.de\/Wordpress\/wp-json\/wp\/v2\/media\/7541"}],"wp:attachment":[{"href":"https:\/\/kfv-mol.de\/Wordpress\/wp-json\/wp\/v2\/media?parent=7540"}],"wp:term":[{"taxonomy":"category","embeddable":true,"href":"https:\/\/kfv-mol.de\/Wordpress\/wp-json\/wp\/v2\/categories?post=7540"},{"taxonomy":"post_tag","embeddable":true,"href":"https:\/\/kfv-mol.de\/Wordpress\/wp-json\/wp\/v2\/tags?post=7540"}],"curies":[{"name":"wp","href":"https:\/\/api.w.org\/{rel}","templated":true}]}}