{"id":7499,"date":"2023-05-04T14:32:25","date_gmt":"2023-05-04T13:32:25","guid":{"rendered":"https:\/\/kfv-mol.de\/Wordpress\/?p=7499"},"modified":"2023-05-04T14:32:27","modified_gmt":"2023-05-04T13:32:27","slug":"hauptausschusssitzung-2023","status":"publish","type":"post","link":"https:\/\/kfv-mol.de\/Wordpress\/Artikel\/hauptausschusssitzung-2023\/","title":{"rendered":"Hauptausschusssitzung 2023"},"content":{"rendered":"\n<figure class=\"wp-block-image size-large\"><a href=\"https:\/\/kfv-mol.de\/Wordpress\/wp-content\/uploads\/2023\/05\/Hauptausschusssitzung.jpeg\"><img decoding=\"async\" width=\"1024\" height=\"683\" data-src=\"https:\/\/kfv-mol.de\/Wordpress\/wp-content\/uploads\/2023\/05\/Hauptausschusssitzung-1024x683.jpeg\" alt=\"\" class=\"wp-image-7508 lazyload\" data-srcset=\"https:\/\/kfv-mol.de\/Wordpress\/wp-content\/uploads\/2023\/05\/Hauptausschusssitzung-1024x683.jpeg 1024w, https:\/\/kfv-mol.de\/Wordpress\/wp-content\/uploads\/2023\/05\/Hauptausschusssitzung-300x200.jpeg 300w, https:\/\/kfv-mol.de\/Wordpress\/wp-content\/uploads\/2023\/05\/Hauptausschusssitzung-768x512.jpeg 768w, https:\/\/kfv-mol.de\/Wordpress\/wp-content\/uploads\/2023\/05\/Hauptausschusssitzung-1536x1024.jpeg 1536w, https:\/\/kfv-mol.de\/Wordpress\/wp-content\/uploads\/2023\/05\/Hauptausschusssitzung.jpeg 2048w\" data-sizes=\"(max-width: 1024px) 100vw, 1024px\" src=\"data:image\/svg+xml;base64,PHN2ZyB3aWR0aD0iMSIgaGVpZ2h0PSIxIiB4bWxucz0iaHR0cDovL3d3dy53My5vcmcvMjAwMC9zdmciPjwvc3ZnPg==\" style=\"--smush-placeholder-width: 1024px; --smush-placeholder-aspect-ratio: 1024\/683;\" \/><\/a><\/figure>\n\n\n\n<p>Der Kreisfeuerwehrverband M\u00e4rkisch Oderland e.V. hat am 22. April 2023 seine Hauptausschusssitzung in den R\u00e4umlichkeiten des Rettungsdienstes in Strausberg durchgef\u00fchrt. Die Beteiligung von 73% der stimmberechtigten Hauptausschussmitglieder kann man als durchaus gut bezeichnen.<\/p>\n\n\n\n<p>Es war der erste Hauptausschuss, den der neue Vorstand des Kreisfeuerwehrverband M\u00e4rkisch-Oderland einberufen hat. Damit endete auch Jahr eins seiner T\u00e4tigkeit als Vorstand. Nun galt es durch die Tagesordnung zu gehen. Dabei sei dankend unser Kreisbrandmeister Sebastian Nestroy erw\u00e4hnt, der mit seiner erfrischend lockeren Art einen ruhigen und besonnenen Ablauf gew\u00e4hrleistete.<\/p>\n\n\n\n<p>Nachdem er die Anwesenden begr\u00fc\u00dft hatte und alle gemeinschaftlich dem k\u00fcrzlich verstorbenen B\u00fcrgermeister von Seelow Herrn J\u00f6rg Schr\u00f6der und den verstorbenen Kameraden in einer Schweigeminute gedacht hatten, begann er mit der Verabschiedung der Tagesordnung und ging auch sofort in deren Umsetzung \u00fcber.<\/p>\n\n\n\n<p>Abweichend begann in diesem Jahr der Vorsitzende der Revisionskommission Kamerad Lars David mit der Verlesung seines Berichtes. Er wies darauf hin, dass es einen Punkt zu beanstanden gab. Dieser wurde jedoch bereits im Rahmen der Pr\u00fcfung mit dem entsprechenden Fachausschussleiter besprochen und so konnte es bei einer \u201eVerwarnung\u201c bleiben. Er empfahl den Vorstand zu entlasten. Abschlie\u00dfend gab er noch zu verstehen, dass mit der Neufassung der Finanzordnung ein wichtiger Schritt f\u00fcr einen sauberen Finanzablauf ist.<\/p>\n\n\n\n<p>Im Anschluss \u00fcbernahm der Vorsitzende das Wort und begann seinen Bericht mit den Worten von: \u201eDie Menschheit ist zu weit vorw\u00e4rts gegangen, um sich zur\u00fcckzuwenden und bewegt sich zu rasch, um anzuhalten.\u201c Neben der Auff\u00fchrung statistischer Zahlen, legte er dar, was der Vorstand und die Fachaussch\u00fcsse im letzten Jahr geleistet haben. Neben der Neufassung der Gesch\u00e4ftsordnung und der Finanzordnung (und der Trennung der Finanzordnung von der Beitragsordnung), ist er auf die Arbeit der Fachaussch\u00fcsse eingegangen. Erw\u00e4hnt wurde hierbei insbesondere, dass die Arbeit der Fachaussch\u00fcsse Historie, Alters- und Ehrenabteilung in gewohnter Weise ihre Arbeit fortgesetzt haben.<\/p>\n\n\n\n<p>F\u00fcr den Fachbereich Historie, geleitet durch Ren\u00e9 Kruschke, konnten die beiden aktuellen Projekte genannt werden, welche sich mit der Auflistung der Wehrf\u00fchrer der Altkreise Seelow und Bad Freienwalde (Strausberg ist bereits vorhanden) im Jahr 1990 und Erstellung einer Publikation \u201ePers\u00f6nlichkeiten der Feuerwehren auf dem jetzigen Gebiet des Kreises M\u00e4rkisch-Oderland\u201c befasst.<\/p>\n\n\n\n<p>Beim Fachausschuss Alters und Ehrenabteilung wurden die H\u00f6hepunkte des letzten Jahres benannt und die statistischen Daten des Fachbereiches bekanntgegeben. Dank und Anerkennung wurden der Kameradin Renate Rosenfeld und dem Kameraden Winfried Rosenfeld f\u00fcr ihre langj\u00e4hrige T\u00e4tigkeit f\u00fcr den Verband und zuletzt f\u00fcr die Alters- und Ehrenabteilung ausgesprochen. Mit dem 31.12.2022 haben beide ihre Arbeit niedergelegt. Der Fachausschuss hofft auf baldige Nachbesetzung der L\u00fccke im Bereich Bad Freienwalde. Positiv ist zu erw\u00e4hnen, dass die beiden Kameraden Ren\u00e9 Adam und Elhard Petzold im letzten Jahr zum Fachausschuss hinzugesto\u00dfen sind.<\/p>\n\n\n\n<p>Der Fachausschuss \u00d6ffentlichkeitsarbeit hat begonnen, die Website und das Facebook-Profil zu \u00fcberarbeiten. Der bereits jetzt schon t\u00e4tige Webmaster, Thomas Bergemann, wird dem Fachausschuss nach wie vor zur Seite stehen und unterst\u00fctzt ma\u00dfgeblich bei der Umsetzung unserer Vorstellungen. Hierbei hat der Fachausschuss ebenfalls die Aufgabe bekommen, den Verband in ein einheitliches Corporate Design zu bringen. Ebenfalls wurde bekanntgegeben, dass es seitens des Verbandes eine Basiswerbung zur Mitgliederwerbung im Landkreis geben wird. Anschaffungen von Pr\u00e4sentations- und Veranstaltungsmaterial sind dazu erforderlich. Der Kamerad Hans-Dieter Kandzia wurde im Rahmen des Hauptausschusses auf eigenen Wunsch vom Posten des Fachausschussleiter abberufen. Wir danken ihm f\u00fcr seine T\u00e4tigkeit und die F\u00fchrung des Fachausschusses. Ein neuer Fachausschussleiter ist durch den Hauptausschuss beschlossen worden. Somit konnte John-Paul Gansewendt auf diesen Posten berufen werden. Unser Gl\u00fcckwunsch dazu, verbunden mit den Erwartungen, dass die gestellten Aufgaben im Interesse des Verbandes erf\u00fcllt werden. Auch f\u00fcr den Fachausschuss wurden im letzten Jahr neue Mitglieder angeworben. So begr\u00fc\u00dfen wir in den Reihen der Fachausschussmitglieder die Kameradin Luisa Lademann, den Kameraden Robin Kankel, den Kameraden Yvon Erfuth, den Kameraden Marcel Graske. Auch diesen neuen Mitgliedern wurde f\u00fcr ihre Bereitschaft der Mitarbeit gedankt.<\/p>\n\n\n\n<p>Im Bereich Fachausschuss Wettbewerbe, mit Andreas Zwick als Fachausschussleiter, gab es besondere Ereignisse im letzten Jahr. Neben zahlreichen Wettk\u00e4mpfen gab es H\u00f6hepunkt wie den Deutschlandcup, den Brandenburger 4-Bahnenpokal und die Deutschen Meisterschaften. Besonders erw\u00e4hnenswert ist, dass genau die letztgenannten Deutschen Meisterschaften das Ticket bescherten, welches die Teilnahme an der Feuerwehrolympiade in Celje (Slowenien) sicherte. Und genau da geschah das unfassbare, der Titel im L\u00f6schangriff wurde verteidigt. Was macht dies so besonders? Es gab noch keine Mannschaft, der eine Titelverteidigung jemals gelungen ist. Der Dank wurde noch einmal an die Sportler gerichtet und noch einmal auf die Ehrungen beim Neujahrsempfang berichtet.<\/p>\n\n\n\n<p>Zum im letzten Jahr neugegr\u00fcndeten Fachausschuss Aus- und Weiterbildung konnte ebenfalls auf erste Ergebnisse verwiesen werden. Die Arbeit an den Angeboten f\u00fcr Fahrsicherheitstrainings und Motors\u00e4gen-Ausbildungen haben einen gro\u00dfen Teil der Arbeit des Fachausschusses ausgemacht. Der damit auch neue und ebenfalls auf dem Hauptausschuss best\u00e4tigte und berufene Fachausschussleiter Ren\u00e9 Niemecki nahm somit offiziell seine Arbeit auf. Viel Erfolg sein auch ihm f\u00fcr seine Arbeit gew\u00fcnscht. Neben ihm haben dich der Kamerad Jonathan Andree, der Kamerad Eddi Pflicht, der Kamerad Mika Schuckert, der Kamerad Mathias Sch\u00fctze, der Kamerad Niklas Henschke, der Kamerad Denny Bache und der Kamerad Tom Sprengel bereit erkl\u00e4r f\u00fcr den Fachausschuss t\u00e4tig zu sein. Da Kamerad Sprengel kein Mitglied einer Feuerwehr im Landkreis M\u00e4rkisch-Oderland ist, bezieht sich seine Arbeit aktuell auf Beratert\u00e4tigkeit. Neben anderen Aufgaben wird der Aufbau einer Plattform f\u00fcr Ausbildungsunterlagen und Onlineausbildungen einen gro\u00dfen Stellenwert bekommen. Dies kann nur und wird gemeinsam mit dem Fachausschuss \u00d6ffentlichkeitsarbeit erfolgen.<\/p>\n\n\n\n<p>Zu guter Letzt gab es Ver\u00e4nderungen beim Fachausschuss Frauen. Hier wurde auf eigenen Wunsch die bisherige Fachausschussleiterin Kameradin Gudrun P\u00fcschel abberufen. Dankesworte wurden trotz ihrer Abwesenheit verk\u00fcndet. Im Fachausschuss Frauen gab es in den letzten Tagen und Wochen einige Bewegung. So wurde anhand neuer Aufgaben der Fachbereich umbenannt. Mit der Bezeichnung Konfliktbew\u00e4ltigung und Gleichstellung wird sehr deutlich, in welche Richtung die Arbeit zuk\u00fcnftig gehen wird. Aus dieser Neupositionierung ergab sich auch neues Interesse an der Mitarbeit und auch an der Fachausschussleitung. So standen zwei Kandidaten auf der Wahlliste zum Fachausschussleiter. Die Kameradin Kathleen Schmeller und der Kamerad Eckhard Naujoks hatten sich bereiterkl\u00e4rt die Fachausschussleitung zu \u00fcbernehmen. Sehr positiv ist hierbei zu erw\u00e4hnen, dass man sich gegenseitig die Mitarbeit im Fachausschuss auch bei Niederlage zusicherte. Den Kandidaten wurde die M\u00f6glichkeit einger\u00e4umt, sich vorzustellen und ihre Vorstellungen zur zuk\u00fcnftigen Arbeit des Fachausschusses zu benennen. Bei der Wahl hatte Kameradin Kathleen Schmeller die Nase vorn und wurde zur Fachausschussleiterin berufen. Viel Erfolg bei der Umsetzung der gestellten Aufgaben. Wir denken, dass die Zusammenarbeit zwischen den Beiden einerseits durch die junge frische Art von Kameradin Schmeller und der langen Erfahrung des Kameraden Naujoks sehr konstruktiv sein wird. Es wird spannend, wie sich die Arbeit des neu benannten Fachausschusses entwickeln wird.<\/p>\n\n\n\n<p>Mit seinen abschlie\u00dfenden Worten wurde durch den Vorsitzenden noch einmal deutlich gemacht, dass der Entwicklungsprozess ab sofort vorangetrieben wird und die Schlagzahl bei der Abarbeitung der gestellten Aufgaben erh\u00f6ht wird. Das Traditionen, weitergef\u00fchrt werden, ist dabei sehr wichtig und er wiederholte damit bereits in seinen einleitenden Worten das Versprechen, welches er auf der Delegiertenversammlung des letzten Jahres gegeben hat. Eine offene Kommunikation soll zur Verringerung von Missverst\u00e4ndnissen beitragen. Mit den letzten Worten forderte er auf, aktiv an den Entwicklungen teilzuhaben und in den Fachaussch\u00fcssen mitzuarbeiten.<\/p>\n\n\n\n<p>Der n\u00e4chste Punkt auf der Tagesordnung war der Bericht des Kreisjugendfeuerwehrwartes Bj\u00f6rn Sprecher. Kamerad Sprecher teilte mit den Teilnehmern des Hauptausschusses die statistischen Eckdaten der Kreisjugendfeuerwehr, die sich wie auch immer von den Daten des Landkreises unterscheiden. Er gab deutlich zu verstehen, dass die Arbeit der Kreisjugendfeuerwehr noch nicht so l\u00e4uft, wie dies zu erw\u00fcnschen w\u00e4re. So erw\u00e4hnte er, dass sich trotz Ausschreibung bis zum letzten Kreisjugendfeuerwehrtag keine Bewerbungen f\u00fcr die Posten der Stellvertretung eingegangen sind und wiederum auch erst nach Zweiteinladung der Kreisjugendfeuerwehrtag als h\u00f6chstes Organ beschlussf\u00e4hig war. Er hob besonders hervor, dass die Jugendarbeit besonders im Bereich Bad Freienwalde vorbildlich l\u00e4uft und im Gegensatz dazu im Bereich Strausberg fast zum Erliegen gekommen ist. So bem\u00e4ngelte er, dass es im genannten Bereich nicht einmal eine Bereichsmeisterschaft gab. Hier gibt es viel Nachholbedarf und dies machte Kamerad Bj\u00f6rn Sprecher noch einmal sehr deutlich und appellierte an die Vertreter im Hauptausschuss dies noch einmal mit in ihre Feuerwehren zu nehmen.<\/p>\n\n\n\n<p>Nach einer kleinen Pause, bei der sich alle Teilnehmer mit einem kleinen Imbiss st\u00e4rken konnten, ging es in die n\u00e4chste Runde.<\/p>\n\n\n\n<p>Die Diskussion der Beschlussvorlagen verlief sehr konstruktiv und sachlich. Wichtige Erkl\u00e4rungen konnte zwar gegeben werden, jedoch war nicht jeder Punkt einvernehmlich. Ganz klar war das Thema Beitragserh\u00f6hung einer der Punkte, welche die verschiedensten Ansichten auf den Tisch brachte. Trotz der unterschiedlichen Ansichten blieb die Debatte sehr ruhig und besonnen. Die ge\u00e4u\u00dferten Argumente der unterschiedlichen Beitr\u00e4ge waren einleuchtend und auch Vorschl\u00e4ge andere Wege zu gehen wurden unterbreitet. So war es v\u00f6llig verst\u00e4ndlich, dass die Argumente aus dem Amt M\u00e4rkische-Schweiz darauf hinausliefen, dass sie als gr\u00f6\u00dftes Amt auch die gr\u00f6\u00dfte Mehrbelastung zu tragen haben. Andererseits wurde ge\u00e4u\u00dfert, dass die Mehreinnahmen nicht dem Verband selbst zukommen, sondern letztlich ja wieder bei den Kameradinnen und Kameraden des Landkreises landet.<\/p>\n\n\n\n<p>So ging die sachliche Diskussion durch alle Vorlagen. Die Vorlage zur Neubesetzung des Posten Fachausschussleiter Konfliktbew\u00e4ltigung und Gleichstellung wurde nach kurzer Beratung des Vorstandes zur\u00fcckgezogen, da es zum aktuellen Zeitpunkt zwei Bewerber auf den Posten gab. Hieraus wurde der Beschluss abgeleitet die Wahl zum Fachausschussleiter durchzuf\u00fchren und diesen in die Tagesordnung mit aufzunehmen.<\/p>\n\n\n\n<p>Nach abgeschlossener Diskussion und vorgezogenem Tagesordnungspunkt Wahl des Hauptausschussleiter Konfliktbew\u00e4ltigung und Diskussion konnte \u00fcber die Beschl\u00fcsse abgestimmt werden.<\/p>\n\n\n\n<p>Es wurden alle noch bestehenden Beschlussvorlagen angenommen.<\/p>\n\n\n\n<p>So wurde die Neufassung der Gesch\u00e4ftsordnung des Vorstandes und die Beitragserh\u00f6hung von 5,11\u20ac auf 6,00\u20ac angenommen. Der Vorstand wurde gem\u00e4\u00df der Empfehlung der Revisionskommission f\u00fcr das Jahr 2022 entlastet und die Haushaltsplanung 2023 angenommen. Die Berufung der Fachausschussleiter des Fachausschuss \u00d6ffentlichkeitsarbeit und Fachausschuss Aus- und Weiterbildung wurde best\u00e4tigt. Auch f\u00fcr die Ernennung des Kameraden Hans-Dieter Kandzia zum Ehrenmitglied des Kreisfeuerwehrverbandes gab es Einvernehmen. Der Wermutstropfen ist hierbei, dass die eigentliche Ernennung gem\u00e4\u00df Richtlinie nicht f\u00fcr den Rahmen der Hauptausschusssitzung vorgesehen ist. Sobald der passende Rahmen gefunden wurde, wird die Ernennung durchgef\u00fchrt.<\/p>\n\n\n\n<p>Vor den Schlussworten folgte den Beschl\u00fcssen die Ehrungen.<\/p>\n\n\n\n<p>So wurden f\u00fcr ihre langj\u00e4hrige T\u00e4tigkeit im Kreisfeuerwehrverband M\u00e4rkisch-Oderland geehrt:<\/p>\n\n\n\n<p>Kameradin Renate Rosenfeld und Kamerad Winfried Rosenfeld mit dem Brandenburger Feuerwehrehrenkreuz in Silber. Gleichzeitig wurde ihnen die Urkunden zur Abberufung als Fachausschussmitglieder \u00fcbergeben. Wir danken den beiden f\u00fcr die geleistete Arbeit und w\u00fcnschen Ihnen auch weiterhin alles Gute und Gesundheit.<\/p>\n\n\n\n<p>Abberufung als Fachausschussleiter:<br>Benannt durch Verlesen der Urkunde wurden<\/p>\n\n\n\n<ul class=\"wp-block-list\">\n<li>Kameradin Gudrun P\u00fcschel (Fachausschuss Frauen)<\/li>\n\n\n\n<li>Kamerad Hans-Dieter Kandzia (Fachausschuss \u00d6ffentlichkeitsarbeit).<\/li>\n<\/ul>\n\n\n\n<p>Berufung als Fachausschussleiter:<br>Benannt durch Verlesen der Urkunde wurden<\/p>\n\n\n\n<ul class=\"wp-block-list\">\n<li>Kamerad John-Paul Gansewendt (\u00d6ffentlichkeitsarbeit)<\/li>\n\n\n\n<li>Kamerad Ren\u00e9 Niemecki (Aus- und Weiterbildung)<\/li>\n\n\n\n<li>Kameradin Kathleen Schmeller (Konfliktbew\u00e4ltigung und Gleichstellung)<\/li>\n<\/ul>\n\n\n\n<p>In den Fachausschuss \u00d6ffentlichkeitsarbeit als Fachausschussmitglied wurden berufen:<\/p>\n\n\n\n<ul class=\"wp-block-list\">\n<li>Kameradin Luisa Lademann<\/li>\n\n\n\n<li>Kamerad Robin Kankel<\/li>\n\n\n\n<li>Kamerad Yvon Erfuth<\/li>\n\n\n\n<li>Kamerad Marcel Graske<\/li>\n<\/ul>\n\n\n\n<p>In den Fachausschuss Aus- und Weiterbildung als Fachausschussmitglied wurden berufen:<\/p>\n\n\n\n<ul class=\"wp-block-list\">\n<li>Kamerad Jonathan Andree<\/li>\n\n\n\n<li>Kamerad Eddi Pflicht<\/li>\n\n\n\n<li>Kamerad Mika Schuckert<\/li>\n\n\n\n<li>Kamerad Mathias Sch\u00fctze<\/li>\n\n\n\n<li>Kamerad Niklas Henschke<\/li>\n\n\n\n<li>Kamerad Denny Bache<\/li>\n<\/ul>\n\n\n\n<p>In den Fachausschuss Konfliktbew\u00e4ltigung und Gleichstellung als Fachausschussmitglied wurde berufen:<\/p>\n\n\n\n<ul class=\"wp-block-list\">\n<li>Kamerad Eckhard Naujoks<\/li>\n<\/ul>\n\n\n\n<p>Zum Schluss dankte der Vorsitzende den Rettungsdienst f\u00fcr die Bereitstellung der R\u00e4umlichkeiten, er dankte allen die Bei der Vorbereitung der R\u00e4umlichkeiten geholfen haben. Besonderen Dank richtete er an unseren Kreisbrandmeister Sebastian Nestroy, der die Leitung der Versammlung \u00fcbernommen hatte.<\/p>\n\n\n\n<p>Er w\u00fcnschte allen einen guten und sicheren Heimweg, jeder solle das Wetter genie\u00dfen und ein sch\u00f6nes Restwochenende haben.<\/p>\n\n\n\n<div class=\"wp-block-columns is-layout-flex wp-container-core-columns-is-layout-9d6595d7 wp-block-columns-is-layout-flex\">\n<div class=\"wp-block-column is-layout-flow wp-block-column-is-layout-flow\">\n<figure class=\"wp-block-image size-large\"><a href=\"https:\/\/kfv-mol.de\/Wordpress\/wp-content\/uploads\/2023\/05\/R86A9130-1-scaled.jpg\"><img decoding=\"async\" width=\"1024\" height=\"683\" data-src=\"https:\/\/kfv-mol.de\/Wordpress\/wp-content\/uploads\/2023\/05\/R86A9130-1-1024x683.jpg\" alt=\"\" class=\"wp-image-7518 lazyload\" data-srcset=\"https:\/\/kfv-mol.de\/Wordpress\/wp-content\/uploads\/2023\/05\/R86A9130-1-1024x683.jpg 1024w, https:\/\/kfv-mol.de\/Wordpress\/wp-content\/uploads\/2023\/05\/R86A9130-1-300x200.jpg 300w, https:\/\/kfv-mol.de\/Wordpress\/wp-content\/uploads\/2023\/05\/R86A9130-1-768x512.jpg 768w, https:\/\/kfv-mol.de\/Wordpress\/wp-content\/uploads\/2023\/05\/R86A9130-1-1536x1024.jpg 1536w, https:\/\/kfv-mol.de\/Wordpress\/wp-content\/uploads\/2023\/05\/R86A9130-1-2048x1365.jpg 2048w\" data-sizes=\"(max-width: 1024px) 100vw, 1024px\" src=\"data:image\/svg+xml;base64,PHN2ZyB3aWR0aD0iMSIgaGVpZ2h0PSIxIiB4bWxucz0iaHR0cDovL3d3dy53My5vcmcvMjAwMC9zdmciPjwvc3ZnPg==\" style=\"--smush-placeholder-width: 1024px; --smush-placeholder-aspect-ratio: 1024\/683;\" \/><\/a><\/figure>\n<\/div>\n\n\n\n<div class=\"wp-block-column is-layout-flow wp-block-column-is-layout-flow\">\n<figure class=\"wp-block-image size-large\"><a href=\"https:\/\/kfv-mol.de\/Wordpress\/wp-content\/uploads\/2023\/05\/R86A9133-scaled.jpg\"><img decoding=\"async\" width=\"1024\" height=\"683\" data-src=\"https:\/\/kfv-mol.de\/Wordpress\/wp-content\/uploads\/2023\/05\/R86A9133-1024x683.jpg\" alt=\"\" class=\"wp-image-7519 lazyload\" data-srcset=\"https:\/\/kfv-mol.de\/Wordpress\/wp-content\/uploads\/2023\/05\/R86A9133-1024x683.jpg 1024w, https:\/\/kfv-mol.de\/Wordpress\/wp-content\/uploads\/2023\/05\/R86A9133-300x200.jpg 300w, https:\/\/kfv-mol.de\/Wordpress\/wp-content\/uploads\/2023\/05\/R86A9133-768x512.jpg 768w, https:\/\/kfv-mol.de\/Wordpress\/wp-content\/uploads\/2023\/05\/R86A9133-1536x1024.jpg 1536w, https:\/\/kfv-mol.de\/Wordpress\/wp-content\/uploads\/2023\/05\/R86A9133-2048x1365.jpg 2048w\" data-sizes=\"(max-width: 1024px) 100vw, 1024px\" src=\"data:image\/svg+xml;base64,PHN2ZyB3aWR0aD0iMSIgaGVpZ2h0PSIxIiB4bWxucz0iaHR0cDovL3d3dy53My5vcmcvMjAwMC9zdmciPjwvc3ZnPg==\" style=\"--smush-placeholder-width: 1024px; --smush-placeholder-aspect-ratio: 1024\/683;\" \/><\/a><\/figure>\n<\/div>\n\n\n\n<div class=\"wp-block-column is-layout-flow wp-block-column-is-layout-flow\">\n<figure class=\"wp-block-image size-large\"><a href=\"https:\/\/kfv-mol.de\/Wordpress\/wp-content\/uploads\/2023\/05\/R86A9137-scaled.jpg\"><img decoding=\"async\" width=\"1024\" height=\"683\" data-src=\"https:\/\/kfv-mol.de\/Wordpress\/wp-content\/uploads\/2023\/05\/R86A9137-1024x683.jpg\" alt=\"\" class=\"wp-image-7520 lazyload\" data-srcset=\"https:\/\/kfv-mol.de\/Wordpress\/wp-content\/uploads\/2023\/05\/R86A9137-1024x683.jpg 1024w, https:\/\/kfv-mol.de\/Wordpress\/wp-content\/uploads\/2023\/05\/R86A9137-300x200.jpg 300w, https:\/\/kfv-mol.de\/Wordpress\/wp-content\/uploads\/2023\/05\/R86A9137-768x512.jpg 768w, https:\/\/kfv-mol.de\/Wordpress\/wp-content\/uploads\/2023\/05\/R86A9137-1536x1024.jpg 1536w, https:\/\/kfv-mol.de\/Wordpress\/wp-content\/uploads\/2023\/05\/R86A9137-2048x1365.jpg 2048w\" data-sizes=\"(max-width: 1024px) 100vw, 1024px\" src=\"data:image\/svg+xml;base64,PHN2ZyB3aWR0aD0iMSIgaGVpZ2h0PSIxIiB4bWxucz0iaHR0cDovL3d3dy53My5vcmcvMjAwMC9zdmciPjwvc3ZnPg==\" style=\"--smush-placeholder-width: 1024px; --smush-placeholder-aspect-ratio: 1024\/683;\" \/><\/a><\/figure>\n<\/div>\n<\/div>\n\n\n\n<div class=\"wp-block-columns is-layout-flex wp-container-core-columns-is-layout-9d6595d7 wp-block-columns-is-layout-flex\">\n<div class=\"wp-block-column is-layout-flow wp-block-column-is-layout-flow\">\n<figure class=\"wp-block-image size-large\"><a href=\"https:\/\/kfv-mol.de\/Wordpress\/wp-content\/uploads\/2023\/05\/R86A9145-scaled.jpg\"><img decoding=\"async\" width=\"1024\" height=\"683\" data-src=\"https:\/\/kfv-mol.de\/Wordpress\/wp-content\/uploads\/2023\/05\/R86A9145-1024x683.jpg\" alt=\"\" class=\"wp-image-7521 lazyload\" data-srcset=\"https:\/\/kfv-mol.de\/Wordpress\/wp-content\/uploads\/2023\/05\/R86A9145-1024x683.jpg 1024w, https:\/\/kfv-mol.de\/Wordpress\/wp-content\/uploads\/2023\/05\/R86A9145-300x200.jpg 300w, https:\/\/kfv-mol.de\/Wordpress\/wp-content\/uploads\/2023\/05\/R86A9145-768x512.jpg 768w, https:\/\/kfv-mol.de\/Wordpress\/wp-content\/uploads\/2023\/05\/R86A9145-1536x1024.jpg 1536w, https:\/\/kfv-mol.de\/Wordpress\/wp-content\/uploads\/2023\/05\/R86A9145-2048x1365.jpg 2048w\" data-sizes=\"(max-width: 1024px) 100vw, 1024px\" src=\"data:image\/svg+xml;base64,PHN2ZyB3aWR0aD0iMSIgaGVpZ2h0PSIxIiB4bWxucz0iaHR0cDovL3d3dy53My5vcmcvMjAwMC9zdmciPjwvc3ZnPg==\" style=\"--smush-placeholder-width: 1024px; --smush-placeholder-aspect-ratio: 1024\/683;\" \/><\/a><\/figure>\n<\/div>\n\n\n\n<div class=\"wp-block-column is-layout-flow wp-block-column-is-layout-flow\">\n<figure class=\"wp-block-image size-large\"><a href=\"https:\/\/kfv-mol.de\/Wordpress\/wp-content\/uploads\/2023\/05\/R86A9163-2-scaled.jpg\"><img decoding=\"async\" width=\"1024\" height=\"683\" data-src=\"https:\/\/kfv-mol.de\/Wordpress\/wp-content\/uploads\/2023\/05\/R86A9163-2-1024x683.jpg\" alt=\"\" class=\"wp-image-7523 lazyload\" data-srcset=\"https:\/\/kfv-mol.de\/Wordpress\/wp-content\/uploads\/2023\/05\/R86A9163-2-1024x683.jpg 1024w, https:\/\/kfv-mol.de\/Wordpress\/wp-content\/uploads\/2023\/05\/R86A9163-2-300x200.jpg 300w, https:\/\/kfv-mol.de\/Wordpress\/wp-content\/uploads\/2023\/05\/R86A9163-2-768x512.jpg 768w, https:\/\/kfv-mol.de\/Wordpress\/wp-content\/uploads\/2023\/05\/R86A9163-2-1536x1024.jpg 1536w, https:\/\/kfv-mol.de\/Wordpress\/wp-content\/uploads\/2023\/05\/R86A9163-2-2048x1365.jpg 2048w\" data-sizes=\"(max-width: 1024px) 100vw, 1024px\" src=\"data:image\/svg+xml;base64,PHN2ZyB3aWR0aD0iMSIgaGVpZ2h0PSIxIiB4bWxucz0iaHR0cDovL3d3dy53My5vcmcvMjAwMC9zdmciPjwvc3ZnPg==\" style=\"--smush-placeholder-width: 1024px; --smush-placeholder-aspect-ratio: 1024\/683;\" \/><\/a><\/figure>\n<\/div>\n\n\n\n<div class=\"wp-block-column is-layout-flow wp-block-column-is-layout-flow\">\n<figure class=\"wp-block-image size-large\"><a href=\"https:\/\/kfv-mol.de\/Wordpress\/wp-content\/uploads\/2023\/05\/R86A9168-scaled.jpg\"><img decoding=\"async\" width=\"1024\" height=\"683\" data-src=\"https:\/\/kfv-mol.de\/Wordpress\/wp-content\/uploads\/2023\/05\/R86A9168-1024x683.jpg\" alt=\"\" class=\"wp-image-7522 lazyload\" data-srcset=\"https:\/\/kfv-mol.de\/Wordpress\/wp-content\/uploads\/2023\/05\/R86A9168-1024x683.jpg 1024w, https:\/\/kfv-mol.de\/Wordpress\/wp-content\/uploads\/2023\/05\/R86A9168-300x200.jpg 300w, https:\/\/kfv-mol.de\/Wordpress\/wp-content\/uploads\/2023\/05\/R86A9168-768x512.jpg 768w, https:\/\/kfv-mol.de\/Wordpress\/wp-content\/uploads\/2023\/05\/R86A9168-1536x1024.jpg 1536w, https:\/\/kfv-mol.de\/Wordpress\/wp-content\/uploads\/2023\/05\/R86A9168-2048x1365.jpg 2048w\" data-sizes=\"(max-width: 1024px) 100vw, 1024px\" src=\"data:image\/svg+xml;base64,PHN2ZyB3aWR0aD0iMSIgaGVpZ2h0PSIxIiB4bWxucz0iaHR0cDovL3d3dy53My5vcmcvMjAwMC9zdmciPjwvc3ZnPg==\" style=\"--smush-placeholder-width: 1024px; --smush-placeholder-aspect-ratio: 1024\/683;\" \/><\/a><\/figure>\n<\/div>\n<\/div>\n\n\n\n<div class=\"wp-block-columns is-layout-flex wp-container-core-columns-is-layout-9d6595d7 wp-block-columns-is-layout-flex\">\n<div class=\"wp-block-column is-layout-flow wp-block-column-is-layout-flow\">\n<figure class=\"wp-block-image size-large\"><a href=\"https:\/\/kfv-mol.de\/Wordpress\/wp-content\/uploads\/2023\/05\/R86A9169-scaled.jpg\"><img decoding=\"async\" width=\"1024\" height=\"768\" data-src=\"https:\/\/kfv-mol.de\/Wordpress\/wp-content\/uploads\/2023\/05\/R86A9169-1024x768.jpg\" alt=\"\" class=\"wp-image-7524 lazyload\" data-srcset=\"https:\/\/kfv-mol.de\/Wordpress\/wp-content\/uploads\/2023\/05\/R86A9169-1024x768.jpg 1024w, https:\/\/kfv-mol.de\/Wordpress\/wp-content\/uploads\/2023\/05\/R86A9169-300x225.jpg 300w, https:\/\/kfv-mol.de\/Wordpress\/wp-content\/uploads\/2023\/05\/R86A9169-768x576.jpg 768w, https:\/\/kfv-mol.de\/Wordpress\/wp-content\/uploads\/2023\/05\/R86A9169-1536x1152.jpg 1536w, https:\/\/kfv-mol.de\/Wordpress\/wp-content\/uploads\/2023\/05\/R86A9169-2048x1536.jpg 2048w\" data-sizes=\"(max-width: 1024px) 100vw, 1024px\" src=\"data:image\/svg+xml;base64,PHN2ZyB3aWR0aD0iMSIgaGVpZ2h0PSIxIiB4bWxucz0iaHR0cDovL3d3dy53My5vcmcvMjAwMC9zdmciPjwvc3ZnPg==\" style=\"--smush-placeholder-width: 1024px; --smush-placeholder-aspect-ratio: 1024\/768;\" \/><\/a><\/figure>\n<\/div>\n\n\n\n<div class=\"wp-block-column is-layout-flow wp-block-column-is-layout-flow\">\n<figure class=\"wp-block-image size-large\"><a href=\"https:\/\/kfv-mol.de\/Wordpress\/wp-content\/uploads\/2023\/05\/R86A9177-scaled.jpg\"><img decoding=\"async\" width=\"1024\" height=\"683\" data-src=\"https:\/\/kfv-mol.de\/Wordpress\/wp-content\/uploads\/2023\/05\/R86A9177-1024x683.jpg\" alt=\"\" class=\"wp-image-7525 lazyload\" data-srcset=\"https:\/\/kfv-mol.de\/Wordpress\/wp-content\/uploads\/2023\/05\/R86A9177-1024x683.jpg 1024w, https:\/\/kfv-mol.de\/Wordpress\/wp-content\/uploads\/2023\/05\/R86A9177-300x200.jpg 300w, https:\/\/kfv-mol.de\/Wordpress\/wp-content\/uploads\/2023\/05\/R86A9177-768x512.jpg 768w, https:\/\/kfv-mol.de\/Wordpress\/wp-content\/uploads\/2023\/05\/R86A9177-1536x1024.jpg 1536w, https:\/\/kfv-mol.de\/Wordpress\/wp-content\/uploads\/2023\/05\/R86A9177-2048x1365.jpg 2048w\" data-sizes=\"(max-width: 1024px) 100vw, 1024px\" src=\"data:image\/svg+xml;base64,PHN2ZyB3aWR0aD0iMSIgaGVpZ2h0PSIxIiB4bWxucz0iaHR0cDovL3d3dy53My5vcmcvMjAwMC9zdmciPjwvc3ZnPg==\" style=\"--smush-placeholder-width: 1024px; --smush-placeholder-aspect-ratio: 1024\/683;\" \/><\/a><\/figure>\n<\/div>\n\n\n\n<div class=\"wp-block-column is-layout-flow wp-block-column-is-layout-flow\">\n<figure class=\"wp-block-image size-large\"><a href=\"https:\/\/kfv-mol.de\/Wordpress\/wp-content\/uploads\/2023\/05\/R86A9183-scaled.jpg\"><img decoding=\"async\" width=\"1024\" height=\"683\" data-src=\"https:\/\/kfv-mol.de\/Wordpress\/wp-content\/uploads\/2023\/05\/R86A9183-1024x683.jpg\" alt=\"\" class=\"wp-image-7526 lazyload\" data-srcset=\"https:\/\/kfv-mol.de\/Wordpress\/wp-content\/uploads\/2023\/05\/R86A9183-1024x683.jpg 1024w, https:\/\/kfv-mol.de\/Wordpress\/wp-content\/uploads\/2023\/05\/R86A9183-300x200.jpg 300w, https:\/\/kfv-mol.de\/Wordpress\/wp-content\/uploads\/2023\/05\/R86A9183-768x512.jpg 768w, https:\/\/kfv-mol.de\/Wordpress\/wp-content\/uploads\/2023\/05\/R86A9183-1536x1024.jpg 1536w, https:\/\/kfv-mol.de\/Wordpress\/wp-content\/uploads\/2023\/05\/R86A9183-2048x1365.jpg 2048w\" data-sizes=\"(max-width: 1024px) 100vw, 1024px\" src=\"data:image\/svg+xml;base64,PHN2ZyB3aWR0aD0iMSIgaGVpZ2h0PSIxIiB4bWxucz0iaHR0cDovL3d3dy53My5vcmcvMjAwMC9zdmciPjwvc3ZnPg==\" style=\"--smush-placeholder-width: 1024px; --smush-placeholder-aspect-ratio: 1024\/683;\" \/><\/a><\/figure>\n<\/div>\n<\/div>\n\n\n\n<div class=\"wp-block-columns is-layout-flex wp-container-core-columns-is-layout-9d6595d7 wp-block-columns-is-layout-flex\">\n<div class=\"wp-block-column is-layout-flow wp-block-column-is-layout-flow\">\n<figure class=\"wp-block-image size-large\"><a href=\"https:\/\/kfv-mol.de\/Wordpress\/wp-content\/uploads\/2023\/05\/R86A9186-scaled.jpg\"><img decoding=\"async\" width=\"1024\" height=\"683\" data-src=\"https:\/\/kfv-mol.de\/Wordpress\/wp-content\/uploads\/2023\/05\/R86A9186-1024x683.jpg\" alt=\"\" class=\"wp-image-7527 lazyload\" data-srcset=\"https:\/\/kfv-mol.de\/Wordpress\/wp-content\/uploads\/2023\/05\/R86A9186-1024x683.jpg 1024w, https:\/\/kfv-mol.de\/Wordpress\/wp-content\/uploads\/2023\/05\/R86A9186-300x200.jpg 300w, https:\/\/kfv-mol.de\/Wordpress\/wp-content\/uploads\/2023\/05\/R86A9186-768x512.jpg 768w, https:\/\/kfv-mol.de\/Wordpress\/wp-content\/uploads\/2023\/05\/R86A9186-1536x1024.jpg 1536w, https:\/\/kfv-mol.de\/Wordpress\/wp-content\/uploads\/2023\/05\/R86A9186-2048x1365.jpg 2048w\" data-sizes=\"(max-width: 1024px) 100vw, 1024px\" src=\"data:image\/svg+xml;base64,PHN2ZyB3aWR0aD0iMSIgaGVpZ2h0PSIxIiB4bWxucz0iaHR0cDovL3d3dy53My5vcmcvMjAwMC9zdmciPjwvc3ZnPg==\" style=\"--smush-placeholder-width: 1024px; --smush-placeholder-aspect-ratio: 1024\/683;\" \/><\/a><\/figure>\n<\/div>\n\n\n\n<div class=\"wp-block-column is-layout-flow wp-block-column-is-layout-flow\">\n<figure class=\"wp-block-image size-large\"><a href=\"https:\/\/kfv-mol.de\/Wordpress\/wp-content\/uploads\/2023\/05\/R86A9188-scaled.jpg\"><img decoding=\"async\" width=\"1024\" height=\"683\" data-src=\"https:\/\/kfv-mol.de\/Wordpress\/wp-content\/uploads\/2023\/05\/R86A9188-1024x683.jpg\" alt=\"\" class=\"wp-image-7528 lazyload\" data-srcset=\"https:\/\/kfv-mol.de\/Wordpress\/wp-content\/uploads\/2023\/05\/R86A9188-1024x683.jpg 1024w, https:\/\/kfv-mol.de\/Wordpress\/wp-content\/uploads\/2023\/05\/R86A9188-300x200.jpg 300w, https:\/\/kfv-mol.de\/Wordpress\/wp-content\/uploads\/2023\/05\/R86A9188-768x512.jpg 768w, https:\/\/kfv-mol.de\/Wordpress\/wp-content\/uploads\/2023\/05\/R86A9188-1536x1024.jpg 1536w, https:\/\/kfv-mol.de\/Wordpress\/wp-content\/uploads\/2023\/05\/R86A9188-2048x1365.jpg 2048w\" data-sizes=\"(max-width: 1024px) 100vw, 1024px\" src=\"data:image\/svg+xml;base64,PHN2ZyB3aWR0aD0iMSIgaGVpZ2h0PSIxIiB4bWxucz0iaHR0cDovL3d3dy53My5vcmcvMjAwMC9zdmciPjwvc3ZnPg==\" style=\"--smush-placeholder-width: 1024px; --smush-placeholder-aspect-ratio: 1024\/683;\" \/><\/a><\/figure>\n<\/div>\n\n\n\n<div class=\"wp-block-column is-layout-flow wp-block-column-is-layout-flow\">\n<figure class=\"wp-block-image size-large\"><a href=\"https:\/\/kfv-mol.de\/Wordpress\/wp-content\/uploads\/2023\/05\/v2_R86A9192-scaled.jpg\"><img decoding=\"async\" width=\"1024\" height=\"674\" data-src=\"https:\/\/kfv-mol.de\/Wordpress\/wp-content\/uploads\/2023\/05\/v2_R86A9192-1024x674.jpg\" alt=\"\" class=\"wp-image-7536 lazyload\" data-srcset=\"https:\/\/kfv-mol.de\/Wordpress\/wp-content\/uploads\/2023\/05\/v2_R86A9192-1024x674.jpg 1024w, https:\/\/kfv-mol.de\/Wordpress\/wp-content\/uploads\/2023\/05\/v2_R86A9192-300x197.jpg 300w, https:\/\/kfv-mol.de\/Wordpress\/wp-content\/uploads\/2023\/05\/v2_R86A9192-768x505.jpg 768w, https:\/\/kfv-mol.de\/Wordpress\/wp-content\/uploads\/2023\/05\/v2_R86A9192-1536x1011.jpg 1536w, https:\/\/kfv-mol.de\/Wordpress\/wp-content\/uploads\/2023\/05\/v2_R86A9192-2048x1348.jpg 2048w\" data-sizes=\"(max-width: 1024px) 100vw, 1024px\" src=\"data:image\/svg+xml;base64,PHN2ZyB3aWR0aD0iMSIgaGVpZ2h0PSIxIiB4bWxucz0iaHR0cDovL3d3dy53My5vcmcvMjAwMC9zdmciPjwvc3ZnPg==\" style=\"--smush-placeholder-width: 1024px; --smush-placeholder-aspect-ratio: 1024\/674;\" \/><\/a><\/figure>\n<\/div>\n<\/div>\n\n\n\n<div class=\"wp-block-columns is-layout-flex wp-container-core-columns-is-layout-9d6595d7 wp-block-columns-is-layout-flex\">\n<div class=\"wp-block-column is-layout-flow wp-block-column-is-layout-flow\">\n<figure class=\"wp-block-image size-large\"><a href=\"https:\/\/kfv-mol.de\/Wordpress\/wp-content\/uploads\/2023\/05\/R86A9196-2-scaled.jpg\"><img decoding=\"async\" width=\"1024\" height=\"683\" data-src=\"https:\/\/kfv-mol.de\/Wordpress\/wp-content\/uploads\/2023\/05\/R86A9196-2-1024x683.jpg\" alt=\"\" class=\"wp-image-7537 lazyload\" data-srcset=\"https:\/\/kfv-mol.de\/Wordpress\/wp-content\/uploads\/2023\/05\/R86A9196-2-1024x683.jpg 1024w, https:\/\/kfv-mol.de\/Wordpress\/wp-content\/uploads\/2023\/05\/R86A9196-2-300x200.jpg 300w, https:\/\/kfv-mol.de\/Wordpress\/wp-content\/uploads\/2023\/05\/R86A9196-2-768x512.jpg 768w, https:\/\/kfv-mol.de\/Wordpress\/wp-content\/uploads\/2023\/05\/R86A9196-2-1536x1024.jpg 1536w, https:\/\/kfv-mol.de\/Wordpress\/wp-content\/uploads\/2023\/05\/R86A9196-2-2048x1365.jpg 2048w\" data-sizes=\"(max-width: 1024px) 100vw, 1024px\" src=\"data:image\/svg+xml;base64,PHN2ZyB3aWR0aD0iMSIgaGVpZ2h0PSIxIiB4bWxucz0iaHR0cDovL3d3dy53My5vcmcvMjAwMC9zdmciPjwvc3ZnPg==\" style=\"--smush-placeholder-width: 1024px; --smush-placeholder-aspect-ratio: 1024\/683;\" \/><\/a><\/figure>\n<\/div>\n\n\n\n<div class=\"wp-block-column is-layout-flow wp-block-column-is-layout-flow\">\n<figure class=\"wp-block-image size-large\"><a href=\"https:\/\/kfv-mol.de\/Wordpress\/wp-content\/uploads\/2023\/05\/R86A9198-3-scaled.jpg\"><img decoding=\"async\" width=\"1024\" height=\"683\" data-src=\"https:\/\/kfv-mol.de\/Wordpress\/wp-content\/uploads\/2023\/05\/R86A9198-3-1024x683.jpg\" alt=\"\" class=\"wp-image-7538 lazyload\" data-srcset=\"https:\/\/kfv-mol.de\/Wordpress\/wp-content\/uploads\/2023\/05\/R86A9198-3-1024x683.jpg 1024w, https:\/\/kfv-mol.de\/Wordpress\/wp-content\/uploads\/2023\/05\/R86A9198-3-300x200.jpg 300w, https:\/\/kfv-mol.de\/Wordpress\/wp-content\/uploads\/2023\/05\/R86A9198-3-768x512.jpg 768w, https:\/\/kfv-mol.de\/Wordpress\/wp-content\/uploads\/2023\/05\/R86A9198-3-1536x1024.jpg 1536w, https:\/\/kfv-mol.de\/Wordpress\/wp-content\/uploads\/2023\/05\/R86A9198-3-2048x1365.jpg 2048w\" data-sizes=\"(max-width: 1024px) 100vw, 1024px\" src=\"data:image\/svg+xml;base64,PHN2ZyB3aWR0aD0iMSIgaGVpZ2h0PSIxIiB4bWxucz0iaHR0cDovL3d3dy53My5vcmcvMjAwMC9zdmciPjwvc3ZnPg==\" style=\"--smush-placeholder-width: 1024px; --smush-placeholder-aspect-ratio: 1024\/683;\" \/><\/a><\/figure>\n<\/div>\n<\/div>\n","protected":false},"excerpt":{"rendered":"<p>Der Kreisfeuerwehrverband M\u00e4rkisch Oderland e.V. hat am 22. April 2023 seine Hauptausschusssitzung in den R\u00e4umlichkeiten des Rettungsdienstes in Strausberg durchgef\u00fchrt. Die Beteiligung von 73% der stimmberechtigten Hauptausschussmitglieder kann man als durchaus gut bezeichnen. Es war der erste Hauptausschuss, den der neue Vorstand des Kreisfeuerwehrverband M\u00e4rkisch-Oderland einberufen hat. Damit endete auch Jahr eins seiner T\u00e4tigkeit als [&hellip;]<\/p>\n","protected":false},"author":12,"featured_media":0,"comment_status":"closed","ping_status":"closed","sticky":false,"template":"","format":"standard","meta":{"footnotes":""},"categories":[1],"tags":[],"class_list":["post-7499","post","type-post","status-publish","format-standard","hentry","category-sonstige"],"_links":{"self":[{"href":"https:\/\/kfv-mol.de\/Wordpress\/wp-json\/wp\/v2\/posts\/7499","targetHints":{"allow":["GET"]}}],"collection":[{"href":"https:\/\/kfv-mol.de\/Wordpress\/wp-json\/wp\/v2\/posts"}],"about":[{"href":"https:\/\/kfv-mol.de\/Wordpress\/wp-json\/wp\/v2\/types\/post"}],"author":[{"embeddable":true,"href":"https:\/\/kfv-mol.de\/Wordpress\/wp-json\/wp\/v2\/users\/12"}],"replies":[{"embeddable":true,"href":"https:\/\/kfv-mol.de\/Wordpress\/wp-json\/wp\/v2\/comments?post=7499"}],"version-history":[{"count":0,"href":"https:\/\/kfv-mol.de\/Wordpress\/wp-json\/wp\/v2\/posts\/7499\/revisions"}],"wp:attachment":[{"href":"https:\/\/kfv-mol.de\/Wordpress\/wp-json\/wp\/v2\/media?parent=7499"}],"wp:term":[{"taxonomy":"category","embeddable":true,"href":"https:\/\/kfv-mol.de\/Wordpress\/wp-json\/wp\/v2\/categories?post=7499"},{"taxonomy":"post_tag","embeddable":true,"href":"https:\/\/kfv-mol.de\/Wordpress\/wp-json\/wp\/v2\/tags?post=7499"}],"curies":[{"name":"wp","href":"https:\/\/api.w.org\/{rel}","templated":true}]}}