{"id":7496,"date":"2023-05-04T13:44:25","date_gmt":"2023-05-04T12:44:25","guid":{"rendered":"https:\/\/kfv-mol.de\/Wordpress\/?p=7496"},"modified":"2023-05-04T13:44:27","modified_gmt":"2023-05-04T12:44:27","slug":"wir-erweisen-die-letzte-ehre-19","status":"publish","type":"post","link":"https:\/\/kfv-mol.de\/Wordpress\/Artikel\/wir-erweisen-die-letzte-ehre-19\/","title":{"rendered":"Wir erweisen die letzte Ehre!"},"content":{"rendered":"\n<p>Wir bedanken uns f\u00fcr die engagierte und langj\u00e4hrige Mitwirkung im Brand- und Katastrophenschutz im LK M\u00e4rkisch-Oderland und dr\u00fccken den Angeh\u00f6rigen unser tiefstes Mitgef\u00fchl aus.<\/p>\n\n\n\n<figure class=\"wp-block-image size-large\"><a href=\"https:\/\/kfv-mol.de\/Wordpress\/wp-content\/uploads\/2023\/05\/Nachruf_Maerz-April.jpeg\"><img decoding=\"async\" width=\"1024\" height=\"683\" data-src=\"https:\/\/kfv-mol.de\/Wordpress\/wp-content\/uploads\/2023\/05\/Nachruf_Maerz-April-1024x683.jpeg\" alt=\"\" class=\"wp-image-7497 lazyload\" data-srcset=\"https:\/\/kfv-mol.de\/Wordpress\/wp-content\/uploads\/2023\/05\/Nachruf_Maerz-April-1024x683.jpeg 1024w, https:\/\/kfv-mol.de\/Wordpress\/wp-content\/uploads\/2023\/05\/Nachruf_Maerz-April-300x200.jpeg 300w, https:\/\/kfv-mol.de\/Wordpress\/wp-content\/uploads\/2023\/05\/Nachruf_Maerz-April-768x512.jpeg 768w, https:\/\/kfv-mol.de\/Wordpress\/wp-content\/uploads\/2023\/05\/Nachruf_Maerz-April-1536x1024.jpeg 1536w, https:\/\/kfv-mol.de\/Wordpress\/wp-content\/uploads\/2023\/05\/Nachruf_Maerz-April.jpeg 1732w\" data-sizes=\"(max-width: 1024px) 100vw, 1024px\" src=\"data:image\/svg+xml;base64,PHN2ZyB3aWR0aD0iMSIgaGVpZ2h0PSIxIiB4bWxucz0iaHR0cDovL3d3dy53My5vcmcvMjAwMC9zdmciPjwvc3ZnPg==\" style=\"--smush-placeholder-width: 1024px; --smush-placeholder-aspect-ratio: 1024\/683;\" \/><\/a><\/figure>\n","protected":false},"excerpt":{"rendered":"<p>Wir bedanken uns f\u00fcr die engagierte und langj\u00e4hrige Mitwirkung im Brand- und Katastrophenschutz im LK M\u00e4rkisch-Oderland und dr\u00fccken den Angeh\u00f6rigen unser tiefstes Mitgef\u00fchl aus.<\/p>\n","protected":false},"author":12,"featured_media":0,"comment_status":"closed","ping_status":"closed","sticky":false,"template":"","format":"standard","meta":{"footnotes":""},"categories":[1],"tags":[],"class_list":["post-7496","post","type-post","status-publish","format-standard","hentry","category-sonstige"],"_links":{"self":[{"href":"https:\/\/kfv-mol.de\/Wordpress\/wp-json\/wp\/v2\/posts\/7496","targetHints":{"allow":["GET"]}}],"collection":[{"href":"https:\/\/kfv-mol.de\/Wordpress\/wp-json\/wp\/v2\/posts"}],"about":[{"href":"https:\/\/kfv-mol.de\/Wordpress\/wp-json\/wp\/v2\/types\/post"}],"author":[{"embeddable":true,"href":"https:\/\/kfv-mol.de\/Wordpress\/wp-json\/wp\/v2\/users\/12"}],"replies":[{"embeddable":true,"href":"https:\/\/kfv-mol.de\/Wordpress\/wp-json\/wp\/v2\/comments?post=7496"}],"version-history":[{"count":0,"href":"https:\/\/kfv-mol.de\/Wordpress\/wp-json\/wp\/v2\/posts\/7496\/revisions"}],"wp:attachment":[{"href":"https:\/\/kfv-mol.de\/Wordpress\/wp-json\/wp\/v2\/media?parent=7496"}],"wp:term":[{"taxonomy":"category","embeddable":true,"href":"https:\/\/kfv-mol.de\/Wordpress\/wp-json\/wp\/v2\/categories?post=7496"},{"taxonomy":"post_tag","embeddable":true,"href":"https:\/\/kfv-mol.de\/Wordpress\/wp-json\/wp\/v2\/tags?post=7496"}],"curies":[{"name":"wp","href":"https:\/\/api.w.org\/{rel}","templated":true}]}}