{"id":71,"date":"2011-03-19T14:18:43","date_gmt":"2011-03-19T13:18:43","guid":{"rendered":"http:\/\/www.kfv-mol.de\/Wordpress\/?p=71"},"modified":"2011-03-20T18:24:31","modified_gmt":"2011-03-20T17:24:31","slug":"prufung-truppmann-teil-2-26-02-11","status":"publish","type":"post","link":"https:\/\/kfv-mol.de\/Wordpress\/Artikel\/prufung-truppmann-teil-2-26-02-11\/","title":{"rendered":"Pr\u00fcfung Truppmann Teil-2 26.02.11"},"content":{"rendered":"<p>Im Zeitraum vom 23.Oktober 2010 bis zum 26.Februar 2011 absolvierten im 14-t\u00e4gigen Wechsel Feuerwehrangeh\u00f6rige des Amtes Seelow-Land im und um das Ger\u00e4tehaus der St\u00fctzpunktfeuerwehr Dolgelin die Truppmannausbildung Teil-2. In 80 Unterrichtsstunden wurden die Teilnehmer durch das bew\u00e4hrte Ausbilderteam des Amtes Seelow-Land in der Theorie und der Praxis zu Truppm\u00e4nnern ausgebildet. Erst nach erfolgreicher Absolvierung beider Lehrg\u00e4nge (Truppmann Teil 1+2) d\u00fcrfen die Kameraden durch ihre Ortswehrf\u00fchrer oder Einsatzleiter bei den verschiedenen Einsatzarten, wie Rettung von Menschen und Tieren, Brandeins\u00e4tzen und technische Hilfeleistungen voll eingesetzt werden. Die Ausbildung zum Truppmann, inklusive der Ausbildungen \u201eSprechfunker und Atemschutzger\u00e4tetr\u00e4ger\u201c ist eine Voraussetzung zur Zulassung des sich anschlie\u00dfenden Lehrganges Truppf\u00fchrer mit nur noch 35 Unterrichtsstunden.<\/p>\n<p>&nbsp;<\/p>\n<p>Von den urspr\u00fcnglich zur Lehrgangser\u00f6ffnung erschienenen 13 Teilnehmern konnten 9 Kameraden zur Leistungspr\u00fcfung am Samstag, dem 26.Februar 2011 zugelassen werden. Die regelm\u00e4\u00dfige Teilnahme an allen Lehrgangsterminen ist eine hohe Belastung im Bezug auf die Freizeit der Kameraden und stellt auch eine hohe Belastung an die Firmen der Kameraden dar, die auch am Samstag arbeiten. Unser Dank geht an diese Unternehmen, die unb\u00fcrokratisch eine Freistellung ihrer in den Reihen der Freiwilligen Feuerwehr t\u00e4tigen Kollegen oder Auszubildenden erm\u00f6glichen. Das unentschuldigte Fehlen an Ausbildungstagen f\u00fchrt wie schon in der Vergangenheit unweigerlich zum Lehrgangsausschluss. Deswegen mussten 3 Lehrgangsteilnehmer vom Lehrgang ausgeschlossen werden. Die einzige Teilnehmerin konnte wegen einer Erkrankung leider nicht an der Pr\u00fcfung teilnehmen.<\/p>\n\n\t\t<style type=\"text\/css\">\n\t\t\t#gallery-1 {\n\t\t\t\tmargin: auto;\n\t\t\t}\n\t\t\t#gallery-1 .gallery-item {\n\t\t\t\tfloat: left;\n\t\t\t\tmargin-top: 10px;\n\t\t\t\ttext-align: center;\n\t\t\t\twidth: 33%;\n\t\t\t}\n\t\t\t#gallery-1 img {\n\t\t\t\tborder: 2px solid #cfcfcf;\n\t\t\t}\n\t\t\t#gallery-1 .gallery-caption {\n\t\t\t\tmargin-left: 0;\n\t\t\t}\n\t\t\t\/* see gallery_shortcode() in wp-includes\/media.php *\/\n\t\t<\/style>\n\t\t<div id='gallery-1' class='gallery galleryid-71 gallery-columns-3 gallery-size-thumbnail'><dl class='gallery-item'>\n\t\t\t<dt class='gallery-icon landscape'>\n\t\t\t\t<a href='https:\/\/kfv-mol.de\/Wordpress\/wp-content\/uploads\/2011\/03\/5.jpg'><img decoding=\"async\" width=\"90\" height=\"90\" data-src=\"https:\/\/kfv-mol.de\/Wordpress\/wp-content\/uploads\/2011\/03\/5.jpg\" class=\"attachment-thumbnail size-thumbnail lazyload\" alt=\"\" src=\"data:image\/svg+xml;base64,PHN2ZyB3aWR0aD0iMSIgaGVpZ2h0PSIxIiB4bWxucz0iaHR0cDovL3d3dy53My5vcmcvMjAwMC9zdmciPjwvc3ZnPg==\" style=\"--smush-placeholder-width: 90px; --smush-placeholder-aspect-ratio: 90\/90;\" \/><\/a>\n\t\t\t<\/dt><\/dl><dl class='gallery-item'>\n\t\t\t<dt class='gallery-icon landscape'>\n\t\t\t\t<a href='https:\/\/kfv-mol.de\/Wordpress\/wp-content\/uploads\/2011\/03\/1.jpg'><img decoding=\"async\" width=\"90\" height=\"90\" data-src=\"https:\/\/kfv-mol.de\/Wordpress\/wp-content\/uploads\/2011\/03\/1.jpg\" class=\"attachment-thumbnail size-thumbnail lazyload\" alt=\"\" src=\"data:image\/svg+xml;base64,PHN2ZyB3aWR0aD0iMSIgaGVpZ2h0PSIxIiB4bWxucz0iaHR0cDovL3d3dy53My5vcmcvMjAwMC9zdmciPjwvc3ZnPg==\" style=\"--smush-placeholder-width: 90px; --smush-placeholder-aspect-ratio: 90\/90;\" \/><\/a>\n\t\t\t<\/dt><\/dl><dl class='gallery-item'>\n\t\t\t<dt class='gallery-icon landscape'>\n\t\t\t\t<a href='https:\/\/kfv-mol.de\/Wordpress\/wp-content\/uploads\/2011\/03\/4.jpg'><img decoding=\"async\" width=\"90\" height=\"90\" data-src=\"https:\/\/kfv-mol.de\/Wordpress\/wp-content\/uploads\/2011\/03\/4.jpg\" class=\"attachment-thumbnail size-thumbnail lazyload\" alt=\"\" src=\"data:image\/svg+xml;base64,PHN2ZyB3aWR0aD0iMSIgaGVpZ2h0PSIxIiB4bWxucz0iaHR0cDovL3d3dy53My5vcmcvMjAwMC9zdmciPjwvc3ZnPg==\" style=\"--smush-placeholder-width: 90px; --smush-placeholder-aspect-ratio: 90\/90;\" \/><\/a>\n\t\t\t<\/dt><\/dl><br style=\"clear: both\" \/><dl class='gallery-item'>\n\t\t\t<dt class='gallery-icon landscape'>\n\t\t\t\t<a href='https:\/\/kfv-mol.de\/Wordpress\/wp-content\/uploads\/2011\/03\/3.jpg'><img decoding=\"async\" width=\"90\" height=\"90\" data-src=\"https:\/\/kfv-mol.de\/Wordpress\/wp-content\/uploads\/2011\/03\/3.jpg\" class=\"attachment-thumbnail size-thumbnail lazyload\" alt=\"\" src=\"data:image\/svg+xml;base64,PHN2ZyB3aWR0aD0iMSIgaGVpZ2h0PSIxIiB4bWxucz0iaHR0cDovL3d3dy53My5vcmcvMjAwMC9zdmciPjwvc3ZnPg==\" style=\"--smush-placeholder-width: 90px; --smush-placeholder-aspect-ratio: 90\/90;\" \/><\/a>\n\t\t\t<\/dt><\/dl><dl class='gallery-item'>\n\t\t\t<dt class='gallery-icon landscape'>\n\t\t\t\t<a href='https:\/\/kfv-mol.de\/Wordpress\/wp-content\/uploads\/2011\/03\/2.jpg'><img decoding=\"async\" width=\"90\" height=\"90\" data-src=\"https:\/\/kfv-mol.de\/Wordpress\/wp-content\/uploads\/2011\/03\/2.jpg\" class=\"attachment-thumbnail size-thumbnail lazyload\" alt=\"\" src=\"data:image\/svg+xml;base64,PHN2ZyB3aWR0aD0iMSIgaGVpZ2h0PSIxIiB4bWxucz0iaHR0cDovL3d3dy53My5vcmcvMjAwMC9zdmciPjwvc3ZnPg==\" style=\"--smush-placeholder-width: 90px; --smush-placeholder-aspect-ratio: 90\/90;\" \/><\/a>\n\t\t\t<\/dt><\/dl>\n\t\t\t<br style='clear: both' \/>\n\t\t<\/div>\n\n<p>Interessant war wieder die Altersstruktur der Lehrgangsteilnehmer, sie reichte von 18 bis 51 Jahren. Nach der durchgef\u00fchrten theoretischen und praktischen Ausbildung entsprechend der Feuerwehrdienstvorschrift 2, stellten sich die Pr\u00fcflinge mit sichtlicher Aufregung und Anspannung der Leistungspr\u00fcfung im praktischen, schriftlichen und m\u00fcndlichem Teil. Zur Freude der Ausbilder konnte eine Lehrgangsdurchschnittsnote von 1,7 erreicht werden, die sich aus den Noten f\u00fcr Theorie (1,8), Praxis (2,0) und Knotenkunde (1,2) errechnet. Zur Erleichterung der Ausbilder und Pr\u00fcflinge wurde das Lehrgangsziel von allen Teilnehmern erreicht. Das erreichte Endergebnis der Teilnehmer muss nun durch die Ortswehrf\u00fchrer durch unterst\u00fctzenden Aus- und Weiterbildungen in den Heimatwehren kompensiert werden. Unseren Herzlichen Gl\u00fcckwunsch allen 9 Teilnehmern zur bestandenen Leistungspr\u00fcfung.<\/p>\n<p>&nbsp;<\/p>\n<p>NAME\u00a0\u00a0\u00a0 VORNAME\u00a0\u00a0 ORTSWEHR<\/p>\n<p>Bensch\u00a0\u00a0\u00a0 Ulf\u00a0\u00a0\u00a0\u00a0 FF Libbenichen<\/p>\n<p>Leim\u00a0\u00a0\u00a0\u00a0 J\u00fcrgen\u00a0\u00a0 FF Libbenichen<\/p>\n<p>Patella\u00a0 J\u00f6rg\u00a0\u00a0\u00a0\u00a0 FF Libbenichen<\/p>\n<p>H\u00f6femeier Benny\u00a0\u00a0 FF Marxdorf<\/p>\n<p>Sch\u00fctze\u00a0 Mathias\u00a0 FF Marxdorf<\/p>\n<p>Berndt\u00a0\u00a0 Robert\u00a0\u00a0 FF Neuentempel<\/p>\n<p>Kr\u00fcger\u00a0\u00a0 Kevin\u00a0\u00a0\u00a0 FF Neuentempel<\/p>\n<p>Spiegelberg Brain FF Neuentempel<\/p>\n<p>Spiegelberg Marc\u00a0 FF Neuentempel<\/p>\n<p>&nbsp;<\/p>\n<p>Das Ausbilderteam bedankt sich bei den Teilnehmern f\u00fcr die durchg\u00e4ngige hohe Disziplin und freut sich auf ein Wiedersehen zum Truppf\u00fchrerlehrgang,dem letzten Lehrgang der Truppausbildung f\u00fcr Angeh\u00f6rigen der Feuerwehr. Der Dank geht auch an unser zuverl\u00e4ssiges Versorgerteam der FF Dolgelin f\u00fcr die liebevolle Imbiss- und Getr\u00e4nkeversorgung aller Kameraden.<\/p>\n<p>Bilder und Text von Bm Lutz Bergmann<\/p>\n","protected":false},"excerpt":{"rendered":"<p>Im Zeitraum vom 23.Oktober 2010 bis zum 26.Februar 2011 absolvierten im 14-t\u00e4gigen Wechsel Feuerwehrangeh\u00f6rige des Amtes Seelow-Land im und um das Ger\u00e4tehaus der St\u00fctzpunktfeuerwehr Dolgelin die Truppmannausbildung Teil-2. In 80 Unterrichtsstunden wurden die Teilnehmer durch das bew\u00e4hrte Ausbilderteam des Amtes Seelow-Land in der Theorie und der Praxis zu Truppm\u00e4nnern ausgebildet. Erst nach erfolgreicher Absolvierung beider [&hellip;]<\/p>\n","protected":false},"author":1,"featured_media":0,"comment_status":"closed","ping_status":"closed","sticky":false,"template":"","format":"standard","meta":{"footnotes":""},"categories":[4],"tags":[],"class_list":["post-71","post","type-post","status-publish","format-standard","hentry","category-kreisfeuerwehrverband"],"_links":{"self":[{"href":"https:\/\/kfv-mol.de\/Wordpress\/wp-json\/wp\/v2\/posts\/71","targetHints":{"allow":["GET"]}}],"collection":[{"href":"https:\/\/kfv-mol.de\/Wordpress\/wp-json\/wp\/v2\/posts"}],"about":[{"href":"https:\/\/kfv-mol.de\/Wordpress\/wp-json\/wp\/v2\/types\/post"}],"author":[{"embeddable":true,"href":"https:\/\/kfv-mol.de\/Wordpress\/wp-json\/wp\/v2\/users\/1"}],"replies":[{"embeddable":true,"href":"https:\/\/kfv-mol.de\/Wordpress\/wp-json\/wp\/v2\/comments?post=71"}],"version-history":[{"count":0,"href":"https:\/\/kfv-mol.de\/Wordpress\/wp-json\/wp\/v2\/posts\/71\/revisions"}],"wp:attachment":[{"href":"https:\/\/kfv-mol.de\/Wordpress\/wp-json\/wp\/v2\/media?parent=71"}],"wp:term":[{"taxonomy":"category","embeddable":true,"href":"https:\/\/kfv-mol.de\/Wordpress\/wp-json\/wp\/v2\/categories?post=71"},{"taxonomy":"post_tag","embeddable":true,"href":"https:\/\/kfv-mol.de\/Wordpress\/wp-json\/wp\/v2\/tags?post=71"}],"curies":[{"name":"wp","href":"https:\/\/api.w.org\/{rel}","templated":true}]}}