{"id":6822,"date":"2023-04-18T09:20:19","date_gmt":"2023-04-18T08:20:19","guid":{"rendered":"https:\/\/kfv-mol.de\/Wordpress\/?p=6822"},"modified":"2023-04-18T09:25:05","modified_gmt":"2023-04-18T08:25:05","slug":"regionalkonferenz-abgesagt","status":"publish","type":"post","link":"https:\/\/kfv-mol.de\/Wordpress\/Artikel\/regionalkonferenz-abgesagt\/","title":{"rendered":"+++ Regionalkonferenz  in Strausberg ABGESAGT +++"},"content":{"rendered":"\n<p>Auf Grund zu weniger Anmeldungen wurde die Reginalkonferenz leider abgesagt. <\/p>\n\n\n\n<p>Wir h\u00e4tten die M\u00f6glichkeit gehabt die Zukunft mitzugestalten. <\/p>\n\n\n\n<p>Wir hoffen beim n\u00e4chsten Mal jedoch auf&nbsp;rege&nbsp;Teilnahme um gemeinsam was bewegen zu k\u00f6nnen. <\/p>\n\n\n\n<figure class=\"wp-block-image size-large\"><a href=\"https:\/\/kfv-mol.de\/Wordpress\/wp-content\/uploads\/2023\/04\/WhatsApp-Bild-2023-04-18-um-10.14.53-1.jpg\"><img decoding=\"async\" width=\"1024\" height=\"585\" data-src=\"https:\/\/kfv-mol.de\/Wordpress\/wp-content\/uploads\/2023\/04\/WhatsApp-Bild-2023-04-18-um-10.14.53-1-1024x585.jpg\" alt=\"\" class=\"wp-image-6824 lazyload\" data-srcset=\"https:\/\/kfv-mol.de\/Wordpress\/wp-content\/uploads\/2023\/04\/WhatsApp-Bild-2023-04-18-um-10.14.53-1-1024x585.jpg 1024w, https:\/\/kfv-mol.de\/Wordpress\/wp-content\/uploads\/2023\/04\/WhatsApp-Bild-2023-04-18-um-10.14.53-1-300x172.jpg 300w, https:\/\/kfv-mol.de\/Wordpress\/wp-content\/uploads\/2023\/04\/WhatsApp-Bild-2023-04-18-um-10.14.53-1-768x439.jpg 768w, https:\/\/kfv-mol.de\/Wordpress\/wp-content\/uploads\/2023\/04\/WhatsApp-Bild-2023-04-18-um-10.14.53-1-1536x878.jpg 1536w, https:\/\/kfv-mol.de\/Wordpress\/wp-content\/uploads\/2023\/04\/WhatsApp-Bild-2023-04-18-um-10.14.53-1.jpg 1875w\" data-sizes=\"(max-width: 1024px) 100vw, 1024px\" src=\"data:image\/svg+xml;base64,PHN2ZyB3aWR0aD0iMSIgaGVpZ2h0PSIxIiB4bWxucz0iaHR0cDovL3d3dy53My5vcmcvMjAwMC9zdmciPjwvc3ZnPg==\" style=\"--smush-placeholder-width: 1024px; --smush-placeholder-aspect-ratio: 1024\/585;\" \/><\/a><\/figure>\n","protected":false},"excerpt":{"rendered":"<p>Auf Grund zu weniger Anmeldungen wurde die Reginalkonferenz leider abgesagt. Wir h\u00e4tten die M\u00f6glichkeit gehabt die Zukunft mitzugestalten. Wir hoffen beim n\u00e4chsten Mal jedoch auf&nbsp;rege&nbsp;Teilnahme um gemeinsam was bewegen zu k\u00f6nnen.<\/p>\n","protected":false},"author":1,"featured_media":6218,"comment_status":"closed","ping_status":"closed","sticky":true,"template":"","format":"standard","meta":{"footnotes":""},"categories":[1],"tags":[],"class_list":["post-6822","post","type-post","status-publish","format-standard","has-post-thumbnail","hentry","category-sonstige"],"_links":{"self":[{"href":"https:\/\/kfv-mol.de\/Wordpress\/wp-json\/wp\/v2\/posts\/6822","targetHints":{"allow":["GET"]}}],"collection":[{"href":"https:\/\/kfv-mol.de\/Wordpress\/wp-json\/wp\/v2\/posts"}],"about":[{"href":"https:\/\/kfv-mol.de\/Wordpress\/wp-json\/wp\/v2\/types\/post"}],"author":[{"embeddable":true,"href":"https:\/\/kfv-mol.de\/Wordpress\/wp-json\/wp\/v2\/users\/1"}],"replies":[{"embeddable":true,"href":"https:\/\/kfv-mol.de\/Wordpress\/wp-json\/wp\/v2\/comments?post=6822"}],"version-history":[{"count":3,"href":"https:\/\/kfv-mol.de\/Wordpress\/wp-json\/wp\/v2\/posts\/6822\/revisions"}],"predecessor-version":[{"id":6829,"href":"https:\/\/kfv-mol.de\/Wordpress\/wp-json\/wp\/v2\/posts\/6822\/revisions\/6829"}],"wp:featuredmedia":[{"embeddable":true,"href":"https:\/\/kfv-mol.de\/Wordpress\/wp-json\/wp\/v2\/media\/6218"}],"wp:attachment":[{"href":"https:\/\/kfv-mol.de\/Wordpress\/wp-json\/wp\/v2\/media?parent=6822"}],"wp:term":[{"taxonomy":"category","embeddable":true,"href":"https:\/\/kfv-mol.de\/Wordpress\/wp-json\/wp\/v2\/categories?post=6822"},{"taxonomy":"post_tag","embeddable":true,"href":"https:\/\/kfv-mol.de\/Wordpress\/wp-json\/wp\/v2\/tags?post=6822"}],"curies":[{"name":"wp","href":"https:\/\/api.w.org\/{rel}","templated":true}]}}