{"id":6424,"date":"2023-03-10T11:02:37","date_gmt":"2023-03-10T10:02:37","guid":{"rendered":"https:\/\/kfv-mol.de\/Wordpress\/?p=6424"},"modified":"2023-03-27T19:18:05","modified_gmt":"2023-03-27T18:18:05","slug":"einer-von-uns","status":"publish","type":"post","link":"https:\/\/kfv-mol.de\/Wordpress\/Artikel\/einer-von-uns\/","title":{"rendered":"Einer von uns!"},"content":{"rendered":"\n<p>Hilfe f\u00fcr Familie von Krebskrankem Kameraden<\/p>\n\n\n\n<p>32 J\u00e4hriger Familienvater, im Dienste der Freiwilligen Feuerwehr, und sehr guter Freund hat vor ca. einem halben Jahr die Diagnose Krebs erhalten. Seit zwei Tagen ist klar, dass die Immuntherapie nicht angeschlagen hat. Die jetzt folgende Chemotherapie ist laut Aussage der \u00c4rzte nur noch eine Lebensverl\u00e4ngernde Ma\u00dfnahme. Er l\u00e4sst dann seine Freundin und drei Kinder zur\u00fcck. Wir w\u00fcrden uns sehr freuen, wenn so viele Spenden wie m\u00f6glich f\u00fcr die kleine Familie zusammen kommen w\u00fcrden und sie die letzten Tage, Wochen oder Monate noch Zusammen genie\u00dfen&nbsp;k\u00f6nnen.<\/p>\n\n\n\n<p><a href=\"https:\/\/www.paypal.com\/pools\/c\/8SaOtHLIB1\">https:\/\/www.paypal.com\/pools\/c\/8SaOtHLIB1<\/a><\/p>\n\n\n\n<p>#gemeinsamstark #f\u00fcreinanderda #einervonuns<\/p>\n\n\n\n<figure class=\"wp-block-image size-large is-resized\"><a href=\"https:\/\/kfv-mol.de\/Wordpress\/wp-content\/uploads\/2023\/03\/WhatsApp-Bild-2023-03-10-um-11.00.23.jpg\"><img decoding=\"async\" data-src=\"https:\/\/kfv-mol.de\/Wordpress\/wp-content\/uploads\/2023\/03\/WhatsApp-Bild-2023-03-10-um-11.00.23-1024x683.jpg\" alt=\"\" class=\"wp-image-6425 lazyload\" width=\"456\" height=\"304\" data-srcset=\"https:\/\/kfv-mol.de\/Wordpress\/wp-content\/uploads\/2023\/03\/WhatsApp-Bild-2023-03-10-um-11.00.23-1024x683.jpg 1024w, https:\/\/kfv-mol.de\/Wordpress\/wp-content\/uploads\/2023\/03\/WhatsApp-Bild-2023-03-10-um-11.00.23-300x200.jpg 300w, https:\/\/kfv-mol.de\/Wordpress\/wp-content\/uploads\/2023\/03\/WhatsApp-Bild-2023-03-10-um-11.00.23-768x512.jpg 768w, https:\/\/kfv-mol.de\/Wordpress\/wp-content\/uploads\/2023\/03\/WhatsApp-Bild-2023-03-10-um-11.00.23-1536x1024.jpg 1536w, https:\/\/kfv-mol.de\/Wordpress\/wp-content\/uploads\/2023\/03\/WhatsApp-Bild-2023-03-10-um-11.00.23.jpg 1732w\" data-sizes=\"(max-width: 456px) 100vw, 456px\" src=\"data:image\/svg+xml;base64,PHN2ZyB3aWR0aD0iMSIgaGVpZ2h0PSIxIiB4bWxucz0iaHR0cDovL3d3dy53My5vcmcvMjAwMC9zdmciPjwvc3ZnPg==\" style=\"--smush-placeholder-width: 456px; --smush-placeholder-aspect-ratio: 456\/304;\" \/><\/a><\/figure>\n","protected":false},"excerpt":{"rendered":"<p>Hilfe f\u00fcr Familie von Krebskrankem Kameraden 32 J\u00e4hriger Familienvater, im Dienste der Freiwilligen Feuerwehr, und sehr guter Freund hat vor ca. einem halben Jahr die Diagnose Krebs erhalten. Seit zwei Tagen ist klar, dass die Immuntherapie nicht angeschlagen hat. Die jetzt folgende Chemotherapie ist laut Aussage der \u00c4rzte nur noch eine Lebensverl\u00e4ngernde Ma\u00dfnahme. Er l\u00e4sst [&hellip;]<\/p>\n","protected":false},"author":1,"featured_media":6425,"comment_status":"closed","ping_status":"closed","sticky":false,"template":"","format":"standard","meta":{"footnotes":""},"categories":[1],"tags":[],"class_list":["post-6424","post","type-post","status-publish","format-standard","has-post-thumbnail","hentry","category-sonstige"],"_links":{"self":[{"href":"https:\/\/kfv-mol.de\/Wordpress\/wp-json\/wp\/v2\/posts\/6424","targetHints":{"allow":["GET"]}}],"collection":[{"href":"https:\/\/kfv-mol.de\/Wordpress\/wp-json\/wp\/v2\/posts"}],"about":[{"href":"https:\/\/kfv-mol.de\/Wordpress\/wp-json\/wp\/v2\/types\/post"}],"author":[{"embeddable":true,"href":"https:\/\/kfv-mol.de\/Wordpress\/wp-json\/wp\/v2\/users\/1"}],"replies":[{"embeddable":true,"href":"https:\/\/kfv-mol.de\/Wordpress\/wp-json\/wp\/v2\/comments?post=6424"}],"version-history":[{"count":0,"href":"https:\/\/kfv-mol.de\/Wordpress\/wp-json\/wp\/v2\/posts\/6424\/revisions"}],"wp:featuredmedia":[{"embeddable":true,"href":"https:\/\/kfv-mol.de\/Wordpress\/wp-json\/wp\/v2\/media\/6425"}],"wp:attachment":[{"href":"https:\/\/kfv-mol.de\/Wordpress\/wp-json\/wp\/v2\/media?parent=6424"}],"wp:term":[{"taxonomy":"category","embeddable":true,"href":"https:\/\/kfv-mol.de\/Wordpress\/wp-json\/wp\/v2\/categories?post=6424"},{"taxonomy":"post_tag","embeddable":true,"href":"https:\/\/kfv-mol.de\/Wordpress\/wp-json\/wp\/v2\/tags?post=6424"}],"curies":[{"name":"wp","href":"https:\/\/api.w.org\/{rel}","templated":true}]}}