{"id":6314,"date":"2023-01-04T13:46:58","date_gmt":"2023-01-04T12:46:58","guid":{"rendered":"https:\/\/kfv-mol.de\/Wordpress\/?p=6314"},"modified":"2023-01-29T15:13:32","modified_gmt":"2023-01-29T14:13:32","slug":"wir-erweisen-die-letzte-ehre-17","status":"publish","type":"post","link":"https:\/\/kfv-mol.de\/Wordpress\/Artikel\/wir-erweisen-die-letzte-ehre-17\/","title":{"rendered":"Wir erweisen die letzte Ehre!"},"content":{"rendered":"\n<p>Auch im November und Dezember 2022 sind leider wieder Kameraden aus unseren Reihen gegangen. <\/p>\n\n\n\n<p>Wir bedanken uns f\u00fcr die engagierte und langj\u00e4hrige Mitwirkung im Brand- und Katastrophenschutz im LK M\u00e4rkisch-Oderland und dr\u00fccken den Angeh\u00f6rigen unser tiefstes Mitgef\u00fchl aus. <\/p>\n\n\n\n<figure class=\"wp-block-image size-large\"><a href=\"https:\/\/kfv-mol.de\/Wordpress\/wp-content\/uploads\/2023\/01\/Picsart_23-01-04_13-39-15-328-scaled.jpg\"><img decoding=\"async\" width=\"1024\" height=\"683\" data-src=\"https:\/\/kfv-mol.de\/Wordpress\/wp-content\/uploads\/2023\/01\/Picsart_23-01-04_13-39-15-328-1024x683.jpg\" alt=\"\" class=\"wp-image-6315 lazyload\" data-srcset=\"https:\/\/kfv-mol.de\/Wordpress\/wp-content\/uploads\/2023\/01\/Picsart_23-01-04_13-39-15-328-1024x683.jpg 1024w, https:\/\/kfv-mol.de\/Wordpress\/wp-content\/uploads\/2023\/01\/Picsart_23-01-04_13-39-15-328-300x200.jpg 300w, https:\/\/kfv-mol.de\/Wordpress\/wp-content\/uploads\/2023\/01\/Picsart_23-01-04_13-39-15-328-768x512.jpg 768w, https:\/\/kfv-mol.de\/Wordpress\/wp-content\/uploads\/2023\/01\/Picsart_23-01-04_13-39-15-328-1536x1024.jpg 1536w, https:\/\/kfv-mol.de\/Wordpress\/wp-content\/uploads\/2023\/01\/Picsart_23-01-04_13-39-15-328-2048x1365.jpg 2048w\" data-sizes=\"(max-width: 1024px) 100vw, 1024px\" src=\"data:image\/svg+xml;base64,PHN2ZyB3aWR0aD0iMSIgaGVpZ2h0PSIxIiB4bWxucz0iaHR0cDovL3d3dy53My5vcmcvMjAwMC9zdmciPjwvc3ZnPg==\" style=\"--smush-placeholder-width: 1024px; --smush-placeholder-aspect-ratio: 1024\/683;\" \/><\/a><\/figure>\n","protected":false},"excerpt":{"rendered":"<p>Auch im November und Dezember 2022 sind leider wieder Kameraden aus unseren Reihen gegangen. Wir bedanken uns f\u00fcr die engagierte und langj\u00e4hrige Mitwirkung im Brand- und Katastrophenschutz im LK M\u00e4rkisch-Oderland und dr\u00fccken den Angeh\u00f6rigen unser tiefstes Mitgef\u00fchl aus.<\/p>\n","protected":false},"author":1,"featured_media":6315,"comment_status":"closed","ping_status":"closed","sticky":false,"template":"","format":"standard","meta":{"footnotes":""},"categories":[4,18],"tags":[],"class_list":["post-6314","post","type-post","status-publish","format-standard","has-post-thumbnail","hentry","category-kreisfeuerwehrverband","category-trauerbekundung"],"_links":{"self":[{"href":"https:\/\/kfv-mol.de\/Wordpress\/wp-json\/wp\/v2\/posts\/6314","targetHints":{"allow":["GET"]}}],"collection":[{"href":"https:\/\/kfv-mol.de\/Wordpress\/wp-json\/wp\/v2\/posts"}],"about":[{"href":"https:\/\/kfv-mol.de\/Wordpress\/wp-json\/wp\/v2\/types\/post"}],"author":[{"embeddable":true,"href":"https:\/\/kfv-mol.de\/Wordpress\/wp-json\/wp\/v2\/users\/1"}],"replies":[{"embeddable":true,"href":"https:\/\/kfv-mol.de\/Wordpress\/wp-json\/wp\/v2\/comments?post=6314"}],"version-history":[{"count":0,"href":"https:\/\/kfv-mol.de\/Wordpress\/wp-json\/wp\/v2\/posts\/6314\/revisions"}],"wp:featuredmedia":[{"embeddable":true,"href":"https:\/\/kfv-mol.de\/Wordpress\/wp-json\/wp\/v2\/media\/6315"}],"wp:attachment":[{"href":"https:\/\/kfv-mol.de\/Wordpress\/wp-json\/wp\/v2\/media?parent=6314"}],"wp:term":[{"taxonomy":"category","embeddable":true,"href":"https:\/\/kfv-mol.de\/Wordpress\/wp-json\/wp\/v2\/categories?post=6314"},{"taxonomy":"post_tag","embeddable":true,"href":"https:\/\/kfv-mol.de\/Wordpress\/wp-json\/wp\/v2\/tags?post=6314"}],"curies":[{"name":"wp","href":"https:\/\/api.w.org\/{rel}","templated":true}]}}