{"id":6309,"date":"2023-01-04T13:25:56","date_gmt":"2023-01-04T12:25:56","guid":{"rendered":"https:\/\/kfv-mol.de\/Wordpress\/?p=6309"},"modified":"2023-01-29T15:15:11","modified_gmt":"2023-01-29T14:15:11","slug":"30-jahre-thw-seelow-2","status":"publish","type":"post","link":"https:\/\/kfv-mol.de\/Wordpress\/Artikel\/30-jahre-thw-seelow-2\/","title":{"rendered":"30 Jahre THW Seelow"},"content":{"rendered":"\n<h1 class=\"wp-block-heading\">Herzlichen Gl\u00fcckwunsch!<\/h1>\n\n\n\n<p>+++ Nachtrag +++<\/p>\n\n\n\n<p>Besuch in der Liegenschaft des THW&nbsp;OV&nbsp;Seelow zum 30 j\u00e4hrigen Bestehen<\/p>\n\n\n\n<p>Besuch der Kameraden des Kreisfeuerwehrverband M\u00e4rkisch-Oderland kurz vor Jahreswechsel.<\/p>\n\n\n\n<p>Leider konnten wir aus dienstlichen Gr\u00fcnden nicht pers\u00f6nlich an der Jubil\u00e4umsveranstaltung anl\u00e4sslich des 30 j\u00e4hrigen Bestehens des THW Ortsverbandes Seelow teilnehmen. Somit wurde es nun am 30.12.22 nachgeholt. Wir konnten auch neue Projekte der Partnerschaft und Zusammenarbeit im Katastrophenschutz f\u00fcr 2023 schmieden und auch ein kleines Geschenk \u00fcberreichen.<\/p>\n\n\n\n<p> Es bleibt weiter spannend und wir freuen und auf ein gemeinsames Jahr 2023. <\/p>\n\n\n\n<figure class=\"wp-block-gallery has-nested-images columns-default is-cropped wp-block-gallery-1 is-layout-flex wp-block-gallery-is-layout-flex\">\n<figure class=\"wp-block-image size-large\"><a href=\"https:\/\/kfv-mol.de\/Wordpress\/wp-content\/uploads\/2023\/01\/IMG-20221231-WA0001.jpg\"><img decoding=\"async\" width=\"1024\" height=\"768\" data-id=\"6310\" data-src=\"https:\/\/kfv-mol.de\/Wordpress\/wp-content\/uploads\/2023\/01\/IMG-20221231-WA0001-1024x768.jpg\" alt=\"\" class=\"wp-image-6310 lazyload\" data-srcset=\"https:\/\/kfv-mol.de\/Wordpress\/wp-content\/uploads\/2023\/01\/IMG-20221231-WA0001-1024x768.jpg 1024w, https:\/\/kfv-mol.de\/Wordpress\/wp-content\/uploads\/2023\/01\/IMG-20221231-WA0001-300x225.jpg 300w, https:\/\/kfv-mol.de\/Wordpress\/wp-content\/uploads\/2023\/01\/IMG-20221231-WA0001-768x576.jpg 768w, https:\/\/kfv-mol.de\/Wordpress\/wp-content\/uploads\/2023\/01\/IMG-20221231-WA0001-1536x1152.jpg 1536w, https:\/\/kfv-mol.de\/Wordpress\/wp-content\/uploads\/2023\/01\/IMG-20221231-WA0001.jpg 1600w\" data-sizes=\"(max-width: 1024px) 100vw, 1024px\" src=\"data:image\/svg+xml;base64,PHN2ZyB3aWR0aD0iMSIgaGVpZ2h0PSIxIiB4bWxucz0iaHR0cDovL3d3dy53My5vcmcvMjAwMC9zdmciPjwvc3ZnPg==\" style=\"--smush-placeholder-width: 1024px; --smush-placeholder-aspect-ratio: 1024\/768;\" \/><\/a><figcaption class=\"wp-element-caption\">\u00dcbergabe der GEschenke<\/figcaption><\/figure>\n<\/figure>\n\n\n\n<figure class=\"wp-block-gallery has-nested-images columns-default is-cropped wp-block-gallery-2 is-layout-flex wp-block-gallery-is-layout-flex\">\n<figure class=\"wp-block-image size-large\"><a href=\"https:\/\/kfv-mol.de\/Wordpress\/wp-content\/uploads\/2023\/01\/IMG-20221231-WA0000.jpg\"><img decoding=\"async\" width=\"1024\" height=\"768\" data-id=\"6311\" data-src=\"https:\/\/kfv-mol.de\/Wordpress\/wp-content\/uploads\/2023\/01\/IMG-20221231-WA0000-1024x768.jpg\" alt=\"\" class=\"wp-image-6311 lazyload\" data-srcset=\"https:\/\/kfv-mol.de\/Wordpress\/wp-content\/uploads\/2023\/01\/IMG-20221231-WA0000-1024x768.jpg 1024w, https:\/\/kfv-mol.de\/Wordpress\/wp-content\/uploads\/2023\/01\/IMG-20221231-WA0000-300x225.jpg 300w, https:\/\/kfv-mol.de\/Wordpress\/wp-content\/uploads\/2023\/01\/IMG-20221231-WA0000-768x576.jpg 768w, https:\/\/kfv-mol.de\/Wordpress\/wp-content\/uploads\/2023\/01\/IMG-20221231-WA0000-1536x1152.jpg 1536w, https:\/\/kfv-mol.de\/Wordpress\/wp-content\/uploads\/2023\/01\/IMG-20221231-WA0000.jpg 1600w\" data-sizes=\"(max-width: 1024px) 100vw, 1024px\" src=\"data:image\/svg+xml;base64,PHN2ZyB3aWR0aD0iMSIgaGVpZ2h0PSIxIiB4bWxucz0iaHR0cDovL3d3dy53My5vcmcvMjAwMC9zdmciPjwvc3ZnPg==\" style=\"--smush-placeholder-width: 1024px; --smush-placeholder-aspect-ratio: 1024\/768;\" \/><\/a><figcaption class=\"wp-element-caption\">Besprechung f\u00fcr weitere gemeinsame Projekte<\/figcaption><\/figure>\n<\/figure>\n","protected":false},"excerpt":{"rendered":"<p>Herzlichen Gl\u00fcckwunsch! +++ Nachtrag +++ Besuch in der Liegenschaft des THW&nbsp;OV&nbsp;Seelow zum 30 j\u00e4hrigen Bestehen Besuch der Kameraden des Kreisfeuerwehrverband M\u00e4rkisch-Oderland kurz vor Jahreswechsel. Leider konnten wir aus dienstlichen Gr\u00fcnden nicht pers\u00f6nlich an der Jubil\u00e4umsveranstaltung anl\u00e4sslich des 30 j\u00e4hrigen Bestehens des THW Ortsverbandes Seelow teilnehmen. Somit wurde es nun am 30.12.22 nachgeholt. Wir konnten auch [&hellip;]<\/p>\n","protected":false},"author":1,"featured_media":6310,"comment_status":"closed","ping_status":"closed","sticky":false,"template":"","format":"standard","meta":{"footnotes":""},"categories":[20],"tags":[],"class_list":["post-6309","post","type-post","status-publish","format-standard","has-post-thumbnail","hentry","category-jubilaeum"],"_links":{"self":[{"href":"https:\/\/kfv-mol.de\/Wordpress\/wp-json\/wp\/v2\/posts\/6309","targetHints":{"allow":["GET"]}}],"collection":[{"href":"https:\/\/kfv-mol.de\/Wordpress\/wp-json\/wp\/v2\/posts"}],"about":[{"href":"https:\/\/kfv-mol.de\/Wordpress\/wp-json\/wp\/v2\/types\/post"}],"author":[{"embeddable":true,"href":"https:\/\/kfv-mol.de\/Wordpress\/wp-json\/wp\/v2\/users\/1"}],"replies":[{"embeddable":true,"href":"https:\/\/kfv-mol.de\/Wordpress\/wp-json\/wp\/v2\/comments?post=6309"}],"version-history":[{"count":0,"href":"https:\/\/kfv-mol.de\/Wordpress\/wp-json\/wp\/v2\/posts\/6309\/revisions"}],"wp:featuredmedia":[{"embeddable":true,"href":"https:\/\/kfv-mol.de\/Wordpress\/wp-json\/wp\/v2\/media\/6310"}],"wp:attachment":[{"href":"https:\/\/kfv-mol.de\/Wordpress\/wp-json\/wp\/v2\/media?parent=6309"}],"wp:term":[{"taxonomy":"category","embeddable":true,"href":"https:\/\/kfv-mol.de\/Wordpress\/wp-json\/wp\/v2\/categories?post=6309"},{"taxonomy":"post_tag","embeddable":true,"href":"https:\/\/kfv-mol.de\/Wordpress\/wp-json\/wp\/v2\/tags?post=6309"}],"curies":[{"name":"wp","href":"https:\/\/api.w.org\/{rel}","templated":true}]}}