{"id":6301,"date":"2022-12-23T15:25:48","date_gmt":"2022-12-23T14:25:48","guid":{"rendered":"https:\/\/kfv-mol.de\/Wordpress\/?p=6301"},"modified":"2023-01-29T15:08:05","modified_gmt":"2023-01-29T14:08:05","slug":"frohe-weihnachten-4","status":"publish","type":"post","link":"https:\/\/kfv-mol.de\/Wordpress\/Artikel\/frohe-weihnachten-4\/","title":{"rendered":"Frohe Weihnachten"},"content":{"rendered":"\n<figure class=\"wp-block-image size-large\"><a href=\"https:\/\/kfv-mol.de\/Wordpress\/wp-content\/uploads\/2022\/12\/WhatsApp-Bild-2022-12-23-um-15.22.35.jpg\"><img decoding=\"async\" width=\"1024\" height=\"683\" data-src=\"https:\/\/kfv-mol.de\/Wordpress\/wp-content\/uploads\/2022\/12\/WhatsApp-Bild-2022-12-23-um-15.22.35-1024x683.jpg\" alt=\"\" class=\"wp-image-6302 lazyload\" data-srcset=\"https:\/\/kfv-mol.de\/Wordpress\/wp-content\/uploads\/2022\/12\/WhatsApp-Bild-2022-12-23-um-15.22.35-1024x683.jpg 1024w, https:\/\/kfv-mol.de\/Wordpress\/wp-content\/uploads\/2022\/12\/WhatsApp-Bild-2022-12-23-um-15.22.35-300x200.jpg 300w, https:\/\/kfv-mol.de\/Wordpress\/wp-content\/uploads\/2022\/12\/WhatsApp-Bild-2022-12-23-um-15.22.35-768x512.jpg 768w, https:\/\/kfv-mol.de\/Wordpress\/wp-content\/uploads\/2022\/12\/WhatsApp-Bild-2022-12-23-um-15.22.35-1536x1024.jpg 1536w, https:\/\/kfv-mol.de\/Wordpress\/wp-content\/uploads\/2022\/12\/WhatsApp-Bild-2022-12-23-um-15.22.35.jpg 1600w\" data-sizes=\"(max-width: 1024px) 100vw, 1024px\" src=\"data:image\/svg+xml;base64,PHN2ZyB3aWR0aD0iMSIgaGVpZ2h0PSIxIiB4bWxucz0iaHR0cDovL3d3dy53My5vcmcvMjAwMC9zdmciPjwvc3ZnPg==\" style=\"--smush-placeholder-width: 1024px; --smush-placeholder-aspect-ratio: 1024\/683;\" \/><\/a><\/figure>\n\n\n\n<p>Werte Kamerad*innen,<\/p>\n\n\n\n<p>das Jahr neigt sich dem Ende und es stehen die Weihnachtsfeiertage vor der T\u00fcr.<\/p>\n\n\n\n<p>Ich m\u00f6chte es nicht vers\u00e4umen, Euch im Namen des Kreisfeuerwehrverbandes M\u00e4rkisch-Oderland frohe, ruhige und besinnliche Weihnachtstage zu w\u00fcnschen.<\/p>\n\n\n\n<p>Werte Angeh\u00f6rige und Familien,<\/p>\n\n\n\n<p>nicht vergessen m\u00f6chte ich an dieser Stelle die W\u00fcnsche an Euch als Angeh\u00f6rige und Familien zu richten. Ich m\u00f6chte all denen danken, die f\u00fcr das Ehrenamt Freiwillige Feuerwehr, das Verst\u00e4ndnis, die Geduld und das Einsehen aufbringen, die verzichten, wenn die Kamerad*innen an Eins\u00e4tzen und Ausbildungen teilnehmen.<\/p>\n\n\n\n<p>Werte Arbeitgeber, Partner und Sponsoren,<\/p>\n\n\n\n<p>der Dank gilt ebenfalls Ihnen, den Arbeitgebern, die es \u00fcberhaupt erm\u00f6glichen, dass es tags\u00fcber m\u00f6glich ist, eine Einsatzbereitschaft sicherzustellen. Sie entbehren Ihre Mitarbeiter und manche Arbeit muss m\u00fchsam nachgeholt werden. Ihnen, die den Wert der ehrenamtlichen T\u00e4tigkeit sch\u00e4tzen und eigene Unannehmlichkeiten in Kauf nehmen, m\u00f6chte ich einen herzlichen Dank aussprechen.<\/p>\n\n\n\n<p>Dank an die Partner und Sponsoren, ohne Ihre Unterst\u00fctzung w\u00e4re manches nicht m\u00f6glich. Ob es eine finanzielle oder materielle Unterst\u00fctzung ist, wenn man das Gro\u00dfe und Ganze betrachtet, fast nebens\u00e4chlich. Es ist die Geste, die z\u00e4hlt. Es ist das Geben, um etwas Erhaltenes zu w\u00fcrdigen. Diesen Dank gilt es auszusprechen mit der Bitte, uns auch weiterhin zu unterst\u00fctzen.<\/p>\n\n\n\n<p>Das Jahr 2022 war ein besonderes Jahr.<\/p>\n\n\n\n<p>Nachdem man am Anfang des Jahres noch mit gravierenden Einschr\u00e4nkungen im \u00f6ffentlichen und pers\u00f6nlichen Leben zurechtkommen musste, kam im Laufe des Jahres die ersehnte Freiheit zur\u00fcck. Trotzdem musste man feststellen, dass die Zeit mit Corona vieles ver\u00e4ndert hat.<br>Die Kameradschaft in den Feuerwehren ist irgendwie anders, distanziert, man geht auf einmal anders miteinander um. Man redet nicht mehr und dies f\u00fchrt unweigerlich zu Spannungen und Konflikten.<\/p>\n\n\n\n<p>Nutzt bitte die Tage der Besinnlichkeit, um Euch zu erinnern, erinnern an die wahren Werte, um die es uns allen geht. Nutzt die Gelegenheit, schaut in das warme Licht der Kerzen, geht in Euch und stellt die Frage: \u201eGeht es eigentlich noch um die Sache oder geht es nur noch um mich?\u201c.<\/p>\n\n\n\n<p>Lasst uns zur\u00fcckkommen, lasst uns kameradschaftlich miteinander umgehen. Sprecht wieder miteinander, sagt dem gegen\u00fcber offen, was Ihr denkt und ganz wichtig warum Ihr so denkt.<br>Bringt einander Verst\u00e4ndnis auf und teilt, teilt Eure gemeinschaftliche Leidenschaft, die Feuerwehr mit all ihren Facetten.<br>F\u00fchrt Euch vor Augen: \u201eEin ICH bringt keinen weiter, nur ein WIR!\u201c.<\/p>\n\n\n\n<p>Wenn wir gemeinsam einen Weg gehen, haben wir den Kopf frei und k\u00f6nnen unsere eigenen Sorgen viel besser bew\u00e4ltigen. Wir sprechen von gestiegenen Preisen, ob Energie, Lebensmittel, Benzin\u2026<br>Wir sprechen von Krieg in Europa, von globaler Erw\u00e4rmung und vielen Dingen mehr.<br>Wer kann noch unbeschwert durchs Leben gehen?<br>Wer fragt sich nicht, wie es morgen weitergeht?<\/p>\n\n\n\n<p>Nutzt die Kraft der Kameradschaft, der Gemeinschaft, um den Sorgen des Alltags zumindest f\u00fcr einen kurzen Moment zu entkommen.<\/p>\n\n\n\n<p>Genie\u00dft die Feiertage, bleibt gesund und ich hoffe f\u00fcr alle, dass die Anzahl der Eins\u00e4tze so gering wie m\u00f6glich bleibt.<br>Wenn Ihr dennoch anderen zur Hilfe eilen m\u00fcsst, kommt heil wieder nach Hause und genie\u00dft die Zeit mit Euern Liebsten.<\/p>\n\n\n\n<p>Jens G\u00f6tze<br>Vorsitzender des<br>Kreisfeuerwehrverband M\u00e4rkisch-Oderland<\/p>\n\n\n\n\n","protected":false},"excerpt":{"rendered":"<p>Werte Kamerad*innen, das Jahr neigt sich dem Ende und es stehen die Weihnachtsfeiertage vor der T\u00fcr. Ich m\u00f6chte es nicht vers\u00e4umen, Euch im Namen des Kreisfeuerwehrverbandes M\u00e4rkisch-Oderland frohe, ruhige und besinnliche Weihnachtstage zu w\u00fcnschen. Werte Angeh\u00f6rige und Familien, nicht vergessen m\u00f6chte ich an dieser Stelle die W\u00fcnsche an Euch als Angeh\u00f6rige und Familien zu richten. [&hellip;]<\/p>\n","protected":false},"author":1,"featured_media":6302,"comment_status":"closed","ping_status":"closed","sticky":false,"template":"","format":"standard","meta":{"footnotes":""},"categories":[4],"tags":[],"class_list":["post-6301","post","type-post","status-publish","format-standard","has-post-thumbnail","hentry","category-kreisfeuerwehrverband"],"_links":{"self":[{"href":"https:\/\/kfv-mol.de\/Wordpress\/wp-json\/wp\/v2\/posts\/6301","targetHints":{"allow":["GET"]}}],"collection":[{"href":"https:\/\/kfv-mol.de\/Wordpress\/wp-json\/wp\/v2\/posts"}],"about":[{"href":"https:\/\/kfv-mol.de\/Wordpress\/wp-json\/wp\/v2\/types\/post"}],"author":[{"embeddable":true,"href":"https:\/\/kfv-mol.de\/Wordpress\/wp-json\/wp\/v2\/users\/1"}],"replies":[{"embeddable":true,"href":"https:\/\/kfv-mol.de\/Wordpress\/wp-json\/wp\/v2\/comments?post=6301"}],"version-history":[{"count":0,"href":"https:\/\/kfv-mol.de\/Wordpress\/wp-json\/wp\/v2\/posts\/6301\/revisions"}],"wp:featuredmedia":[{"embeddable":true,"href":"https:\/\/kfv-mol.de\/Wordpress\/wp-json\/wp\/v2\/media\/6302"}],"wp:attachment":[{"href":"https:\/\/kfv-mol.de\/Wordpress\/wp-json\/wp\/v2\/media?parent=6301"}],"wp:term":[{"taxonomy":"category","embeddable":true,"href":"https:\/\/kfv-mol.de\/Wordpress\/wp-json\/wp\/v2\/categories?post=6301"},{"taxonomy":"post_tag","embeddable":true,"href":"https:\/\/kfv-mol.de\/Wordpress\/wp-json\/wp\/v2\/tags?post=6301"}],"curies":[{"name":"wp","href":"https:\/\/api.w.org\/{rel}","templated":true}]}}