{"id":6274,"date":"2022-12-22T11:06:13","date_gmt":"2022-12-22T10:06:13","guid":{"rendered":"https:\/\/kfv-mol.de\/Wordpress\/?p=6274"},"modified":"2023-01-29T15:15:28","modified_gmt":"2023-01-29T14:15:28","slug":"60-geburtstag-des-fa-leiters-alters-und-ehrenmitglieder","status":"publish","type":"post","link":"https:\/\/kfv-mol.de\/Wordpress\/Artikel\/60-geburtstag-des-fa-leiters-alters-und-ehrenmitglieder\/","title":{"rendered":"60. Geburtstag des FA-Leiters &#8222;Alters-und Ehrenmitglieder&#8220;"},"content":{"rendered":"\n<p>In den Alters- und Ehrenabteilungen der Freiwilligen Feuerwehren des Landkreises MOL sind \u00fcber 900 ehemalige Einsatz- und F\u00fchrungskr\u00e4fte der Feuerwehr organisiert. Die kreisliche Dachorganisation ist der Fachausschuss &#8222;Alters- und Ehrenmitglieder&#8220; im Kreisfeuerwehrverband M\u00e4rkisch-Oderland e.V.<\/p>\n\n\n\n<p>Seit 2018 wird der Fachausschuss von Uwe Pranzner von der Ortsfeuerwehr Herzfelde gef\u00fchrt und im Vorstand des KFV vertreten. Am 21. Dezember 2022 beging Uwe Pranzner seinen 60. Geburtstag im Kreise seiner Familie und seiner Kameraden im Ger\u00e4tehaus Herzfelde. Es gratulierten auch Kameraden des Fachausschusses und ehemalige Vorstandsmitglieder.<\/p>\n\n\n\n<figure class=\"wp-block-image size-large\"><a href=\"https:\/\/kfv-mol.de\/Wordpress\/wp-content\/uploads\/2022\/12\/Uwe60-1-scaled.jpg\"><img decoding=\"async\" width=\"1024\" height=\"683\" data-src=\"https:\/\/kfv-mol.de\/Wordpress\/wp-content\/uploads\/2022\/12\/Uwe60-1-1024x683.jpg\" alt=\"\" class=\"wp-image-6275 lazyload\" data-srcset=\"https:\/\/kfv-mol.de\/Wordpress\/wp-content\/uploads\/2022\/12\/Uwe60-1-1024x683.jpg 1024w, https:\/\/kfv-mol.de\/Wordpress\/wp-content\/uploads\/2022\/12\/Uwe60-1-300x200.jpg 300w, https:\/\/kfv-mol.de\/Wordpress\/wp-content\/uploads\/2022\/12\/Uwe60-1-768x512.jpg 768w, https:\/\/kfv-mol.de\/Wordpress\/wp-content\/uploads\/2022\/12\/Uwe60-1-1536x1024.jpg 1536w, https:\/\/kfv-mol.de\/Wordpress\/wp-content\/uploads\/2022\/12\/Uwe60-1-2048x1365.jpg 2048w\" data-sizes=\"(max-width: 1024px) 100vw, 1024px\" src=\"data:image\/svg+xml;base64,PHN2ZyB3aWR0aD0iMSIgaGVpZ2h0PSIxIiB4bWxucz0iaHR0cDovL3d3dy53My5vcmcvMjAwMC9zdmciPjwvc3ZnPg==\" style=\"--smush-placeholder-width: 1024px; --smush-placeholder-aspect-ratio: 1024\/683;\" \/><\/a><\/figure>\n","protected":false},"excerpt":{"rendered":"<p>In den Alters- und Ehrenabteilungen der Freiwilligen Feuerwehren des Landkreises MOL sind \u00fcber 900 ehemalige Einsatz- und F\u00fchrungskr\u00e4fte der Feuerwehr organisiert. Die kreisliche Dachorganisation ist der Fachausschuss &#8222;Alters- und Ehrenmitglieder&#8220; im Kreisfeuerwehrverband M\u00e4rkisch-Oderland e.V. Seit 2018 wird der Fachausschuss von Uwe Pranzner von der Ortsfeuerwehr Herzfelde gef\u00fchrt und im Vorstand des KFV vertreten. Am 21. [&hellip;]<\/p>\n","protected":false},"author":3,"featured_media":6276,"comment_status":"closed","ping_status":"closed","sticky":false,"template":"","format":"standard","meta":{"footnotes":""},"categories":[22,4],"tags":[],"class_list":["post-6274","post","type-post","status-publish","format-standard","has-post-thumbnail","hentry","category-geburtstage-kreisfeuerwehrverband","category-kreisfeuerwehrverband"],"_links":{"self":[{"href":"https:\/\/kfv-mol.de\/Wordpress\/wp-json\/wp\/v2\/posts\/6274","targetHints":{"allow":["GET"]}}],"collection":[{"href":"https:\/\/kfv-mol.de\/Wordpress\/wp-json\/wp\/v2\/posts"}],"about":[{"href":"https:\/\/kfv-mol.de\/Wordpress\/wp-json\/wp\/v2\/types\/post"}],"author":[{"embeddable":true,"href":"https:\/\/kfv-mol.de\/Wordpress\/wp-json\/wp\/v2\/users\/3"}],"replies":[{"embeddable":true,"href":"https:\/\/kfv-mol.de\/Wordpress\/wp-json\/wp\/v2\/comments?post=6274"}],"version-history":[{"count":0,"href":"https:\/\/kfv-mol.de\/Wordpress\/wp-json\/wp\/v2\/posts\/6274\/revisions"}],"wp:featuredmedia":[{"embeddable":true,"href":"https:\/\/kfv-mol.de\/Wordpress\/wp-json\/wp\/v2\/media\/6276"}],"wp:attachment":[{"href":"https:\/\/kfv-mol.de\/Wordpress\/wp-json\/wp\/v2\/media?parent=6274"}],"wp:term":[{"taxonomy":"category","embeddable":true,"href":"https:\/\/kfv-mol.de\/Wordpress\/wp-json\/wp\/v2\/categories?post=6274"},{"taxonomy":"post_tag","embeddable":true,"href":"https:\/\/kfv-mol.de\/Wordpress\/wp-json\/wp\/v2\/tags?post=6274"}],"curies":[{"name":"wp","href":"https:\/\/api.w.org\/{rel}","templated":true}]}}