{"id":6251,"date":"2022-12-07T10:56:49","date_gmt":"2022-12-07T09:56:49","guid":{"rendered":"https:\/\/kfv-mol.de\/Wordpress\/?p=6251"},"modified":"2023-01-29T15:08:57","modified_gmt":"2023-01-29T14:08:57","slug":"eine-feuerwehrfrau-wird-90","status":"publish","type":"post","link":"https:\/\/kfv-mol.de\/Wordpress\/Artikel\/eine-feuerwehrfrau-wird-90\/","title":{"rendered":"Eine Feuerwehrfrau wird 90"},"content":{"rendered":"\n<p>Kameradin Eleonore G\u00fcnzler, Mitglied der Alters- und Ehrenabteilung der FF Petershagen, wurde am Nikolaustag 90 Jahre alt. Seit 1969 ist die Ehefrau des damaligen Wehrleiters Gerhard G\u00fcnzler Mitglied der Freiwilligen Feuerwehr. Zusammen mit ihrem inzwischen verstorbenen Mann hat sie in den 70er und 80er Jahren die AG &#8222;Junge Brandschutzhelfer&#8220; betreut. Ihr Sohn Frank war 8 Jahre Schatzmeister des Kreisfeuerwehrverbandes. Trotz einer Gehbehinderung findet sie noch heute den Weg zu ihrer Feuerwehr.<\/p>\n\n\n\n<figure class=\"wp-block-image size-large\"><a href=\"https:\/\/kfv-mol.de\/Wordpress\/wp-content\/uploads\/2022\/12\/Scan_20190102.jpg\"><img decoding=\"async\" width=\"706\" height=\"1024\" data-src=\"https:\/\/kfv-mol.de\/Wordpress\/wp-content\/uploads\/2022\/12\/Scan_20190102-706x1024.jpg\" alt=\"\" class=\"wp-image-6253 lazyload\" data-srcset=\"https:\/\/kfv-mol.de\/Wordpress\/wp-content\/uploads\/2022\/12\/Scan_20190102-706x1024.jpg 706w, https:\/\/kfv-mol.de\/Wordpress\/wp-content\/uploads\/2022\/12\/Scan_20190102-207x300.jpg 207w, https:\/\/kfv-mol.de\/Wordpress\/wp-content\/uploads\/2022\/12\/Scan_20190102-768x1114.jpg 768w, https:\/\/kfv-mol.de\/Wordpress\/wp-content\/uploads\/2022\/12\/Scan_20190102.jpg 1014w\" data-sizes=\"(max-width: 706px) 100vw, 706px\" src=\"data:image\/svg+xml;base64,PHN2ZyB3aWR0aD0iMSIgaGVpZ2h0PSIxIiB4bWxucz0iaHR0cDovL3d3dy53My5vcmcvMjAwMC9zdmciPjwvc3ZnPg==\" style=\"--smush-placeholder-width: 706px; --smush-placeholder-aspect-ratio: 706\/1024;\" \/><\/a><\/figure>\n\n\n\n<p>Zum  Geburtstag gratulierten der Leiter der Alters- und Ehrenabteilung des KFV MOL Kamerad Uwe Pranzner und Mitglieder der Petershagener Alters- und Ehrenabteilung. Die Einsatzkr\u00e4fte um Ortswehrf\u00fchrer Tom Kluska \u00fcberbrachten ihre Gl\u00fcckw\u00fcnsche mit einem St\u00e4ndchen und Blaulichtgewitter.<\/p>\n\n\n\n<figure class=\"wp-block-gallery has-nested-images columns-default is-cropped wp-block-gallery-1 is-layout-flex wp-block-gallery-is-layout-flex\">\n<figure class=\"wp-block-image size-large\"><a href=\"https:\/\/kfv-mol.de\/Wordpress\/wp-content\/uploads\/2022\/12\/20221206_151234-scaled.jpg\"><img decoding=\"async\" width=\"1024\" height=\"768\" data-id=\"6255\" data-src=\"https:\/\/kfv-mol.de\/Wordpress\/wp-content\/uploads\/2022\/12\/20221206_151234-1024x768.jpg\" alt=\"\" class=\"wp-image-6255 lazyload\" data-srcset=\"https:\/\/kfv-mol.de\/Wordpress\/wp-content\/uploads\/2022\/12\/20221206_151234-1024x768.jpg 1024w, https:\/\/kfv-mol.de\/Wordpress\/wp-content\/uploads\/2022\/12\/20221206_151234-300x225.jpg 300w, https:\/\/kfv-mol.de\/Wordpress\/wp-content\/uploads\/2022\/12\/20221206_151234-768x576.jpg 768w, https:\/\/kfv-mol.de\/Wordpress\/wp-content\/uploads\/2022\/12\/20221206_151234-1536x1152.jpg 1536w, https:\/\/kfv-mol.de\/Wordpress\/wp-content\/uploads\/2022\/12\/20221206_151234-2048x1536.jpg 2048w\" data-sizes=\"(max-width: 1024px) 100vw, 1024px\" src=\"data:image\/svg+xml;base64,PHN2ZyB3aWR0aD0iMSIgaGVpZ2h0PSIxIiB4bWxucz0iaHR0cDovL3d3dy53My5vcmcvMjAwMC9zdmciPjwvc3ZnPg==\" style=\"--smush-placeholder-width: 1024px; --smush-placeholder-aspect-ratio: 1024\/768;\" \/><\/a><\/figure>\n<\/figure>\n\n\n\n<figure class=\"wp-block-gallery has-nested-images columns-default is-cropped wp-block-gallery-2 is-layout-flex wp-block-gallery-is-layout-flex\">\n<figure class=\"wp-block-image size-large\"><a href=\"https:\/\/kfv-mol.de\/Wordpress\/wp-content\/uploads\/2022\/12\/20221206_151147-scaled.jpg\"><img decoding=\"async\" width=\"1024\" height=\"768\" data-id=\"6263\" data-src=\"https:\/\/kfv-mol.de\/Wordpress\/wp-content\/uploads\/2022\/12\/20221206_151147-1024x768.jpg\" alt=\"\" class=\"wp-image-6263 lazyload\" data-srcset=\"https:\/\/kfv-mol.de\/Wordpress\/wp-content\/uploads\/2022\/12\/20221206_151147-1024x768.jpg 1024w, https:\/\/kfv-mol.de\/Wordpress\/wp-content\/uploads\/2022\/12\/20221206_151147-300x225.jpg 300w, https:\/\/kfv-mol.de\/Wordpress\/wp-content\/uploads\/2022\/12\/20221206_151147-768x576.jpg 768w, https:\/\/kfv-mol.de\/Wordpress\/wp-content\/uploads\/2022\/12\/20221206_151147-1536x1152.jpg 1536w, https:\/\/kfv-mol.de\/Wordpress\/wp-content\/uploads\/2022\/12\/20221206_151147-2048x1536.jpg 2048w\" data-sizes=\"(max-width: 1024px) 100vw, 1024px\" src=\"data:image\/svg+xml;base64,PHN2ZyB3aWR0aD0iMSIgaGVpZ2h0PSIxIiB4bWxucz0iaHR0cDovL3d3dy53My5vcmcvMjAwMC9zdmciPjwvc3ZnPg==\" style=\"--smush-placeholder-width: 1024px; --smush-placeholder-aspect-ratio: 1024\/768;\" \/><\/a><\/figure>\n\n\n\n<figure class=\"wp-block-image size-large\"><a href=\"https:\/\/kfv-mol.de\/Wordpress\/wp-content\/uploads\/2022\/12\/20221206_164444-1-scaled.jpg\"><img decoding=\"async\" width=\"1024\" height=\"768\" data-id=\"6260\" data-src=\"https:\/\/kfv-mol.de\/Wordpress\/wp-content\/uploads\/2022\/12\/20221206_164444-1-1024x768.jpg\" alt=\"\" class=\"wp-image-6260 lazyload\" data-srcset=\"https:\/\/kfv-mol.de\/Wordpress\/wp-content\/uploads\/2022\/12\/20221206_164444-1-1024x768.jpg 1024w, https:\/\/kfv-mol.de\/Wordpress\/wp-content\/uploads\/2022\/12\/20221206_164444-1-300x225.jpg 300w, https:\/\/kfv-mol.de\/Wordpress\/wp-content\/uploads\/2022\/12\/20221206_164444-1-768x576.jpg 768w, https:\/\/kfv-mol.de\/Wordpress\/wp-content\/uploads\/2022\/12\/20221206_164444-1-1536x1153.jpg 1536w, https:\/\/kfv-mol.de\/Wordpress\/wp-content\/uploads\/2022\/12\/20221206_164444-1-2048x1537.jpg 2048w\" data-sizes=\"(max-width: 1024px) 100vw, 1024px\" src=\"data:image\/svg+xml;base64,PHN2ZyB3aWR0aD0iMSIgaGVpZ2h0PSIxIiB4bWxucz0iaHR0cDovL3d3dy53My5vcmcvMjAwMC9zdmciPjwvc3ZnPg==\" style=\"--smush-placeholder-width: 1024px; --smush-placeholder-aspect-ratio: 1024\/768;\" \/><\/a><\/figure>\n\n\n\n<figure class=\"wp-block-image size-large\"><a href=\"https:\/\/kfv-mol.de\/Wordpress\/wp-content\/uploads\/2022\/12\/IMG-20221206-WA0001.jpg\"><img decoding=\"async\" width=\"576\" height=\"1024\" data-id=\"6257\" data-src=\"https:\/\/kfv-mol.de\/Wordpress\/wp-content\/uploads\/2022\/12\/IMG-20221206-WA0001-576x1024.jpg\" alt=\"\" class=\"wp-image-6257 lazyload\" data-srcset=\"https:\/\/kfv-mol.de\/Wordpress\/wp-content\/uploads\/2022\/12\/IMG-20221206-WA0001-576x1024.jpg 576w, https:\/\/kfv-mol.de\/Wordpress\/wp-content\/uploads\/2022\/12\/IMG-20221206-WA0001-169x300.jpg 169w, https:\/\/kfv-mol.de\/Wordpress\/wp-content\/uploads\/2022\/12\/IMG-20221206-WA0001-768x1365.jpg 768w, https:\/\/kfv-mol.de\/Wordpress\/wp-content\/uploads\/2022\/12\/IMG-20221206-WA0001-864x1536.jpg 864w, https:\/\/kfv-mol.de\/Wordpress\/wp-content\/uploads\/2022\/12\/IMG-20221206-WA0001.jpg 1125w\" data-sizes=\"(max-width: 576px) 100vw, 576px\" src=\"data:image\/svg+xml;base64,PHN2ZyB3aWR0aD0iMSIgaGVpZ2h0PSIxIiB4bWxucz0iaHR0cDovL3d3dy53My5vcmcvMjAwMC9zdmciPjwvc3ZnPg==\" style=\"--smush-placeholder-width: 576px; --smush-placeholder-aspect-ratio: 576\/1024;\" \/><\/a><\/figure>\n\n\n\n<figure class=\"wp-block-image size-large\"><a href=\"https:\/\/kfv-mol.de\/Wordpress\/wp-content\/uploads\/2022\/12\/20221206_170243-scaled.jpg\"><img decoding=\"async\" width=\"1024\" height=\"768\" data-id=\"6261\" data-src=\"https:\/\/kfv-mol.de\/Wordpress\/wp-content\/uploads\/2022\/12\/20221206_170243-1024x768.jpg\" alt=\"\" class=\"wp-image-6261 lazyload\" data-srcset=\"https:\/\/kfv-mol.de\/Wordpress\/wp-content\/uploads\/2022\/12\/20221206_170243-1024x768.jpg 1024w, https:\/\/kfv-mol.de\/Wordpress\/wp-content\/uploads\/2022\/12\/20221206_170243-300x225.jpg 300w, https:\/\/kfv-mol.de\/Wordpress\/wp-content\/uploads\/2022\/12\/20221206_170243-768x576.jpg 768w, https:\/\/kfv-mol.de\/Wordpress\/wp-content\/uploads\/2022\/12\/20221206_170243-1536x1152.jpg 1536w, https:\/\/kfv-mol.de\/Wordpress\/wp-content\/uploads\/2022\/12\/20221206_170243-2048x1536.jpg 2048w\" data-sizes=\"(max-width: 1024px) 100vw, 1024px\" src=\"data:image\/svg+xml;base64,PHN2ZyB3aWR0aD0iMSIgaGVpZ2h0PSIxIiB4bWxucz0iaHR0cDovL3d3dy53My5vcmcvMjAwMC9zdmciPjwvc3ZnPg==\" style=\"--smush-placeholder-width: 1024px; --smush-placeholder-aspect-ratio: 1024\/768;\" \/><\/a><\/figure>\n\n\n\n<figure class=\"wp-block-image size-large\"><a href=\"https:\/\/kfv-mol.de\/Wordpress\/wp-content\/uploads\/2022\/12\/IMG-20221206-WA0007.jpg\"><img decoding=\"async\" width=\"1024\" height=\"577\" data-id=\"6259\" data-src=\"https:\/\/kfv-mol.de\/Wordpress\/wp-content\/uploads\/2022\/12\/IMG-20221206-WA0007-1024x577.jpg\" alt=\"\" class=\"wp-image-6259 lazyload\" data-srcset=\"https:\/\/kfv-mol.de\/Wordpress\/wp-content\/uploads\/2022\/12\/IMG-20221206-WA0007-1024x577.jpg 1024w, https:\/\/kfv-mol.de\/Wordpress\/wp-content\/uploads\/2022\/12\/IMG-20221206-WA0007-300x169.jpg 300w, https:\/\/kfv-mol.de\/Wordpress\/wp-content\/uploads\/2022\/12\/IMG-20221206-WA0007-768x432.jpg 768w, https:\/\/kfv-mol.de\/Wordpress\/wp-content\/uploads\/2022\/12\/IMG-20221206-WA0007-1536x865.jpg 1536w, https:\/\/kfv-mol.de\/Wordpress\/wp-content\/uploads\/2022\/12\/IMG-20221206-WA0007.jpg 2000w\" data-sizes=\"(max-width: 1024px) 100vw, 1024px\" src=\"data:image\/svg+xml;base64,PHN2ZyB3aWR0aD0iMSIgaGVpZ2h0PSIxIiB4bWxucz0iaHR0cDovL3d3dy53My5vcmcvMjAwMC9zdmciPjwvc3ZnPg==\" style=\"--smush-placeholder-width: 1024px; --smush-placeholder-aspect-ratio: 1024\/577;\" \/><\/a><\/figure>\n\n\n\n<figure class=\"wp-block-image size-large\"><a href=\"https:\/\/kfv-mol.de\/Wordpress\/wp-content\/uploads\/2022\/12\/IMG-20221206-WA0008.jpg\"><img decoding=\"async\" width=\"1024\" height=\"577\" data-id=\"6258\" data-src=\"https:\/\/kfv-mol.de\/Wordpress\/wp-content\/uploads\/2022\/12\/IMG-20221206-WA0008-1024x577.jpg\" alt=\"\" class=\"wp-image-6258 lazyload\" data-srcset=\"https:\/\/kfv-mol.de\/Wordpress\/wp-content\/uploads\/2022\/12\/IMG-20221206-WA0008-1024x577.jpg 1024w, https:\/\/kfv-mol.de\/Wordpress\/wp-content\/uploads\/2022\/12\/IMG-20221206-WA0008-300x169.jpg 300w, https:\/\/kfv-mol.de\/Wordpress\/wp-content\/uploads\/2022\/12\/IMG-20221206-WA0008-768x432.jpg 768w, https:\/\/kfv-mol.de\/Wordpress\/wp-content\/uploads\/2022\/12\/IMG-20221206-WA0008-1536x865.jpg 1536w, https:\/\/kfv-mol.de\/Wordpress\/wp-content\/uploads\/2022\/12\/IMG-20221206-WA0008.jpg 2000w\" data-sizes=\"(max-width: 1024px) 100vw, 1024px\" src=\"data:image\/svg+xml;base64,PHN2ZyB3aWR0aD0iMSIgaGVpZ2h0PSIxIiB4bWxucz0iaHR0cDovL3d3dy53My5vcmcvMjAwMC9zdmciPjwvc3ZnPg==\" style=\"--smush-placeholder-width: 1024px; --smush-placeholder-aspect-ratio: 1024\/577;\" \/><\/a><\/figure>\n<\/figure>\n","protected":false},"excerpt":{"rendered":"<p>Kameradin Eleonore G\u00fcnzler, Mitglied der Alters- und Ehrenabteilung der FF Petershagen, wurde am Nikolaustag 90 Jahre alt. Seit 1969 ist die Ehefrau des damaligen Wehrleiters Gerhard G\u00fcnzler Mitglied der Freiwilligen Feuerwehr. Zusammen mit ihrem inzwischen verstorbenen Mann hat sie in den 70er und 80er Jahren die AG &#8222;Junge Brandschutzhelfer&#8220; betreut. Ihr Sohn Frank war 8 [&hellip;]<\/p>\n","protected":false},"author":3,"featured_media":6254,"comment_status":"closed","ping_status":"closed","sticky":false,"template":"","format":"standard","meta":{"footnotes":""},"categories":[20],"tags":[],"class_list":["post-6251","post","type-post","status-publish","format-standard","has-post-thumbnail","hentry","category-jubilaeum"],"_links":{"self":[{"href":"https:\/\/kfv-mol.de\/Wordpress\/wp-json\/wp\/v2\/posts\/6251","targetHints":{"allow":["GET"]}}],"collection":[{"href":"https:\/\/kfv-mol.de\/Wordpress\/wp-json\/wp\/v2\/posts"}],"about":[{"href":"https:\/\/kfv-mol.de\/Wordpress\/wp-json\/wp\/v2\/types\/post"}],"author":[{"embeddable":true,"href":"https:\/\/kfv-mol.de\/Wordpress\/wp-json\/wp\/v2\/users\/3"}],"replies":[{"embeddable":true,"href":"https:\/\/kfv-mol.de\/Wordpress\/wp-json\/wp\/v2\/comments?post=6251"}],"version-history":[{"count":0,"href":"https:\/\/kfv-mol.de\/Wordpress\/wp-json\/wp\/v2\/posts\/6251\/revisions"}],"wp:featuredmedia":[{"embeddable":true,"href":"https:\/\/kfv-mol.de\/Wordpress\/wp-json\/wp\/v2\/media\/6254"}],"wp:attachment":[{"href":"https:\/\/kfv-mol.de\/Wordpress\/wp-json\/wp\/v2\/media?parent=6251"}],"wp:term":[{"taxonomy":"category","embeddable":true,"href":"https:\/\/kfv-mol.de\/Wordpress\/wp-json\/wp\/v2\/categories?post=6251"},{"taxonomy":"post_tag","embeddable":true,"href":"https:\/\/kfv-mol.de\/Wordpress\/wp-json\/wp\/v2\/tags?post=6251"}],"curies":[{"name":"wp","href":"https:\/\/api.w.org\/{rel}","templated":true}]}}